{"id":46983,"date":"2022-07-15T11:57:19","date_gmt":"2022-07-15T09:57:19","guid":{"rendered":"https:\/\/www.autismeurope.org\/fr\/?p=46983"},"modified":"2022-08-17T12:00:41","modified_gmt":"2022-08-17T10:00:41","slug":"presentation-des-resultats-du-projet-autism-friendly-spaces-au-parlement-europeen","status":"publish","type":"post","link":"https:\/\/www.autismeurope.org\/fr\/blog\/2022\/07\/15\/presentation-des-resultats-du-projet-autism-friendly-spaces-au-parlement-europeen\/","title":{"rendered":"Pr\u00e9sentation des r\u00e9sultats du projet Autism Friendly Spaces au Parlement europ\u00e9en"},"content":{"rendered":"<blockquote><p><span style=\"font-size: 12pt\"><strong>Le 13 juillet 2022, Autisme-Europe (AE) a organis\u00e9 la conf\u00e9rence internationale finale du projet Autism Friendly Spaces (AFS) au Parlement europ\u00e9en en format hybride. L\u2019\u00e9v\u00e9nement a \u00e9t\u00e9 accueilli par l\u2019eurod\u00e9put\u00e9 (MPE) Alex Agius Saliba et par la ministre de l\u2019inclusion de Malte Hon. Julia Farrugia Portelli.<\/strong><\/span><\/p><\/blockquote>\n<p><span style=\"font-size: 12pt\">Le projet Autism Friendly Spaces (AFS), qui a d\u00e9marr\u00e9 en octobre 2019, visait \u00e0 promouvoir une soci\u00e9t\u00e9 plus accessible et la participation des jeunes autistes aux activit\u00e9s sociales. L&rsquo;un des principaux objectifs de ce projet \u00e9tait de promouvoir un meilleur acc\u00e8s aux espaces publics et priv\u00e9s, par le biais d&rsquo;un syst\u00e8me de certification \u00ab\u00a0Autism Friendly Spaces\u00a0\u00bb et d&rsquo;une campagne de sensibilisation \u00e0 l&rsquo;\u00e9chelle nationale.\u00a0 Un autre objectif \u00e9tait de former les \u00e9ducateurs et les travailleurs de jeunesse sur l&rsquo;autisme et de leur fournir des strat\u00e9gies pour promouvoir l&rsquo;inclusion des \u00e9tudiants\/jeunes autistes.<\/span><\/p>\n<p><span style=\"font-size: 12pt\">\u00c0 cette fin, les partenaires du projet AFS ont cr\u00e9\u00e9 et mis en \u0153uvre quatre modules en ligne, facilement accessibles et tr\u00e8s instructifs pour les \u00e9ducateurs et les travailleurs de jeunesse. Ils ont \u00e9galement mis en place un syst\u00e8me de certification permettant aux secteurs priv\u00e9s et aux entit\u00e9s publiques de rendre leurs espaces \u00ab\u00a0Autism Friendly\u00a0\u00bb, c&rsquo;est \u00e0 dire adapt\u00e9s \u00e0 l&rsquo;autisme.<\/span><\/p>\n<p><span style=\"font-size: 12pt\"><strong>Promouvoir une soci\u00e9t\u00e9 Autism-Friendly partout en Europe<\/strong><\/span><\/p>\n<p><span style=\"font-size: 12pt\">L&rsquo;eurod\u00e9put\u00e9 Alex Agius Saliba, vice-pr\u00e9sident de la commission des p\u00e9titions du Parlement europ\u00e9en, et la ministre de l&rsquo;inclusion de Malte, l&rsquo;honorable Julia Farrugia Portelli ont ouvert la conf\u00e9rence. Aur\u00e9lie Baranger, directrice d&rsquo;Autisme-Europe, a soulign\u00e9, dans son discours de bienvenue, l&rsquo;importance de promouvoir l&rsquo;acc\u00e8s universel et une soci\u00e9t\u00e9 adapt\u00e9e \u00e0 l&rsquo;autisme \u00e0 travers l&rsquo;Europe.<\/span><\/p>\n<p><span style=\"font-size: 12pt\">Les participants, originaires de toute l\u2019Europe, ont \u00e9t\u00e9 inform\u00e9s des r\u00e9sultats du projet AFS dans les pays participants.<\/span><\/p>\n<p><span style=\"font-size: 12pt\">Margaret White de Prisms Malta, coordinatrice du projet, a pr\u00e9sent\u00e9 les objectifs g\u00e9n\u00e9raux et les activit\u00e9s du projet. Au cours de celui-ci, des modules en ligne ont \u00e9t\u00e9 cr\u00e9\u00e9s pour donner des informations et sensibiliser \u00e0 ce que l&rsquo;autisme implique dans divers domaines de la vie. Les apprenants qui ont suivi les quatre modules ont re\u00e7u un certificat approuv\u00e9 par le Comit\u00e9 CDPH et Autisme-Europe.<\/span><\/p>\n<p><span style=\"font-size: 12pt\">Les modules en ligne sont disponibles \u00e0 ce lien : <a href=\"https:\/\/autismfriendlyspaces.eu\/online-modules\">Online modules | AutismFriendlySpaces<\/a><\/span><\/p>\n<p><span style=\"font-size: 12pt\">Les partenaires du projet ont d\u00e9velopp\u00e9 des <a href=\"https:\/\/www.autismfriendlyspaces.eu\/documents\/Criteria%20for%20AFS%20Quality%20Label.pdf\">crit\u00e8res pour le label de qualit\u00e9 AFS<\/a> et ont invit\u00e9 les entreprises \u00e0 devenir plus accueillantes envers les personnes autistes et leurs familles. Un certain nombre d&rsquo;entreprises ont re\u00e7u le prix \u00ab\u00a0Autism Friendly Spaces\u00a0\u00bb.<\/span><\/p>\n<p><span style=\"font-size: 12pt\">Vous trouverez la liste des \u00e9tablissements AFS ici : <a href=\"https:\/\/autismfriendlyspaces.eu\/home\">Home | AutismFriendlySpaces<\/a>.<\/span><\/p>\n<p><span style=\"font-size: 12pt\">La liste des prix AFS est disponible ici : <a href=\"https:\/\/autismfriendlyspaces.eu\/page\/afs-awards\">Page | AutismFriendlySpaces<\/a>.<\/span><\/p>\n<p><span style=\"font-size: 12pt\">Heritage Malta, l&rsquo;entreprise McDonald de Malte, la Commission pour les droits des personnes handicap\u00e9es de Malte et la Soci\u00e9t\u00e9 scientifique mac\u00e9donienne pour l&rsquo;autisme en Mac\u00e9doine du Nord, partenaires du projet AFS, ont partag\u00e9 leurs exp\u00e9riences et leurs bonnes pratiques sur la fa\u00e7on de rendre les espaces publics tels que les mus\u00e9es, les restaurants, les lieux de travail et les \u00e9coles plus accessibles aux personnes autistes.<\/span><\/p>\n<p><span style=\"font-size: 12pt\">D&rsquo;autres vid\u00e9os de bonnes pratiques ont \u00e9galement \u00e9t\u00e9 pr\u00e9sent\u00e9es lors de l&rsquo;\u00e9v\u00e9nement final. Vous pouvez trouver les vid\u00e9os ici : <a href=\"https:\/\/autismfriendlyspaces.eu\/page\/afs-awards\">Page | AutismFriendlySpaces<\/a><\/span><\/p>\n<p><span style=\"font-size: 12pt\">\u00c0 la fin de l&rsquo;\u00e9v\u00e9nement, l\u2019eurod\u00e9put\u00e9 Alex Agius Saliba a soulign\u00e9 que la pression politique se poursuivra pour que les soci\u00e9t\u00e9s deviennent plus inclusives.<\/span><\/p>\n<p><span style=\"font-size: 12pt\">Ce travail se poursuivra sur le th\u00e8me de l\u2019acc\u00e8s \u00e0 l\u2019emploi pour les personnes autistes par le biais d\u2019un nouveau projet d\u00e9riv\u00e9\u00a0: <a href=\"https:\/\/www.autismeurope.org\/blog\/what-we-do\/autism-friendly-spaces-the-employability-twist\/\">Autism-friendly spaces: The employability twist \u2013 Autism Europe<\/a><\/span><\/p>\n<p><span style=\"font-size: 12pt\">Vous trouverez la <strong><a href=\"https:\/\/youtu.be\/60cZSjfL0-8\">vid\u00e9o de l\u2019int\u00e9grit\u00e9 de l\u2019\u00e9v\u00e9nement qui a eu lieu au Parlement europ\u00e9en \u00e0 ce lien<\/a><\/strong><\/span><\/p>\n<p><span style=\"font-size: 12pt\"><strong>En savoir plus sur le projet : <\/strong><a href=\"https:\/\/autismfriendlyspaces.eu\/home\">Home | AutismFriendlySpaces<\/a><\/span><\/p>\n","protected":false},"excerpt":{"rendered":"<p>Le 13 juillet 2022, Autisme-Europe (AE) a organis\u00e9 la conf\u00e9rence internationale finale du projet Autism Friendly Spaces (AFS) au Parlement europ\u00e9en en format hybride. L\u2019\u00e9v\u00e9nement a \u00e9t\u00e9 accueilli par l\u2019eurod\u00e9put\u00e9 &hellip; <\/p>\n<p class=\"link-more\"><a href=\"https:\/\/www.autismeurope.org\/fr\/blog\/2022\/07\/15\/presentation-des-resultats-du-projet-autism-friendly-spaces-au-parlement-europeen\/\" class=\"more-link\">Continue reading<span class=\"screen-reader-text\"> \u00ab\u00a0Pr\u00e9sentation des r\u00e9sultats du projet Autism Friendly Spaces au Parlement europ\u00e9en\u00a0\u00bb<\/span><\/a><\/p>\n","protected":false},"author":32,"featured_media":46981,"comment_status":"closed","ping_status":"closed","sticky":false,"template":"","format":"standard","meta":{"_acf_changed":false,"_bbp_topic_count":0,"_bbp_reply_count":0,"_bbp_total_topic_count":0,"_bbp_total_reply_count":0,"_bbp_voice_count":0,"_bbp_anonymous_reply_count":0,"_bbp_topic_count_hidden":0,"_bbp_reply_count_hidden":0,"_bbp_forum_subforum_count":0,"footnotes":""},"categories":[95],"tags":[],"class_list":["post-46983","post","type-post","status-publish","format-standard","has-post-thumbnail","hentry","category-news-fr"],"acf":[],"_links":{"self":[{"href":"https:\/\/www.autismeurope.org\/fr\/wp-json\/wp\/v2\/posts\/46983","targetHints":{"allow":["GET"]}}],"collection":[{"href":"https:\/\/www.autismeurope.org\/fr\/wp-json\/wp\/v2\/posts"}],"about":[{"href":"https:\/\/www.autismeurope.org\/fr\/wp-json\/wp\/v2\/types\/post"}],"author":[{"embeddable":true,"href":"https:\/\/www.autismeurope.org\/fr\/wp-json\/wp\/v2\/users\/32"}],"replies":[{"embeddable":true,"href":"https:\/\/www.autismeurope.org\/fr\/wp-json\/wp\/v2\/comments?post=46983"}],"version-history":[{"count":1,"href":"https:\/\/www.autismeurope.org\/fr\/wp-json\/wp\/v2\/posts\/46983\/revisions"}],"predecessor-version":[{"id":46984,"href":"https:\/\/www.autismeurope.org\/fr\/wp-json\/wp\/v2\/posts\/46983\/revisions\/46984"}],"wp:featuredmedia":[{"embeddable":true,"href":"https:\/\/www.autismeurope.org\/fr\/wp-json\/wp\/v2\/media\/46981"}],"wp:attachment":[{"href":"https:\/\/www.autismeurope.org\/fr\/wp-json\/wp\/v2\/media?parent=46983"}],"wp:term":[{"taxonomy":"category","embeddable":true,"href":"https:\/\/www.autismeurope.org\/fr\/wp-json\/wp\/v2\/categories?post=46983"},{"taxonomy":"post_tag","embeddable":true,"href":"https:\/\/www.autismeurope.org\/fr\/wp-json\/wp\/v2\/tags?post=46983"}],"curies":[{"name":"wp","href":"https:\/\/api.w.org\/{rel}","templated":true}]}}