{"id":47061,"date":"2022-10-28T15:12:09","date_gmt":"2022-10-28T13:12:09","guid":{"rendered":"https:\/\/www.autismeurope.org\/fr\/?p=47061"},"modified":"2022-12-14T14:55:49","modified_gmt":"2022-12-14T13:55:49","slug":"autisme-europe-se-joint-a-lappel-lance-a-lobservatoire-europeen-des-droits-de-lhomme-sur-la-promotion-des-soins-de-sante-mentale-volontaires","status":"publish","type":"post","link":"https:\/\/www.autismeurope.org\/fr\/blog\/2022\/10\/28\/autisme-europe-se-joint-a-lappel-lance-a-lobservatoire-europeen-des-droits-de-lhomme-sur-la-promotion-des-soins-de-sante-mentale-volontaires\/","title":{"rendered":"Autisme-Europe appelle \u00e0 promouvoir les soins de sant\u00e9 mentale volontaires"},"content":{"rendered":"<blockquote><p><span style=\"font-size: 12pt\"><strong>Aux c\u00f4t\u00e9s de plusieurs associations europ\u00e9ennes de personnes handicap\u00e9es et de sant\u00e9 mentale, Autisme-Europe appelle le Conseil de l&rsquo;Europe, une organisation internationale bas\u00e9e \u00e0 Strasbourg qui supervise les droits de l&rsquo;homme de ses 46 pays membres europ\u00e9ens, \u00e0 maintenir ses engagements en mati\u00e8re de pratiques volontaires de soins de sant\u00e9 mentale.<\/strong><\/span><\/p><\/blockquote>\n<p><span style=\"font-size: 12pt\">Autisme-Europe, en collaboration avec le Forum europ\u00e9en des personnes handicap\u00e9es (FEPH), Inclusion Europe, Sant\u00e9 mentale Europe (SME), Validity, le R\u00e9seau europ\u00e9en des (ex-)usagers et survivants de la psychiatrie (ENUSP) et l&rsquo;Association europ\u00e9enne des prestataires de services pour les personnes handicap\u00e9es (EASPD), appelle le Comit\u00e9 directeur pour les droits de l&rsquo;homme dans les domaines de la biom\u00e9decine et de la sant\u00e9 (CD-BIO) du Conseil de l&rsquo;Europe (CoE) \u00e0 maintenir son engagement en faveur des services de soins de sant\u00e9 mentale volontaires.<\/span><\/p>\n<p><span style=\"font-size: 12pt\">Cet appel intervient en amont de la r\u00e9union du CD-BIO qui se tiendra le 2 novembre 2022 \u00e0 Strasbourg, en France, et qui examinera les recommandations adress\u00e9es aux \u00c9tats membres du Conseil de l&rsquo;Europe pour promouvoir l&rsquo;utilisation de mesures volontaires dans les services de soins de sant\u00e9 mentale. AE et les autres associations signataires se f\u00e9licitent explicitement de l&rsquo;\u00e9laboration de ces recommandations, n\u00e9cessaires pour r\u00e9former les syst\u00e8mes de sant\u00e9 mentale, conform\u00e9ment aux obligations contract\u00e9es par 45 des 46 \u00c9tats membres du Conseil de l\u2019Europe en vertu de la Convention des Nations unies relative aux droits des personnes handicap\u00e9es (CNDPH). Selon les dispositions de la CNUDPH, les Etats parties doivent se concentrer sur les principes et les mesures n\u00e9cessaires, non seulement pour diminuer la coercition dans les services de soins de sant\u00e9 mentale, mais aussi pour \u00e9liminer ces violations des droits de l&rsquo;homme.<\/span><\/p>\n<p><span style=\"font-size: 12pt\">En outre, l&rsquo;appel conjoint r\u00e9it\u00e8re son soutien \u00e0 la d\u00e9cision du Comit\u00e9 des Ministres (repr\u00e9sentant les gouvernements des 46 Etats membres du Conseil de l&rsquo;Europe) de suspendre la transmission pour avis du projet de protocole additionnel \u00e0 la Convention d&rsquo;Oviedo \u00e0 l&rsquo;Assembl\u00e9e parlementaire du Conseil de l&rsquo;Europe (APCE), compos\u00e9e de repr\u00e9sentants des parlements nationaux des membres du Conseil de l&rsquo;Europe. Au lieu de cela, le Comit\u00e9 des Ministres a charg\u00e9 le CD-BIO de r\u00e9diger les recommandations susmentionn\u00e9es.<\/span><\/p>\n<blockquote><p><strong><a href=\"https:\/\/www.autismeurope.org\/wp-content\/uploads\/2022\/10\/Joint-position-on-the-outlines-CD-BIO-recommendations_FINAL.pdf\"><span style=\"font-size: 12pt\">Lisez l&rsquo;appel conjoint complet ici.<\/span><\/a><\/strong><\/p><\/blockquote>\n<p><span style=\"font-size: 12pt\"><strong><em>Qu\u2019est-ce que la Convention d\u2019Oviedo et son protocole additionnel ?<\/em><\/strong><\/span><\/p>\n<p><span style=\"font-size: 12pt\">La Convention pour la protection des droits de l&rsquo;homme et de la dignit\u00e9 de l&rsquo;\u00eatre humain \u00e0 l&rsquo;\u00e9gard des applications de la biologie et de la m\u00e9decine a \u00e9t\u00e9 sign\u00e9e en 1997 \u00e0 Oviedo, en Espagne, et mise en \u0153uvre en 1999. La Convention d&rsquo;Oviedo a \u00e9t\u00e9 cr\u00e9\u00e9e par le Conseil de l&rsquo;Europe et est le seul instrument international juridiquement contraignant qui interdit l&rsquo;utilisation abusive des innovations en biom\u00e9decine et prot\u00e8ge la dignit\u00e9 humaine. Il s&rsquo;agit d&rsquo;une avanc\u00e9e consid\u00e9rable dans la protection des personnes handicap\u00e9es contre les recherches d\u00e9l\u00e9t\u00e8res et les pratiques connexes. Cependant, jusqu&rsquo;\u00e0 r\u00e9cemment, un \u00ab\u00a0protocole additionnel relatif \u00e0 la protection des droits de l&rsquo;homme et de la dignit\u00e9 des personnes atteintes de troubles mentaux \u00e0 l&rsquo;\u00e9gard du placement et du traitement involontaires\u00a0\u00bb a \u00e9t\u00e9 r\u00e9dig\u00e9. Autisme-Europe s&rsquo;inqui\u00e8te du fait que ce protocole additionnel viole le texte et l&rsquo;esprit de la CDPH. Il est \u00e0 craindre que le protocole ne conduise \u00e0 une plus grande institutionnalisation ou \u00e0 un traitement forc\u00e9 des personnes handicap\u00e9es et qu&rsquo;il ne cr\u00e9e un conflit entre les obligations l\u00e9gales des \u00c9tats membres du Conseil de l&rsquo;Europe envers la CDPH. Compte tenu de ces pr\u00e9occupations, Autisme-Europe a uni ses forces \u00e0 celles d&rsquo;autres organisations europ\u00e9ennes de personnes handicap\u00e9es pour demander le retrait du projet de protocole additionnel. <a href=\"https:\/\/www.autismeurope.org\/blog\/2022\/06\/08\/joint-statement-welcoming-the-suspension-of-the-adoption-of-the-draft-additional-protocol-to-the-oviedo-convention\/\">Le gel temporaire du processus d&rsquo;adoption du protocole additionnel en mai 2022 a \u00e9t\u00e9 une \u00e9tape importante dans les efforts conjoints men\u00e9s depuis pr\u00e8s de dix ans<\/a>.<\/span><\/p>\n<p><strong><span style=\"font-size: 12pt\">Informations sur la campagne \u00ab\u00a0<a href=\"https:\/\/www.autismeurope.org\/what-we-do\/rights-promotion\/withdraw-the-additional-protocol-to-the-oviedo-convention\/\">Withdraw Oviedo\u00a0<\/a>\u00bb<\/span><\/strong><\/p>\n","protected":false},"excerpt":{"rendered":"<p>Aux c\u00f4t\u00e9s de plusieurs associations europ\u00e9ennes de personnes handicap\u00e9es et de sant\u00e9 mentale, Autisme-Europe appelle le Conseil de l&rsquo;Europe, une organisation internationale bas\u00e9e \u00e0 Strasbourg qui supervise les droits de &hellip; <\/p>\n<p class=\"link-more\"><a href=\"https:\/\/www.autismeurope.org\/fr\/blog\/2022\/10\/28\/autisme-europe-se-joint-a-lappel-lance-a-lobservatoire-europeen-des-droits-de-lhomme-sur-la-promotion-des-soins-de-sante-mentale-volontaires\/\" class=\"more-link\">Continue reading<span class=\"screen-reader-text\"> \u00ab\u00a0Autisme-Europe appelle \u00e0 promouvoir les soins de sant\u00e9 mentale volontaires\u00a0\u00bb<\/span><\/a><\/p>\n","protected":false},"author":32,"featured_media":44693,"comment_status":"closed","ping_status":"closed","sticky":false,"template":"","format":"standard","meta":{"_acf_changed":false,"_bbp_topic_count":0,"_bbp_reply_count":0,"_bbp_total_topic_count":0,"_bbp_total_reply_count":0,"_bbp_voice_count":0,"_bbp_anonymous_reply_count":0,"_bbp_topic_count_hidden":0,"_bbp_reply_count_hidden":0,"_bbp_forum_subforum_count":0,"footnotes":""},"categories":[95],"tags":[],"class_list":["post-47061","post","type-post","status-publish","format-standard","has-post-thumbnail","hentry","category-news-fr"],"acf":[],"_links":{"self":[{"href":"https:\/\/www.autismeurope.org\/fr\/wp-json\/wp\/v2\/posts\/47061","targetHints":{"allow":["GET"]}}],"collection":[{"href":"https:\/\/www.autismeurope.org\/fr\/wp-json\/wp\/v2\/posts"}],"about":[{"href":"https:\/\/www.autismeurope.org\/fr\/wp-json\/wp\/v2\/types\/post"}],"author":[{"embeddable":true,"href":"https:\/\/www.autismeurope.org\/fr\/wp-json\/wp\/v2\/users\/32"}],"replies":[{"embeddable":true,"href":"https:\/\/www.autismeurope.org\/fr\/wp-json\/wp\/v2\/comments?post=47061"}],"version-history":[{"count":3,"href":"https:\/\/www.autismeurope.org\/fr\/wp-json\/wp\/v2\/posts\/47061\/revisions"}],"predecessor-version":[{"id":47203,"href":"https:\/\/www.autismeurope.org\/fr\/wp-json\/wp\/v2\/posts\/47061\/revisions\/47203"}],"wp:featuredmedia":[{"embeddable":true,"href":"https:\/\/www.autismeurope.org\/fr\/wp-json\/wp\/v2\/media\/44693"}],"wp:attachment":[{"href":"https:\/\/www.autismeurope.org\/fr\/wp-json\/wp\/v2\/media?parent=47061"}],"wp:term":[{"taxonomy":"category","embeddable":true,"href":"https:\/\/www.autismeurope.org\/fr\/wp-json\/wp\/v2\/categories?post=47061"},{"taxonomy":"post_tag","embeddable":true,"href":"https:\/\/www.autismeurope.org\/fr\/wp-json\/wp\/v2\/tags?post=47061"}],"curies":[{"name":"wp","href":"https:\/\/api.w.org\/{rel}","templated":true}]}}