{"id":47179,"date":"2022-10-06T17:39:45","date_gmt":"2022-10-06T15:39:45","guid":{"rendered":"https:\/\/www.autismeurope.org\/fr\/?p=47179"},"modified":"2022-12-09T17:41:50","modified_gmt":"2022-12-09T16:41:50","slug":"le-parlement-europeen-vote-en-faveur-dun-centre-europeen-de-laccessibilite-renforce","status":"publish","type":"post","link":"https:\/\/www.autismeurope.org\/fr\/blog\/2022\/10\/06\/le-parlement-europeen-vote-en-faveur-dun-centre-europeen-de-laccessibilite-renforce\/","title":{"rendered":"Le parlement Europ\u00e9en vote en faveur d\u2019un centre europ\u00e9en de l\u2019accessibilit\u00e9 renforc\u00e9"},"content":{"rendered":"<blockquote><p><span style=\"font-size: 12pt\"><strong>Le 4 octobre, le Parlement europ\u00e9en a vot\u00e9 un rapport en faveur d&rsquo;un centre de l&rsquo;accessibilit\u00e9 renforc\u00e9 (une initiative phare de la strat\u00e9gie de la Commission europ\u00e9enne pour les droits des personnes handicap\u00e9es 2021-2030). Initi\u00e9 par la d\u00e9put\u00e9e europ\u00e9enne Katrin Langensiepen, le rapport, adopt\u00e9 par une large majorit\u00e9 parlementaire et r\u00e9dig\u00e9 en consultation avec les communaut\u00e9s europ\u00e9ennes de personnes handicap\u00e9es, sugg\u00e9rait l&rsquo;option de cr\u00e9er une nouvelle agence europ\u00e9enne charg\u00e9e de toutes les politiques en mati\u00e8re de handicap.<\/strong><\/span><\/p><\/blockquote>\n<p><span style=\"font-size: 12pt\"><br \/>\nLe rapport d&rsquo;initiative de l&rsquo;eurod\u00e9put\u00e9e allemande Langensiepen, pr\u00e9par\u00e9 en consultation avec le Forum europ\u00e9en des personnes handicap\u00e9es et d&rsquo;autres acteurs nationaux, a \u00e9t\u00e9 adopt\u00e9 par 611 d\u00e9put\u00e9s.<\/span><\/p>\n<p><span style=\"font-size: 12pt\">Le vote a \u00e9t\u00e9 pr\u00e9c\u00e9d\u00e9 d&rsquo;un d\u00e9bat d&rsquo;une heure, ouvert par la rapporteuse Langensiepen qui a salu\u00e9 l&rsquo;initiative. Elle a demand\u00e9 un financement et un personnel ad\u00e9quats, ainsi que la participation directe des personnes handicap\u00e9es. La commissaire europ\u00e9enne \u00e0 l&rsquo;\u00e9galit\u00e9, Helena Dalli (Malte) a indiqu\u00e9 que le centre de ressources AccessibleEU serait un guichet unique pour les questions de politique du handicap. Elle a pr\u00e9cis\u00e9 que le contrat pour sa cr\u00e9ation devrait \u00eatre sign\u00e9 d&rsquo;ici la fin 2022 apr\u00e8s un appel d&rsquo;offres.<\/span><\/p>\n<p><span style=\"font-size: 12pt\">Le d\u00e9bat s&rsquo;est poursuivi avec la participation de 24 autres d\u00e9put\u00e9s europ\u00e9ens de 15 \u00c9tats membres de l&rsquo;UE, qui se sont pench\u00e9s sur les diff\u00e9rents probl\u00e8mes d&rsquo;accessibilit\u00e9 rencontr\u00e9s par les personnes handicap\u00e9es en Europe et sur le champ d&rsquo;action du centre AccessibleEU. Parmi eux, l&rsquo;eurod\u00e9put\u00e9e Anne-Sophie Pelletier (France) a fortement fait \u00e9cho \u00e0 la proposition de ressources financi\u00e8res et humaines suffisantes pour le fonctionnement du centre, ainsi qu&rsquo;\u00e0 la repr\u00e9sentation des personnes handicap\u00e9es parmi le personnel du centre. Le d\u00e9put\u00e9 europ\u00e9en \u00c1d\u00e1m K\u00f3sa (Hongrie) a demand\u00e9 que le centre AccessibleEU aille au-del\u00e0 de l&rsquo;accessibilit\u00e9 physique et num\u00e9rique de l&rsquo;environnement b\u00e2ti et des services. L&rsquo;eurod\u00e9put\u00e9e espagnole M\u00f3nica Gonz\u00e1lez a demand\u00e9 que les consortiums qui se verront attribuer la gestion du centre AccessibleEU ne soient pas des consultants sp\u00e9cialis\u00e9s mais des personnes handicap\u00e9es, en vertu de la devise des communaut\u00e9s de personnes handicap\u00e9es \u00ab\u00a0rien sur nous sans nous\u00a0\u00bb.<\/span><\/p>\n<p><span style=\"font-size: 12pt\">La rapporteuse Langensiepen a conclu le d\u00e9bat en demandant que le centre AccessibleEU soit une nouvelle agence europ\u00e9enne. Conform\u00e9ment au paragraphe 18 de son rapport d&rsquo;initiative qui mentionne \u00ab\u00a0l&rsquo;\u00e9valuation de la possibilit\u00e9 de cr\u00e9er une agence si les objectifs \u00e9num\u00e9r\u00e9s dans son mandat ne sont pas atteints\u00a0\u00bb. \u00a0<\/span><\/p>\n<p><span style=\"font-size: 12pt\"><strong>Revoir l\u2019int\u00e9gralit\u00e9 du d\u00e9bat <\/strong><a href=\"https:\/\/www.europarl.europa.eu\/plenary\/fr\/vod.html?mode=chapter&amp;vodLanguage=FR&amp;vodId=c3fa6e0a-aca1-e72e-4017-abdc750e09ca&amp;date=20221004\"><strong>ici<\/strong><\/a><\/span><\/p>\n<p><span style=\"font-size: 12pt\"><strong>Consulter le rapport de la MPE Langensiepen <\/strong><a href=\"https:\/\/www.europarl.europa.eu\/doceo\/document\/TA-9-2022-0339_FR.html\"><strong>ici<\/strong><\/a><\/span><\/p>\n<p><span style=\"font-size: 12pt\"><strong><em>Pourquoi AccessibleEU ?<\/em><\/strong><\/span><\/p>\n<p><span style=\"font-size: 12pt\">En mars 2021, la commissaire europ\u00e9enne Dalli avait pr\u00e9sent\u00e9 la strat\u00e9gie de l&rsquo;UE en faveur des droits des personnes handicap\u00e9es 2021-2030. Le centre AccessibleEU fait partie de ses nombreuses initiatives phares qui sera mis en place en 2023. Selon la Commission europ\u00e9enne, ce centre rassemblera des parties prenantes nationales, des experts, des organisations de personnes handicap\u00e9es et des professionnels afin de partager les bonnes pratiques en mati\u00e8re d&rsquo;accessibilit\u00e9 et des recommandations pour l&rsquo;\u00e9laboration de politiques, et afin de d\u00e9velopper des outils et des normes pour faciliter la mise en \u0153uvre de la l\u00e9gislation europ\u00e9enne sur le handicap. Le rapport du Parlement europ\u00e9en n&rsquo;est pas contraignant pour la Commission europ\u00e9enne lorsqu&rsquo;elle pr\u00e9sente sa proposition.<\/span><\/p>\n","protected":false},"excerpt":{"rendered":"<p>Le 4 octobre, le Parlement europ\u00e9en a vot\u00e9 un rapport en faveur d&rsquo;un centre de l&rsquo;accessibilit\u00e9 renforc\u00e9 (une initiative phare de la strat\u00e9gie de la Commission europ\u00e9enne pour les droits &hellip; <\/p>\n<p class=\"link-more\"><a href=\"https:\/\/www.autismeurope.org\/fr\/blog\/2022\/10\/06\/le-parlement-europeen-vote-en-faveur-dun-centre-europeen-de-laccessibilite-renforce\/\" class=\"more-link\">Continue reading<span class=\"screen-reader-text\"> \u00ab\u00a0Le parlement Europ\u00e9en vote en faveur d\u2019un centre europ\u00e9en de l\u2019accessibilit\u00e9 renforc\u00e9\u00a0\u00bb<\/span><\/a><\/p>\n","protected":false},"author":32,"featured_media":47152,"comment_status":"closed","ping_status":"closed","sticky":false,"template":"","format":"standard","meta":{"_acf_changed":false,"_bbp_topic_count":0,"_bbp_reply_count":0,"_bbp_total_topic_count":0,"_bbp_total_reply_count":0,"_bbp_voice_count":0,"_bbp_anonymous_reply_count":0,"_bbp_topic_count_hidden":0,"_bbp_reply_count_hidden":0,"_bbp_forum_subforum_count":0,"footnotes":""},"categories":[95],"tags":[],"class_list":["post-47179","post","type-post","status-publish","format-standard","has-post-thumbnail","hentry","category-news-fr"],"acf":[],"_links":{"self":[{"href":"https:\/\/www.autismeurope.org\/fr\/wp-json\/wp\/v2\/posts\/47179","targetHints":{"allow":["GET"]}}],"collection":[{"href":"https:\/\/www.autismeurope.org\/fr\/wp-json\/wp\/v2\/posts"}],"about":[{"href":"https:\/\/www.autismeurope.org\/fr\/wp-json\/wp\/v2\/types\/post"}],"author":[{"embeddable":true,"href":"https:\/\/www.autismeurope.org\/fr\/wp-json\/wp\/v2\/users\/32"}],"replies":[{"embeddable":true,"href":"https:\/\/www.autismeurope.org\/fr\/wp-json\/wp\/v2\/comments?post=47179"}],"version-history":[{"count":1,"href":"https:\/\/www.autismeurope.org\/fr\/wp-json\/wp\/v2\/posts\/47179\/revisions"}],"predecessor-version":[{"id":47180,"href":"https:\/\/www.autismeurope.org\/fr\/wp-json\/wp\/v2\/posts\/47179\/revisions\/47180"}],"wp:featuredmedia":[{"embeddable":true,"href":"https:\/\/www.autismeurope.org\/fr\/wp-json\/wp\/v2\/media\/47152"}],"wp:attachment":[{"href":"https:\/\/www.autismeurope.org\/fr\/wp-json\/wp\/v2\/media?parent=47179"}],"wp:term":[{"taxonomy":"category","embeddable":true,"href":"https:\/\/www.autismeurope.org\/fr\/wp-json\/wp\/v2\/categories?post=47179"},{"taxonomy":"post_tag","embeddable":true,"href":"https:\/\/www.autismeurope.org\/fr\/wp-json\/wp\/v2\/tags?post=47179"}],"curies":[{"name":"wp","href":"https:\/\/api.w.org\/{rel}","templated":true}]}}