{"id":47194,"date":"2022-11-25T11:24:05","date_gmt":"2022-11-25T10:24:05","guid":{"rendered":"https:\/\/www.autismeurope.org\/fr\/?p=47194"},"modified":"2022-12-14T13:10:18","modified_gmt":"2022-12-14T12:10:18","slug":"la-delegation-dautisme-europe-participle-a-la-journee-europeenne-2022-des-personnes-handicapees","status":"publish","type":"post","link":"https:\/\/www.autismeurope.org\/fr\/blog\/2022\/11\/25\/la-delegation-dautisme-europe-participle-a-la-journee-europeenne-2022-des-personnes-handicapees\/","title":{"rendered":"La d\u00e9l\u00e9gation d\u2019Autisme-Europe participe \u00e0 la Journ\u00e9e europ\u00e9enne 2022 des personnes handicap\u00e9es"},"content":{"rendered":"<blockquote><p><span style=\"font-size: 12pt\"><strong>Les 24 et 25 novembre 2022, une d\u00e9l\u00e9gation d&rsquo;Autisme-Europe a assist\u00e9 \u00e0 la Journ\u00e9e europ\u00e9enne annuelle des personnes handicap\u00e9es (EDPD) \u00e0 Bruxelles. Cet \u00e9v\u00e9nement de deux jours, co-organis\u00e9 par la Commission europ\u00e9enne et le Forum europ\u00e9en des personnes handicap\u00e9es (FEPH), marque la Journ\u00e9e internationale des personnes handicap\u00e9es du 3 d\u00e9cembre. Tout au long de ces deux jours, divers panels ont abord\u00e9 les questions de la jeunesse, des instruments juridiques pour la mise en \u0153uvre les droits des personnes handicap\u00e9es, et la pr\u00e9vention de la violence.<\/strong><\/span><\/p><\/blockquote>\n<p><span style=\"font-size: 12pt\">Pr\u00e8s de 400 d\u00e9cideurs politiques, experts de haut niveau, et d\u00e9fenseurs des droits des personnes handicap\u00e9es de tout le continent ont assist\u00e9 pour la premi\u00e8re fois depuis la pand\u00e9mie de COVID-19, au format hybride de la Journ\u00e9e europ\u00e9enne des personnes handicap\u00e9es. La d\u00e9l\u00e9gation d&rsquo;Autisme-Europe pr\u00e9sente sur \u00a0place comprenait des membres du conseil d&rsquo;administration d&rsquo;AE, des repr\u00e9sentants d&rsquo;AE aux comit\u00e9s du FEPH et son personnel bas\u00e9 \u00e0 Bruxelles.<\/span><\/p>\n<p><span style=\"font-size: 12pt\">La commissaire europ\u00e9enne \u00e0 l&rsquo;\u00e9galit\u00e9, Helena Dalli (Malte), a ouvert la Journ\u00e9e europ\u00e9enne des personnes handicap\u00e9es en \u00e9voquant le lancement r\u00e9cent du paquet \u00ab\u00a0emploi-handicap\u00a0\u00bb. Elle a appel\u00e9 les \u00c9tats membres de l&rsquo;UE \u00e0 adopter des objectifs ambitieux pour l&#8217;emploi des personnes handicap\u00e9es. Elle a en outre rappel\u00e9 que l&rsquo;ann\u00e9e 2023 serait marqu\u00e9e par le lancement de la proposition de la Commission europ\u00e9enne sur la carte europ\u00e9enne du handicap, une autre initiative phare issue de la strat\u00e9gie pour les droits des personnes handicap\u00e9es 2021-2030.<\/span><\/p>\n<p><span style=\"font-size: 12pt\"><strong>Discuter les besoins sp\u00e9cifiques des jeunes handicap\u00e9s<\/strong><\/span><\/p>\n<p><span style=\"font-size: 12pt\">Pour faire \u00e9cho \u00e0 l&rsquo;Ann\u00e9e europ\u00e9enne de la jeunesse 2022, le premier panel a abord\u00e9 les situations sp\u00e9cifiques auxquelles sont confront\u00e9s les jeunes handicap\u00e9s en Europe. Ben Rowsome, d&rsquo;AsIam Ireland, repr\u00e9sentant d&rsquo;Autisme-Europe au comit\u00e9 des jeunes du Forum europ\u00e9en des personnes handicap\u00e9es, s&rsquo;est adress\u00e9 aux pan\u00e9listes sur les probl\u00e8mes rencontr\u00e9s par les \u00e9tudiants handicap\u00e9s lors de la transition vers l&rsquo;enseignement sup\u00e9rieur. Le pan\u00e9liste Panagiotis Chatzimichail, un jeune activiste ayant un TDAH et si\u00e9geant actuellement au conseil d&rsquo;administration du Forum europ\u00e9en de la jeunesse, a comment\u00e9 les obstacles auxquels sont confront\u00e9s les \u00e9tudiants autistes lorsqu&rsquo;ils tentent d&rsquo;acc\u00e9der \u00e0 l&#8217;emploi. De plus, des d\u00e9l\u00e9gu\u00e9s ont attir\u00e9 l&rsquo;attention des pan\u00e9listes sur les taux de ch\u00f4mage disproportionn\u00e9s des personnes autistes.\u00a0<\/span><\/p>\n<p><span style=\"font-size: 12pt\"><strong>Mise en \u00e9vidence des instruments mondiaux de protection des droits des personnes handicap\u00e9es<\/strong><\/span><\/p>\n<p><span style=\"font-size: 12pt\">Le deuxi\u00e8me panel a abord\u00e9 les instruments mondiaux de protection des droits des personnes handicap\u00e9es. L&rsquo;une des questions centrales \u00e9tait l&rsquo;examen actuel, par le Comit\u00e9 DPH, de l&rsquo;Union europ\u00e9enne sur la mani\u00e8re dont elle met en \u0153uvre la Convention des Nations Unies relative aux droits des personnes handicap\u00e9es (CNDPH). \u00c0 cet \u00e9gard, la pan\u00e9liste Marine Uldry, responsable des droits de l&rsquo;homme au Forum europ\u00e9en des personnes handicap\u00e9es, a rappel\u00e9 les diverses barri\u00e8res auxquelles sont confront\u00e9es les personnes handicap\u00e9es, y compris les personnes autistes, dont fait mention le rapport alternatif du FEPH sur la mise en \u0153uvre de la CNUDPH par l&rsquo;UE. La pan\u00e9liste Katarina Ivankovic-Knezevic, directrice des droits sociaux et de l&rsquo;inclusion de la DG EMPL, a fait remarquer que la strat\u00e9gie de la Commission pour les droits des personnes handicap\u00e9es tient compte \u00e9galement des handicaps invisibles. Cette prise en compte fait suite au fort retour d&rsquo;information lors de sa consultation. Le pan\u00e9liste Giuseppe Palmisano, rapporteur g\u00e9n\u00e9ral du Comit\u00e9 europ\u00e9en des droits sociaux au Conseil de l&rsquo;Europe \u00e0 Strasbourg, s&rsquo;est concentr\u00e9 sur les divers instruments juridiques visant \u00e0 prot\u00e9ger les droits des personnes handicap\u00e9es. Dans ce contexte, il a rappel\u00e9 la <a href=\"https:\/\/www.coe.int\/en\/web\/european-social-charter\/processed-complaints\/-\/asset_publisher\/5GEFkJmH2bYG\/content\/no-13-2002-international-association-autism-europe-iaae-v-france\">plainte historique n\u00b0 13\/2002 Association internationale Autisme-Europe contre France<\/a>, qui a \u00e9tabli pour la premi\u00e8re fois en Europe que le handicap devait \u00eatre consid\u00e9r\u00e9 comme un motif de discrimination interdit.<\/span><\/p>\n<p><span style=\"font-size: 12pt\"><strong>Aborder les divers aspects de violence envers les personnes handicap\u00e9es<\/strong><\/span><\/p>\n<p><span style=\"font-size: 12pt\">Le dernier panel sur la violence envers les personnes handicap\u00e9es a mis en lumi\u00e8re la situation des personnes handicap\u00e9es en Ukraine dans le contexte de la guerre d&rsquo;agression par la Russie. Connect\u00e9e \u00e0 distance, Yevheniya Pavlova, membre de l&rsquo;Assembl\u00e9e nationale ukrainienne des personnes handicap\u00e9es, a donn\u00e9 le coup d&rsquo;envoi du panel avec son r\u00e9cit d\u00e9vastateur des \u00e9coles, h\u00f4pitaux et autres infrastructures civiles dont d\u00e9pendent les personnes handicap\u00e9es, qui continuent d&rsquo;\u00eatre endommag\u00e9s ou d\u00e9truits. Bianca Faragau, de la Direction g\u00e9n\u00e9rale Justice et Affaires int\u00e9rieures de la Commission europ\u00e9enne, a annonc\u00e9 les r\u00e9centes initiatives de la Commission europ\u00e9enne en mati\u00e8re de violence sexiste, notamment la mise en place d&rsquo;une ligne d&rsquo;assistance europ\u00e9enne reli\u00e9e aux lignes d&rsquo;assistance nationales. La pan\u00e9liste Sabine Coppens, coordinatrice de Alles over Pesten, une plateforme en ligne sur l&rsquo;\u00e9ducation contre le harc\u00e8lement, g\u00e9r\u00e9e par une association non gouvernementale belge, a rappel\u00e9 \u00e0 son auditoire que la violence contre les enfants et les jeunes handicap\u00e9s \u00e0 l&rsquo;\u00e9cole n&rsquo;\u00e9tait pas seulement physique. Son intervention a co\u00efncid\u00e9 avec <a href=\"https:\/\/www.vrt.be\/vrtnws\/en\/2022\/11\/25\/investigation-launched-into-allegations-of-bullying-by-teachers\/\">une nouvelle choquante en provenance de Belgique, o\u00f9 certains enseignants ont \u00e9t\u00e9 accus\u00e9s de violence \u00e0 l&rsquo;encontre d&rsquo;\u00e9l\u00e8ves autistes<\/a>.<\/span><\/p>\n<p><span style=\"font-size: 12pt\"><strong>Des prix pour une meilleure accessibilit\u00e9 des villes europ\u00e9ennes<\/strong><\/span><\/p>\n<p><span style=\"font-size: 12pt\">La c\u00e9r\u00e9monie des AcessCityAwards 2023 a marqu\u00e9 la cl\u00f4ture de l&rsquo;EDPD. Les prix ont \u00e9t\u00e9 d\u00e9cern\u00e9s par la Commission europ\u00e9enne aux villes de l&rsquo;UE qui ont fourni des efforts pour devenir plus accessibles \u00e0 tous. Ils ont \u00e9t\u00e9 remis par la vice-pr\u00e9sidente de la Commission europ\u00e9enne charg\u00e9e des valeurs et de la transparence V\u011bra Jourov\u00e1 (R\u00e9publique tch\u00e8que), la commissaire europ\u00e9enne \u00e0 l&rsquo;\u00e9galit\u00e9 Helena Dalli, la directrice des droits sociaux et de l&rsquo;inclusion de la DG EMPL Katarina Ivankovic-Knezevic, et la nouvelle chef de l&rsquo;unit\u00e9 \u00ab\u00a0Handicap et inclusion\u00a0\u00bb de la DG EMPL, Alison Crabb. Une mention sp\u00e9ciale a \u00e9t\u00e9 attribu\u00e9e \u00e0 la ville de Hambourg, en Allemagne, pour son environnement b\u00e2ti plus accessible et \u00e0 la ville de M\u00e9rida, en Espagne, pour l&rsquo;utilisation de technologies d&rsquo;information et de communication accessibles. Le troisi\u00e8me prix a \u00e9t\u00e9 d\u00e9cern\u00e9 \u00e0 la ville de Ljubljana, en Slov\u00e9nie, pour ses r\u00e9novations visant \u00e0 rendre le centre-ville plus accessible, pour l&rsquo;am\u00e9lioration de l&rsquo;accessibilit\u00e9 de ses jardins urbains et pour ses autobus urbains \u00e0 plancher bas. Le deuxi\u00e8me prix a \u00e9t\u00e9 d\u00e9cern\u00e9 \u00e0 la ville de Cordoue, en Espagne, pour son concept de tourisme inclusif, pour l&rsquo;utilisation de pictogrammes dans les aires de jeux, pour la possibilit\u00e9 de transport gratuit pour les assistants personnels et pour le premier mus\u00e9e enti\u00e8rement accessible en Espagne. Le laur\u00e9at des AccessCity Awards 2023 est Skellefte\u00e5, en Su\u00e8de, pour avoir mis en place des panneaux tactiles ainsi qu&rsquo;un ascenseur ext\u00e9rieur dans les rues, pour avoir cr\u00e9\u00e9 une application de r\u00e9alit\u00e9 augment\u00e9e permettant d&rsquo;explorer le centre culturel de la ville et pour avoir mis en place un d\u00e9partement de formation permettant aux jeunes handicap\u00e9s de s&rsquo;initier aux technologies.<\/span><\/p>\n<blockquote><p><span style=\"font-size: 12pt\"><strong><a href=\"https:\/\/ec.europa.eu\/social\/main.jsp?langId=en&amp;catId=88&amp;eventsId=2031&amp;furtherEvents=yes#navItem-3\" target=\"_blank\" rel=\"noopener\">En savoir plus et streaming<\/a><\/strong><\/span><\/p><\/blockquote>\n","protected":false},"excerpt":{"rendered":"<p>Les 24 et 25 novembre 2022, une d\u00e9l\u00e9gation d&rsquo;Autisme-Europe a assist\u00e9 \u00e0 la Journ\u00e9e europ\u00e9enne annuelle des personnes handicap\u00e9es (EDPD) \u00e0 Bruxelles. Cet \u00e9v\u00e9nement de deux jours, co-organis\u00e9 par la &hellip; <\/p>\n<p class=\"link-more\"><a href=\"https:\/\/www.autismeurope.org\/fr\/blog\/2022\/11\/25\/la-delegation-dautisme-europe-participle-a-la-journee-europeenne-2022-des-personnes-handicapees\/\" class=\"more-link\">Continue reading<span class=\"screen-reader-text\"> \u00ab\u00a0La d\u00e9l\u00e9gation d\u2019Autisme-Europe participe \u00e0 la Journ\u00e9e europ\u00e9enne 2022 des personnes handicap\u00e9es\u00a0\u00bb<\/span><\/a><\/p>\n","protected":false},"author":32,"featured_media":47190,"comment_status":"closed","ping_status":"closed","sticky":false,"template":"","format":"standard","meta":{"_acf_changed":false,"_bbp_topic_count":0,"_bbp_reply_count":0,"_bbp_total_topic_count":0,"_bbp_total_reply_count":0,"_bbp_voice_count":0,"_bbp_anonymous_reply_count":0,"_bbp_topic_count_hidden":0,"_bbp_reply_count_hidden":0,"_bbp_forum_subforum_count":0,"footnotes":""},"categories":[95],"tags":[],"class_list":["post-47194","post","type-post","status-publish","format-standard","has-post-thumbnail","hentry","category-news-fr"],"acf":[],"_links":{"self":[{"href":"https:\/\/www.autismeurope.org\/fr\/wp-json\/wp\/v2\/posts\/47194","targetHints":{"allow":["GET"]}}],"collection":[{"href":"https:\/\/www.autismeurope.org\/fr\/wp-json\/wp\/v2\/posts"}],"about":[{"href":"https:\/\/www.autismeurope.org\/fr\/wp-json\/wp\/v2\/types\/post"}],"author":[{"embeddable":true,"href":"https:\/\/www.autismeurope.org\/fr\/wp-json\/wp\/v2\/users\/32"}],"replies":[{"embeddable":true,"href":"https:\/\/www.autismeurope.org\/fr\/wp-json\/wp\/v2\/comments?post=47194"}],"version-history":[{"count":3,"href":"https:\/\/www.autismeurope.org\/fr\/wp-json\/wp\/v2\/posts\/47194\/revisions"}],"predecessor-version":[{"id":47199,"href":"https:\/\/www.autismeurope.org\/fr\/wp-json\/wp\/v2\/posts\/47194\/revisions\/47199"}],"wp:featuredmedia":[{"embeddable":true,"href":"https:\/\/www.autismeurope.org\/fr\/wp-json\/wp\/v2\/media\/47190"}],"wp:attachment":[{"href":"https:\/\/www.autismeurope.org\/fr\/wp-json\/wp\/v2\/media?parent=47194"}],"wp:term":[{"taxonomy":"category","embeddable":true,"href":"https:\/\/www.autismeurope.org\/fr\/wp-json\/wp\/v2\/categories?post=47194"},{"taxonomy":"post_tag","embeddable":true,"href":"https:\/\/www.autismeurope.org\/fr\/wp-json\/wp\/v2\/tags?post=47194"}],"curies":[{"name":"wp","href":"https:\/\/api.w.org\/{rel}","templated":true}]}}