{"id":47793,"date":"2023-03-30T13:00:56","date_gmt":"2023-03-30T11:00:56","guid":{"rendered":"https:\/\/www.autismeurope.org\/fr\/?p=47793"},"modified":"2023-05-09T13:04:41","modified_gmt":"2023-05-09T11:04:41","slug":"ae-a-defendu-la-promotion-dune-societe-inclusive-au-parlement-europeen","status":"publish","type":"post","link":"https:\/\/www.autismeurope.org\/fr\/blog\/2023\/03\/30\/ae-a-defendu-la-promotion-dune-societe-inclusive-au-parlement-europeen\/","title":{"rendered":"AE a d\u00e9fendu la promotion d&rsquo;une soci\u00e9t\u00e9 inclusive au Parlement europ\u00e9en"},"content":{"rendered":"<blockquote><p><span style=\"font-size: 12pt\"><strong>Autisme-Europe a inaugur\u00e9 la Journ\u00e9e mondiale de sensibilisation \u00e0 l&rsquo;autisme en organisant le 30 mars une conf\u00e9rence sur le th\u00e8me de la campagne de 2023 \u00ab Construire une soci\u00e9t\u00e9 inclusive pour les personnes autistes \u00bb au Parlement europ\u00e9en.<\/strong><\/span><\/p><\/blockquote>\n<p><span style=\"font-size: 12pt\">Invit\u00e9s par l&rsquo;eurod\u00e9put\u00e9e espagnole <strong>Rosa Estar\u00e0s<\/strong>, nous avons accueilli des <strong>jeunes repr\u00e9sentants autistes et professionnels d&rsquo;Espagne<\/strong>, les chercheurs <strong>Peter Vermeulen<\/strong> et <strong>Vincent Grimaldi de Puget<\/strong>, ainsi qu&rsquo;une repr\u00e9sentante d&rsquo;<strong>Autismo Espa\u00f1a<\/strong> et la vice-pr\u00e9sidente d\u2019AE, <strong>Zsuzsanna Szilv\u00e1sy<\/strong>. Les intervenants ont pr\u00e9sent\u00e9 une approche globale autour du th\u00e8me de l&rsquo;inclusion, soulignant le besoin de remettre en question les pr\u00e9jug\u00e9s et de changer les paradigmes pour favoriser l&rsquo;inclusion, une bonne qualit\u00e9 de vie et la pleine participation des personnes autistes dans la soci\u00e9t\u00e9. Ils ont \u00e9galement soulign\u00e9 la n\u00e9cessit\u00e9 d\u2019adapter les politiques autour du handicap et de promouvoir l&rsquo;accessibilit\u00e9 dans tous les secteurs, au niveau national et europ\u00e9en, pour que l\u2019inclusion devienne une r\u00e9alit\u00e9.<\/span><\/p>\n<p><span style=\"font-size: 12pt\">La conf\u00e9rence a d\u00e9but\u00e9 par les pr\u00e9sentations de l&rsquo;organisation espagnole <strong>Esment<\/strong> de Majorque. Deux jeunes autistes, <strong>Jos\u00e9 Cansado Estar\u00e0s<\/strong> et <strong>Joan Jes\u00fas Bisbal Mora<\/strong>, ainsi que leur enseignante, <strong>Mireia Casta\u00f1eda Nicolau<\/strong>, ont donn\u00e9 leur point de vue sur l&rsquo;inclusion sociale ainsi que l&rsquo;acc\u00e8s \u00e0 l&rsquo;\u00e9ducation et \u00e0 l&#8217;emploi pour les personnes autistes. Mireia Casta\u00f1eda a pr\u00e9sent\u00e9 les 60 ans d&rsquo;exp\u00e9rience d&rsquo;Esment dans ce domaine et le travail que cette organisation r\u00e9alise pour les personnes en situation de handicap, allant des centres de jour jusqu\u2019\u00e0 l&rsquo;accompagnement \u00e0 l&#8217;emploi dans les secteurs de l&rsquo;imprimerie, du jardinage et de la cuisine, entre autres. L&rsquo;importance de recevoir le meilleur soutien pour trouver sa place sur le march\u00e9 du travail, l&rsquo;un des principaux objectifs d&rsquo;Esment, a \u00e9t\u00e9 illustr\u00e9e par les exp\u00e9riences personnelles de Jos\u00e9 et Joan Jes\u00fas.<\/span><\/p>\n<p><span style=\"font-size: 12pt\">Jos\u00e9 a demand\u00e9 plus de soutien pour l&rsquo;acc\u00e8s \u00e0 l&rsquo;\u00e9ducation et \u00e0 l&#8217;emploi en notant que:<\/span><\/p>\n<blockquote><p><span style=\"font-size: 12pt\">\u00ab\u00a0La route est encore longue, mais plus nous apprenons et plus nous avons acc\u00e8s aux formations, plus nous avons de chances d&rsquo;acc\u00e9der \u00e0 un emploi (&#8230;) et de faire partie de la soci\u00e9t\u00e9 parce que nous sommes tous humains et nous faisons tous partie de ce monde.\u00a0\u00bb<\/span><\/p><\/blockquote>\n<p><span style=\"font-size: 12pt\">Joan Jes\u00fas a \u00e9galement rappel\u00e9 \u00e0 l\u2019auditoire que:<\/span><\/p>\n<blockquote><p><span style=\"font-size: 12pt\">\u00ab\u00a0Toutes les personnes en situation de handicap n&rsquo;ont pas acc\u00e8s \u00e0 la formation professionnelle.\u00a0\u00bb<\/span><\/p><\/blockquote>\n<p><span style=\"font-size: 12pt\">Ces t\u00e9moignages soulignant la volont\u00e9 des personnes autistes de contribuer \u00e0 la soci\u00e9t\u00e9 sur un pied d&rsquo;\u00e9galit\u00e9 ont \u00e9t\u00e9 repris par la <strong>pr\u00e9sentation \u00e9difiante (<a href=\"https:\/\/www.autismeurope.org\/wp-content\/uploads\/2023\/04\/2023-03-30_Autism-Europe_From-neurodiversity-to-neuroharmony-handouts.pdf\" target=\"_blank\" rel=\"noopener\">en anglais ici<\/a>) de Peter Vermeulen<\/strong>, qui a ouvert le deuxi\u00e8me panel de la conf\u00e9rence. Le chercheur a introduit la notion de \u00ab neuroharmonie \u00bb, qui repr\u00e9sente le besoin de la part de la soci\u00e9t\u00e9 d&rsquo;utiliser et de b\u00e9n\u00e9ficier des perspectives et des talents des personnes neurodivergentes. M. Vermeulen d\u00e9fendu un changement d&rsquo;approche concernant l&rsquo;autisme, afin de nous concentrer sur les capacit\u00e9s et le bien-\u00eatre de chaque personne autiste, pour leur permettre de participer dans la soci\u00e9t\u00e9 et de vivre une vie heureuse et pleine de sens.<\/span><\/p>\n<p><span style=\"font-size: 12pt\"><strong>Vincent Grimaldi de Puget<\/strong> a \u00e9galement insist\u00e9 sur la valeur des personnes autistes sur le march\u00e9 du travail, soulignant les avantages et la rentabilit\u00e9 d\u2019embaucher des employ\u00e9s autistes. Il a aussi not\u00e9 que les candidats autistes sont malheureusement souvent confront\u00e9s \u00e0 des pr\u00e9jug\u00e9s inconscients pendant la phase de recrutement, ce qui entrave leurs perspectives d&#8217;embauche. M. Grimaldi de Puget a pr\u00e9sent\u00e9 des recherches comparatives sur la proportion de personnes autistes \u2013 potentiellement quatre fois plus \u00e9lev\u00e9e que le chiffre officiel de 1 % en France \u2013 et le taux de ch\u00f4mage, estim\u00e9 \u00e0 plus de 80 % pour les personnes autistes. Il a \u00e9galement partag\u00e9 des recherches innovantes d\u00e9montrant les avantages et le succ\u00e8s des pratiques d&#8217;embauche inclusives (telles que le remplacement des entretiens en pr\u00e9sentiel par des questions \u00e9crites) pour attirer les talents autistes.<\/span><\/p>\n<p><span style=\"font-size: 12pt\">Le troisi\u00e8me et dernier panel \u2013 avec <strong>Autismo Espa\u00f1a<\/strong> et <strong>Autisme-Europe<\/strong> \u2013 a pr\u00e9sent\u00e9 des recommandations politiques cl\u00e9s pour construire une soci\u00e9t\u00e9 inclusive pour les personnes autistes au niveau national et europ\u00e9en. S&rsquo;exprimant au nom de la conf\u00e9d\u00e9ration espagnole, <strong>Mar\u00eda Pindado<\/strong> a soulign\u00e9 le manque de donn\u00e9es sur la communaut\u00e9 autiste en Espagne, tout en expliquant la forte demande de services, qui sont in\u00e9galement et insuffisamment accessibles dans tout le pays.<\/span><\/p>\n<p><span style=\"font-size: 12pt\">Mme. Pindado a appel\u00e9 les autorit\u00e9s \u00e0 assurer le suivi de la strat\u00e9gie nationale espagnole d\u2019innovation pour l&rsquo;autisme de 2015, qui, bien que b\u00e9n\u00e9ficiant du nouveau centre pilote pour l&rsquo;autisme financ\u00e9 par l&rsquo;UE, n\u00e9cessite encore d&rsquo;un plan d&rsquo;action efficace afin d&rsquo;obtenir des r\u00e9sultats dans les domaines du diagnostic, de la sant\u00e9, de l&rsquo;\u00e9ducation, de l&#8217;emploi, de la vie ind\u00e9pendante, de l&rsquo;inclusion, de l&rsquo;acc\u00e8s au syst\u00e8me judiciaire et de l&rsquo;aide aux familles. Au niveau europ\u00e9en, Autismo-Espa\u00f1a a plaid\u00e9 pour que la Carte Europ\u00e9enne du Handicap soit mise en \u0153uvre dans toute l&rsquo;Union, afin que les personnes autistes puissent b\u00e9n\u00e9ficier de la libre circulation et de l&rsquo;acc\u00e8s aux services dans tous les pays.<\/span><\/p>\n<p><span style=\"font-size: 12pt\">Pour cl\u00f4turer la conf\u00e9rence, <strong>Zsuzsanna Szilv\u00e1sy<\/strong>, vice-pr\u00e9sidente d&rsquo;Autisme-Europe, <strong><a href=\"https:\/\/www.autismeurope.org\/wp-content\/uploads\/2023\/04\/2023-03-30_Presentation_Zsilvasy.pdf\" target=\"_blank\" rel=\"noopener\">a fait le point sur nos quarante ans<\/a> <\/strong>de d\u00e9fense des droits des personnes autistes. Malgr\u00e9 les progr\u00e8s qui ont \u00e9t\u00e9 effectu\u00e9s dans le domaine de l&rsquo;autisme et du handicap en g\u00e9n\u00e9ral, les personnes autistes ne sont toujours pas en mesure de jouir pleinement de leurs droits, conform\u00e9ment \u00e0 la Convention des Nations unies relative aux droits des personnes handicap\u00e9es (CNUDPH). Les personnes autistes sont toujours confront\u00e9es \u00e0 des discriminations, dont un acc\u00e8s insuffisant au diagnostic, aux soins de sant\u00e9, \u00e0 l&rsquo;\u00e9ducation et \u00e0 l&#8217;emploi, ainsi qu&rsquo;aux services d\u2019accompagnement au sein de la communaut\u00e9 tout au long de la vie.<\/span><\/p>\n<p><span style=\"font-size: 12pt\">Autisme-Europe a mis en \u00e9vidence certains \u00e9l\u00e9ments cl\u00e9s pour parvenir \u00e0 une <strong>soci\u00e9t\u00e9 v\u00e9ritablement inclusive pour et avec les personnes autistes<\/strong>. L&rsquo;une des conditions pr\u00e9alables est de valoriser les personnes autistes et de favoriser la compr\u00e9hension de l&rsquo;autisme dans la soci\u00e9t\u00e9 afin de contribuer \u00e0 l&rsquo;\u00e9limination des obstacles, notamment en menant des actions de sensibilisation et de formation adapt\u00e9es \u00e0 tous les secteurs. Faire partie de la soci\u00e9t\u00e9 signifie \u00eatre habilit\u00e9 \u00e0 prendre des d\u00e9cisions et \u00e0 apporter sa contribution, ce qui implique le respect de la capacit\u00e9 juridique des personnes autistes, y compris leur droit de vote et d&rsquo;\u00e9ligibilit\u00e9.<\/span><\/p>\n<p><span style=\"font-size: 12pt\">Les personnes autistes doivent \u00e9galement avoir acc\u00e8s aux services de soutien appropri\u00e9s pour chaque \u00e9tape de leur vie afin de pouvoir vivre de mani\u00e8re ind\u00e9pendante au sein de la communaut\u00e9. L&rsquo;accessibilit\u00e9 doit \u00e9galement \u00eatre encourag\u00e9e dans tous les domaines. L&rsquo;AE appelle donc \u00e0 une <strong>approche politique europ\u00e9enne strat\u00e9gique et int\u00e9gr\u00e9e<\/strong> pour r\u00e9pondre aux besoins des personnes autistes \u00e0 travers l&rsquo;Europe, en accord avec la CNUDPH et les recommandations internationales.<\/span><\/p>\n<blockquote><p><span style=\"font-size: 12pt\"><strong><a href=\"https:\/\/www.autismeurope.org\/wp-content\/uploads\/2023\/03\/Final_Programme_30_03_AutismEN-1.pdf\" target=\"_blank\" rel=\"noopener\">Pour en savoir plus sur le programme (en anglais), cliquez ici.<\/a><\/strong><\/span><\/p>\n<p><span style=\"font-size: 12pt\"><strong><a href=\"https:\/\/www.autismeurope.org\/wp-content\/uploads\/2023\/03\/WAAD-2023-Manifesto.pdf\" target=\"_blank\" rel=\"noopener\">Pour en savoir plus sur le manifeste WAAD 2023 (en anglais) d&rsquo;Autisme-Europe, cliquez ici.<\/a><\/strong><\/span><\/p><\/blockquote>\n<div id='gallery-1' class='gallery galleryid-47793 gallery-columns-3 gallery-size-thumbnail'><figure class='gallery-item'>\n\t\t\t<div class='gallery-icon landscape'>\n\t\t\t\t<a href='https:\/\/www.autismeurope.org\/wp-content\/uploads\/2023\/04\/2023-03-30_AE-Conference-scaled.jpg'><img loading=\"lazy\" decoding=\"async\" width=\"150\" height=\"150\" src=\"https:\/\/www.autismeurope.org\/wp-content\/uploads\/2023\/04\/2023-03-30_AE-Conference-150x150.jpg\" class=\"attachment-thumbnail size-thumbnail\" alt=\"\" srcset=\"https:\/\/www.autismeurope.org\/wp-content\/uploads\/2023\/04\/2023-03-30_AE-Conference-150x150.jpg 150w, https:\/\/www.autismeurope.org\/wp-content\/uploads\/2023\/04\/2023-03-30_AE-Conference-100x100.jpg 100w\" sizes=\"auto, 100vw\" \/><\/a>\n\t\t\t<\/div><\/figure><figure class='gallery-item'>\n\t\t\t<div class='gallery-icon landscape'>\n\t\t\t\t<a href='https:\/\/www.autismeurope.org\/wp-content\/uploads\/2023\/04\/2023-03-30_AE-Conference-2-scaled.jpg'><img loading=\"lazy\" decoding=\"async\" width=\"150\" height=\"150\" src=\"https:\/\/www.autismeurope.org\/wp-content\/uploads\/2023\/04\/2023-03-30_AE-Conference-2-150x150.jpg\" class=\"attachment-thumbnail size-thumbnail\" alt=\"\" srcset=\"https:\/\/www.autismeurope.org\/wp-content\/uploads\/2023\/04\/2023-03-30_AE-Conference-2-150x150.jpg 150w, https:\/\/www.autismeurope.org\/wp-content\/uploads\/2023\/04\/2023-03-30_AE-Conference-2-100x100.jpg 100w\" sizes=\"auto, 100vw\" \/><\/a>\n\t\t\t<\/div><\/figure><figure class='gallery-item'>\n\t\t\t<div class='gallery-icon landscape'>\n\t\t\t\t<a href='https:\/\/www.autismeurope.org\/wp-content\/uploads\/2023\/04\/2023-03-30_AE-Conference-3-scaled.jpg'><img loading=\"lazy\" decoding=\"async\" width=\"150\" height=\"150\" src=\"https:\/\/www.autismeurope.org\/wp-content\/uploads\/2023\/04\/2023-03-30_AE-Conference-3-150x150.jpg\" class=\"attachment-thumbnail size-thumbnail\" alt=\"\" srcset=\"https:\/\/www.autismeurope.org\/wp-content\/uploads\/2023\/04\/2023-03-30_AE-Conference-3-150x150.jpg 150w, https:\/\/www.autismeurope.org\/wp-content\/uploads\/2023\/04\/2023-03-30_AE-Conference-3-100x100.jpg 100w\" sizes=\"auto, 100vw\" \/><\/a>\n\t\t\t<\/div><\/figure><figure class='gallery-item'>\n\t\t\t<div class='gallery-icon landscape'>\n\t\t\t\t<a href='https:\/\/www.autismeurope.org\/wp-content\/uploads\/2023\/04\/2023-03-30_AE-Conference-4-scaled.jpg'><img loading=\"lazy\" decoding=\"async\" width=\"150\" height=\"150\" src=\"https:\/\/www.autismeurope.org\/wp-content\/uploads\/2023\/04\/2023-03-30_AE-Conference-4-150x150.jpg\" class=\"attachment-thumbnail size-thumbnail\" alt=\"\" srcset=\"https:\/\/www.autismeurope.org\/wp-content\/uploads\/2023\/04\/2023-03-30_AE-Conference-4-150x150.jpg 150w, https:\/\/www.autismeurope.org\/wp-content\/uploads\/2023\/04\/2023-03-30_AE-Conference-4-100x100.jpg 100w\" sizes=\"auto, 100vw\" \/><\/a>\n\t\t\t<\/div><\/figure><figure class='gallery-item'>\n\t\t\t<div class='gallery-icon landscape'>\n\t\t\t\t<a href='https:\/\/www.autismeurope.org\/wp-content\/uploads\/2023\/04\/2023-03-30_AE-Conference-5-scaled.jpg'><img loading=\"lazy\" decoding=\"async\" width=\"150\" height=\"150\" src=\"https:\/\/www.autismeurope.org\/wp-content\/uploads\/2023\/04\/2023-03-30_AE-Conference-5-150x150.jpg\" class=\"attachment-thumbnail size-thumbnail\" alt=\"\" srcset=\"https:\/\/www.autismeurope.org\/wp-content\/uploads\/2023\/04\/2023-03-30_AE-Conference-5-150x150.jpg 150w, https:\/\/www.autismeurope.org\/wp-content\/uploads\/2023\/04\/2023-03-30_AE-Conference-5-100x100.jpg 100w\" sizes=\"auto, 100vw\" \/><\/a>\n\t\t\t<\/div><\/figure><figure class='gallery-item'>\n\t\t\t<div class='gallery-icon landscape'>\n\t\t\t\t<a href='https:\/\/www.autismeurope.org\/wp-content\/uploads\/2023\/04\/2023-03-30_AE-Conference-6-scaled.jpg'><img loading=\"lazy\" decoding=\"async\" width=\"150\" height=\"150\" src=\"https:\/\/www.autismeurope.org\/wp-content\/uploads\/2023\/04\/2023-03-30_AE-Conference-6-150x150.jpg\" class=\"attachment-thumbnail size-thumbnail\" alt=\"\" srcset=\"https:\/\/www.autismeurope.org\/wp-content\/uploads\/2023\/04\/2023-03-30_AE-Conference-6-150x150.jpg 150w, https:\/\/www.autismeurope.org\/wp-content\/uploads\/2023\/04\/2023-03-30_AE-Conference-6-100x100.jpg 100w\" sizes=\"auto, 100vw\" \/><\/a>\n\t\t\t<\/div><\/figure><figure class='gallery-item'>\n\t\t\t<div class='gallery-icon landscape'>\n\t\t\t\t<a href='https:\/\/www.autismeurope.org\/wp-content\/uploads\/2023\/04\/2023-03-30_AE-Conference-7-scaled.jpg'><img loading=\"lazy\" decoding=\"async\" width=\"150\" height=\"150\" src=\"https:\/\/www.autismeurope.org\/wp-content\/uploads\/2023\/04\/2023-03-30_AE-Conference-7-150x150.jpg\" class=\"attachment-thumbnail size-thumbnail\" alt=\"\" srcset=\"https:\/\/www.autismeurope.org\/wp-content\/uploads\/2023\/04\/2023-03-30_AE-Conference-7-150x150.jpg 150w, https:\/\/www.autismeurope.org\/wp-content\/uploads\/2023\/04\/2023-03-30_AE-Conference-7-100x100.jpg 100w\" sizes=\"auto, 100vw\" \/><\/a>\n\t\t\t<\/div><\/figure><figure class='gallery-item'>\n\t\t\t<div class='gallery-icon landscape'>\n\t\t\t\t<a href='https:\/\/www.autismeurope.org\/wp-content\/uploads\/2023\/04\/2023-03-30_AE-Conference-8-scaled.jpg'><img loading=\"lazy\" decoding=\"async\" width=\"150\" height=\"150\" src=\"https:\/\/www.autismeurope.org\/wp-content\/uploads\/2023\/04\/2023-03-30_AE-Conference-8-150x150.jpg\" class=\"attachment-thumbnail size-thumbnail\" alt=\"\" srcset=\"https:\/\/www.autismeurope.org\/wp-content\/uploads\/2023\/04\/2023-03-30_AE-Conference-8-150x150.jpg 150w, https:\/\/www.autismeurope.org\/wp-content\/uploads\/2023\/04\/2023-03-30_AE-Conference-8-100x100.jpg 100w\" sizes=\"auto, 100vw\" \/><\/a>\n\t\t\t<\/div><\/figure><figure class='gallery-item'>\n\t\t\t<div class='gallery-icon landscape'>\n\t\t\t\t<a href='https:\/\/www.autismeurope.org\/wp-content\/uploads\/2023\/04\/2023-03-30_AE-Conference-9-scaled.jpg'><img loading=\"lazy\" decoding=\"async\" width=\"150\" height=\"150\" src=\"https:\/\/www.autismeurope.org\/wp-content\/uploads\/2023\/04\/2023-03-30_AE-Conference-9-150x150.jpg\" class=\"attachment-thumbnail size-thumbnail\" alt=\"\" srcset=\"https:\/\/www.autismeurope.org\/wp-content\/uploads\/2023\/04\/2023-03-30_AE-Conference-9-150x150.jpg 150w, https:\/\/www.autismeurope.org\/wp-content\/uploads\/2023\/04\/2023-03-30_AE-Conference-9-100x100.jpg 100w\" sizes=\"auto, 100vw\" \/><\/a>\n\t\t\t<\/div><\/figure><figure class='gallery-item'>\n\t\t\t<div class='gallery-icon landscape'>\n\t\t\t\t<a href='https:\/\/www.autismeurope.org\/wp-content\/uploads\/2023\/04\/2023-03-30_AE-Conference-10-scaled.jpg'><img loading=\"lazy\" decoding=\"async\" width=\"150\" height=\"150\" src=\"https:\/\/www.autismeurope.org\/wp-content\/uploads\/2023\/04\/2023-03-30_AE-Conference-10-150x150.jpg\" class=\"attachment-thumbnail size-thumbnail\" alt=\"\" srcset=\"https:\/\/www.autismeurope.org\/wp-content\/uploads\/2023\/04\/2023-03-30_AE-Conference-10-150x150.jpg 150w, https:\/\/www.autismeurope.org\/wp-content\/uploads\/2023\/04\/2023-03-30_AE-Conference-10-100x100.jpg 100w\" sizes=\"auto, 100vw\" \/><\/a>\n\t\t\t<\/div><\/figure><figure class='gallery-item'>\n\t\t\t<div class='gallery-icon landscape'>\n\t\t\t\t<a href='https:\/\/www.autismeurope.org\/wp-content\/uploads\/2023\/04\/2023-03-30_AE-Conference-11-scaled.jpg'><img loading=\"lazy\" decoding=\"async\" width=\"150\" height=\"150\" src=\"https:\/\/www.autismeurope.org\/wp-content\/uploads\/2023\/04\/2023-03-30_AE-Conference-11-150x150.jpg\" class=\"attachment-thumbnail size-thumbnail\" alt=\"\" srcset=\"https:\/\/www.autismeurope.org\/wp-content\/uploads\/2023\/04\/2023-03-30_AE-Conference-11-150x150.jpg 150w, https:\/\/www.autismeurope.org\/wp-content\/uploads\/2023\/04\/2023-03-30_AE-Conference-11-100x100.jpg 100w\" sizes=\"auto, 100vw\" \/><\/a>\n\t\t\t<\/div><\/figure><figure class='gallery-item'>\n\t\t\t<div class='gallery-icon landscape'>\n\t\t\t\t<a href='https:\/\/www.autismeurope.org\/wp-content\/uploads\/2023\/04\/2023-03-30_AE-Conference-12-scaled.jpg'><img loading=\"lazy\" decoding=\"async\" width=\"150\" height=\"150\" src=\"https:\/\/www.autismeurope.org\/wp-content\/uploads\/2023\/04\/2023-03-30_AE-Conference-12-150x150.jpg\" class=\"attachment-thumbnail size-thumbnail\" alt=\"\" srcset=\"https:\/\/www.autismeurope.org\/wp-content\/uploads\/2023\/04\/2023-03-30_AE-Conference-12-150x150.jpg 150w, https:\/\/www.autismeurope.org\/wp-content\/uploads\/2023\/04\/2023-03-30_AE-Conference-12-100x100.jpg 100w\" sizes=\"auto, 100vw\" \/><\/a>\n\t\t\t<\/div><\/figure>\n\t\t<\/div>\n\n","protected":false},"excerpt":{"rendered":"<p>Autisme-Europe a inaugur\u00e9 la Journ\u00e9e mondiale de sensibilisation \u00e0 l&rsquo;autisme en organisant le 30 mars une conf\u00e9rence sur le th\u00e8me de la campagne de 2023 \u00ab Construire une soci\u00e9t\u00e9 inclusive &hellip; <\/p>\n<p class=\"link-more\"><a href=\"https:\/\/www.autismeurope.org\/fr\/blog\/2023\/03\/30\/ae-a-defendu-la-promotion-dune-societe-inclusive-au-parlement-europeen\/\" class=\"more-link\">Continue reading<span class=\"screen-reader-text\"> \u00ab\u00a0AE a d\u00e9fendu la promotion d&rsquo;une soci\u00e9t\u00e9 inclusive au Parlement europ\u00e9en\u00a0\u00bb<\/span><\/a><\/p>\n","protected":false},"author":32,"featured_media":47637,"comment_status":"closed","ping_status":"closed","sticky":false,"template":"","format":"standard","meta":{"_acf_changed":false,"_bbp_topic_count":0,"_bbp_reply_count":0,"_bbp_total_topic_count":0,"_bbp_total_reply_count":0,"_bbp_voice_count":0,"_bbp_anonymous_reply_count":0,"_bbp_topic_count_hidden":0,"_bbp_reply_count_hidden":0,"_bbp_forum_subforum_count":0,"footnotes":""},"categories":[95],"tags":[],"class_list":["post-47793","post","type-post","status-publish","format-standard","has-post-thumbnail","hentry","category-news-fr"],"acf":[],"_links":{"self":[{"href":"https:\/\/www.autismeurope.org\/fr\/wp-json\/wp\/v2\/posts\/47793","targetHints":{"allow":["GET"]}}],"collection":[{"href":"https:\/\/www.autismeurope.org\/fr\/wp-json\/wp\/v2\/posts"}],"about":[{"href":"https:\/\/www.autismeurope.org\/fr\/wp-json\/wp\/v2\/types\/post"}],"author":[{"embeddable":true,"href":"https:\/\/www.autismeurope.org\/fr\/wp-json\/wp\/v2\/users\/32"}],"replies":[{"embeddable":true,"href":"https:\/\/www.autismeurope.org\/fr\/wp-json\/wp\/v2\/comments?post=47793"}],"version-history":[{"count":2,"href":"https:\/\/www.autismeurope.org\/fr\/wp-json\/wp\/v2\/posts\/47793\/revisions"}],"predecessor-version":[{"id":47795,"href":"https:\/\/www.autismeurope.org\/fr\/wp-json\/wp\/v2\/posts\/47793\/revisions\/47795"}],"wp:featuredmedia":[{"embeddable":true,"href":"https:\/\/www.autismeurope.org\/fr\/wp-json\/wp\/v2\/media\/47637"}],"wp:attachment":[{"href":"https:\/\/www.autismeurope.org\/fr\/wp-json\/wp\/v2\/media?parent=47793"}],"wp:term":[{"taxonomy":"category","embeddable":true,"href":"https:\/\/www.autismeurope.org\/fr\/wp-json\/wp\/v2\/categories?post=47793"},{"taxonomy":"post_tag","embeddable":true,"href":"https:\/\/www.autismeurope.org\/fr\/wp-json\/wp\/v2\/tags?post=47793"}],"curies":[{"name":"wp","href":"https:\/\/api.w.org\/{rel}","templated":true}]}}