{"id":47796,"date":"2023-04-28T13:07:23","date_gmt":"2023-04-28T11:07:23","guid":{"rendered":"https:\/\/www.autismeurope.org\/fr\/?p=47796"},"modified":"2023-05-09T13:13:40","modified_gmt":"2023-05-09T11:13:40","slug":"donnez-votre-avis-sur-la-future-carte-europeenne-du-handicap-jusquau-5-mai-2023","status":"publish","type":"post","link":"https:\/\/www.autismeurope.org\/fr\/blog\/2023\/04\/28\/donnez-votre-avis-sur-la-future-carte-europeenne-du-handicap-jusquau-5-mai-2023\/","title":{"rendered":"Donnez votre avis sur la future Carte Europ\u00e9enne du Handicap jusqu&rsquo;au 5 mai 2023!"},"content":{"rendered":"<blockquote><p><span style=\"font-size: 12pt\"><strong>La Carte Europ\u00e9enne du Handicap, ou la \u00ab\u00a0European Disability Card\u00a0\u00bb, une des initiatives phares de la Commission europ\u00e9enne dans le cadre de la strat\u00e9gie pour les droits des personnes handicap\u00e9es 2021-2030, est en cours. Cette initiative permettrait une reconnaissance mutuelle du handicap dans les \u00c9tats membres de l&rsquo;UE et favoriserait la sensibilisation aux handicaps invisibles tels que l&rsquo;autisme, ce qui permettrait aux personnes en situation de handicap de b\u00e9n\u00e9ficier d&rsquo;une meilleure mobilit\u00e9 au sein de l&rsquo;UE, ce \u00e0 quoi elles ont droit en tant que citoyens. Vous pouvez maintenant partager votre avis sur cette initiative jusqu&rsquo;au 5 mai 2023.<\/strong><\/span><\/p><\/blockquote>\n<p><span style=\"font-size: 12pt\">La Carte Europ\u00e9enne du Handicap devrait \u00eatre adopt\u00e9e d&rsquo;ici la fin de l&rsquo;ann\u00e9e 2023 et la Commission a lanc\u00e9 une <strong><a href=\"https:\/\/ec.europa.eu\/info\/law\/better-regulation\/have-your-say\/initiatives\/13517-European-disability-card\/public-consultation_fr\" target=\"_blank\" rel=\"noopener\">consultation publique<\/a><\/strong> au cours de laquelle les citoyens et les associations de l&rsquo;UE peuvent apporter leur contribution jusqu&rsquo;au 5 mai 2023. La consultation est disponible dans les 24 langues officielles de l&rsquo;UE.<\/span><\/p>\n<p><span style=\"font-size: 12pt\">Toutes les personnes int\u00e9ress\u00e9es peuvent participer \u00e0 cette consultation publique. Il est particuli\u00e8rement important que les personnes autistes et leurs familles partagent leurs avis afin d&rsquo;assurer que la Carte Europ\u00e9enne du Handicap r\u00e9ponde aux besoins de la communaut\u00e9 autiste.<\/span><\/p>\n<p><span style=\"font-size: 12pt\"><a href=\"https:\/\/ec.europa.eu\/eusurvey\/runner\/EuropeanDisabilityCardETR\" target=\"_blank\" rel=\"noopener\">Un questionnaire court et facile \u00e0 lire, <strong>accessible \u00e0 tous<\/strong><\/a>, y compris aux personnes avec des difficult\u00e9s d\u2019apprentissage a \u00e9galement \u00e9t\u00e9 publi\u00e9.<\/span><\/p>\n<p><span style=\"font-size: 12pt\">En accord avec le Forum Europ\u00e9en des Personnes Handicap\u00e9es, Autisme-Europe a d\u00e9j\u00e0 <a href=\"https:\/\/www.autismeurope.org\/wp-content\/uploads\/2023\/05\/AE_response_EU-Disability-card.pdf\" target=\"_blank\" rel=\"noopener\">fourni un retour<\/a> sur le questionnaire de consultation.<\/span><\/p>\n<p><span style=\"font-size: 12pt\"><strong>Points cl\u00e9s \u00e0 retenir\u00a0: <\/strong><\/span><\/p>\n<p><span style=\"font-size: 12pt\">Le FEPH et Autisme-Europe recommandent notamment que la carte europ\u00e9enne d&rsquo;invalidit\u00e9 soit :<\/span><\/p>\n<ul>\n<li><span style=\"font-size: 12pt\">bas\u00e9e sur une l\u00e9gislation contraignante, de pr\u00e9f\u00e9rence un r\u00e8glement afin de garantir une mise en \u0153uvre harmonis\u00e9e dans les \u00c9tats membres de l&rsquo;UE<\/span><\/li>\n<li><span style=\"font-size: 12pt\">applicable \u00e0 tous les domaines, services et aides d\u00e9j\u00e0 fournis aux citoyens nationaux en situation de handicap<\/span><\/li>\n<li><span style=\"font-size: 12pt\">accompagn\u00e9e d&rsquo;un site web et d&rsquo;une base de donn\u00e9es en ligne au niveau europ\u00e9en, disponibles dans toutes les langues de l&rsquo;UE<\/span><\/li>\n<li><span style=\"font-size: 12pt\">accompagn\u00e9e d&rsquo;un financement de l&rsquo;UE qui assure la continuit\u00e9 et un futur durable au-del\u00e0 du lancement initial<\/span><\/li>\n<li><span style=\"font-size: 12pt\">accompagn\u00e9e d&rsquo;une campagne de communication et de sensibilisation afin d&rsquo;assurer le plus grand impact possible, notamment en soulignant les avantages de la carte pour les personnes avec un handicap invisible<\/span><\/li>\n<li><span style=\"font-size: 12pt\">distincte de la carte europ\u00e9enne de stationnement, car elles doivent \u00eatre conserv\u00e9es s\u00e9par\u00e9ment<\/span><\/li>\n<\/ul>\n<p><span style=\"font-size: 12pt\">Les personnes handicap\u00e9es et les organisations qui les repr\u00e9sentent doivent \u00eatre impliqu\u00e9es de pr\u00e8s dans l&rsquo;ensemble du processus, en commen\u00e7ant par la proc\u00e9dure politique et l\u00e9gislative jusqu&rsquo;\u00e0 la mise en \u0153uvre et la communication de la carte.<\/span><\/p>\n<p><span style=\"font-size: 12pt\">Pour plus d&rsquo;informations, vous pouvez \u00e9galement consulter la <strong><a href=\"https:\/\/www.autismeurope.org\/wp-content\/uploads\/2023\/05\/European-Disability-Card-Call-for-evidence-position-paper.pdf\" target=\"_blank\" rel=\"noopener\">prise de position d\u2019AE publi\u00e9e \u00e0 la fin de 2022<\/a><\/strong> lors de la pr\u00e9c\u00e9dente phase de consultation.<\/span><\/p>\n","protected":false},"excerpt":{"rendered":"<p>La Carte Europ\u00e9enne du Handicap, ou la \u00ab\u00a0European Disability Card\u00a0\u00bb, une des initiatives phares de la Commission europ\u00e9enne dans le cadre de la strat\u00e9gie pour les droits des personnes handicap\u00e9es &hellip; <\/p>\n<p class=\"link-more\"><a href=\"https:\/\/www.autismeurope.org\/fr\/blog\/2023\/04\/28\/donnez-votre-avis-sur-la-future-carte-europeenne-du-handicap-jusquau-5-mai-2023\/\" class=\"more-link\">Continue reading<span class=\"screen-reader-text\"> \u00ab\u00a0Donnez votre avis sur la future Carte Europ\u00e9enne du Handicap jusqu&rsquo;au 5 mai 2023!\u00a0\u00bb<\/span><\/a><\/p>\n","protected":false},"author":32,"featured_media":47747,"comment_status":"closed","ping_status":"closed","sticky":false,"template":"","format":"standard","meta":{"_acf_changed":false,"_bbp_topic_count":0,"_bbp_reply_count":0,"_bbp_total_topic_count":0,"_bbp_total_reply_count":0,"_bbp_voice_count":0,"_bbp_anonymous_reply_count":0,"_bbp_topic_count_hidden":0,"_bbp_reply_count_hidden":0,"_bbp_forum_subforum_count":0,"footnotes":""},"categories":[95],"tags":[],"class_list":["post-47796","post","type-post","status-publish","format-standard","has-post-thumbnail","hentry","category-news-fr"],"acf":[],"_links":{"self":[{"href":"https:\/\/www.autismeurope.org\/fr\/wp-json\/wp\/v2\/posts\/47796","targetHints":{"allow":["GET"]}}],"collection":[{"href":"https:\/\/www.autismeurope.org\/fr\/wp-json\/wp\/v2\/posts"}],"about":[{"href":"https:\/\/www.autismeurope.org\/fr\/wp-json\/wp\/v2\/types\/post"}],"author":[{"embeddable":true,"href":"https:\/\/www.autismeurope.org\/fr\/wp-json\/wp\/v2\/users\/32"}],"replies":[{"embeddable":true,"href":"https:\/\/www.autismeurope.org\/fr\/wp-json\/wp\/v2\/comments?post=47796"}],"version-history":[{"count":2,"href":"https:\/\/www.autismeurope.org\/fr\/wp-json\/wp\/v2\/posts\/47796\/revisions"}],"predecessor-version":[{"id":47798,"href":"https:\/\/www.autismeurope.org\/fr\/wp-json\/wp\/v2\/posts\/47796\/revisions\/47798"}],"wp:featuredmedia":[{"embeddable":true,"href":"https:\/\/www.autismeurope.org\/fr\/wp-json\/wp\/v2\/media\/47747"}],"wp:attachment":[{"href":"https:\/\/www.autismeurope.org\/fr\/wp-json\/wp\/v2\/media?parent=47796"}],"wp:term":[{"taxonomy":"category","embeddable":true,"href":"https:\/\/www.autismeurope.org\/fr\/wp-json\/wp\/v2\/categories?post=47796"},{"taxonomy":"post_tag","embeddable":true,"href":"https:\/\/www.autismeurope.org\/fr\/wp-json\/wp\/v2\/tags?post=47796"}],"curies":[{"name":"wp","href":"https:\/\/api.w.org\/{rel}","templated":true}]}}