{"id":47803,"date":"2023-03-28T13:34:06","date_gmt":"2023-03-28T11:34:06","guid":{"rendered":"https:\/\/www.autismeurope.org\/fr\/?p=47803"},"modified":"2023-05-10T11:24:04","modified_gmt":"2023-05-10T09:24:04","slug":"ae-a-organise-une-exposition-photo-au-parlement-europeen-pour-mettre-en-lumiere-les-experiences-des-personnes-autistes","status":"publish","type":"post","link":"https:\/\/www.autismeurope.org\/fr\/blog\/2023\/03\/28\/ae-a-organise-une-exposition-photo-au-parlement-europeen-pour-mettre-en-lumiere-les-experiences-des-personnes-autistes\/","title":{"rendered":"AE a organis\u00e9 une exposition photo au Parlement europ\u00e9en pour mettre en lumi\u00e8re les exp\u00e9riences des personnes autistes"},"content":{"rendered":"<blockquote><p><strong><span style=\"font-size: 12pt\">En amont de la Journ\u00e9e mondiale de sensibilisation \u00e0 l&rsquo;autisme, Autisme-Europe a inaugur\u00e9 le 28 mars une exposition photo d&rsquo;une semaine au Parlement europ\u00e9en dans le cadre de sa campagne \u00ab Construire une soci\u00e9t\u00e9 inclusive pour les personnes autistes \u00bb , exposant vingt-cinq photos de dix artistes talentueux, tous autistes ou membres de la communaut\u00e9 autiste.<\/span><\/strong><\/p><\/blockquote>\n<p><span style=\"font-size: 12pt\">Le pr\u00e9sident d&rsquo;Autisme-Europe, <strong>Harald Neerland<\/strong>, qui a inaugur\u00e9 l&rsquo;\u00e9v\u00e9nement, l&rsquo;eurod\u00e9put\u00e9e <strong>Rosa Estar\u00e0s<\/strong>, h\u00f4te de l&rsquo;exposition, ainsi que les eurod\u00e9put\u00e9s <strong>Dolors Montserrat<\/strong> et <strong>David Lega<\/strong> ont particip\u00e9 \u00e0 l&rsquo;\u00e9v\u00e9nement. Les participants ont \u00e9galement pu en apprendre davantage sur le processus cr\u00e9atif et les histoires qui se cachent derri\u00e8re les photos gr\u00e2ce \u00e0 la participation de <strong>Florin Popa<\/strong>, photographe, et de <strong>Paola Matussi<\/strong> et <strong>Valentina Iacucci Ostini<\/strong>, qui ont parl\u00e9 au nom de deux organisations travaillant dans le secteur de l\u2019autisme figurant sur les photos.<\/span><\/p>\n<p><span style=\"font-size: 12pt\">La pr\u00e9sidente du Parlement europ\u00e9en, <strong>Roberta Metsola<\/strong>, a cl\u00f4tur\u00e9 l&rsquo;inauguration et a souhait\u00e9 la bienvenue \u00e0 tous les participants venus de toute l&rsquo;Europe pour <strong><a href=\"https:\/\/www.autismeurope.org\/fr\/blog\/2023\/03\/21\/brochure-sur-lexposition-photo-autismday2023-au-parlement-europeen\/\" target=\"_blank\" rel=\"noopener\">d\u00e9couvrir les photos<\/a><\/strong> mettant en lumi\u00e8re les exp\u00e9riences v\u00e9cues par les personnes autistes ainsi que le Parlement europ\u00e9en.<\/span><\/p>\n<p><span style=\"font-size: 12pt\">Afin de saisir le message d&rsquo;inclusion partag\u00e9 lors de l&rsquo;\u00e9v\u00e9nement, nous avons pens\u00e9 qu&rsquo;il \u00e9tait pr\u00e9f\u00e9rable de le laisser dans les mots de ceux qui ont pris la parole lors de l&rsquo;inauguration :<\/span><\/p>\n<blockquote>\n<p style=\"text-align: right\"><span style=\"font-size: 12pt\">\u00ab Cette exposition pr\u00e9sente la voix des personnes autistes, leurs exp\u00e9riences de vie ainsi que certains obstacles \u00e0 une soci\u00e9t\u00e9 inclusive [&#8230;] Cette exposition vise \u00e0 promouvoir une meilleure compr\u00e9hension de l&rsquo;autisme [&#8230;] la compr\u00e9hension, m\u00eame si elle n&rsquo;est pas suffisante, est un excellent point de d\u00e9part pour cr\u00e9er une soci\u00e9t\u00e9 inclusive. \u00bb <\/span><\/p>\n<p style=\"text-align: right\"><strong><span style=\"font-size: 12pt\">Harald Neerland, pr\u00e9sident d&rsquo;Autisme-Europe<\/span><\/strong><\/p>\n<p style=\"text-align: right\"><span style=\"font-size: 12pt\">\u00ab \u00c0 travers ces photographies, nous avons voulu partager avec tous les Europ\u00e9ens le fait que si l&rsquo;Europe est synonyme de valeurs, le handicap est l&rsquo;exemple de ces valeurs. \u00bb <\/span><\/p>\n<p style=\"text-align: right\"><strong><span style=\"font-size: 12pt\">Rosa Estar\u00e0s, d\u00e9put\u00e9e europ\u00e9enne et vice-pr\u00e9sidente de l&rsquo;intergroupe du PE sur le handicap<\/span><\/strong><\/p>\n<p style=\"text-align: right\"><span style=\"font-size: 12pt\">\u00ab La seule chose que nous savons, c&rsquo;est que rien n&rsquo;est impossible le jour o\u00f9, avec l&rsquo;aide des autres, nous commen\u00e7ons \u00e0 croire en nous-m\u00eames, et c&rsquo;est ce que montrent ces photos. \u00bb <\/span><\/p>\n<p style=\"text-align: right\"><strong><span style=\"font-size: 12pt\">David Lega, d\u00e9put\u00e9 europ\u00e9en, champion du monde de natation paralympique et membre de l&rsquo;intergroupe du PE sur le handicap<\/span><\/strong><\/p>\n<p style=\"text-align: right\"><span style=\"font-size: 12pt\">\u00ab Ces magnifiques photographies expriment, en une seule image, les efforts consid\u00e9rables et la pers\u00e9v\u00e9rance qui les accompagnent [&#8230;] Ensemble, [&#8230;] nous devrons bient\u00f4t \u00eatre en mesure de dire que l&rsquo;Europe est vraiment pleinement inclusive, et que tous ses citoyens ont les m\u00eames opportunit\u00e9s.<\/span><span style=\"font-size: 12pt\">\u00bb <\/span><\/p>\n<p style=\"text-align: right\"><strong><span style=\"font-size: 12pt\">Dolors Montserrat, d\u00e9put\u00e9e europ\u00e9enne<\/span><\/strong><\/p>\n<p style=\"text-align: right\"><span style=\"font-size: 12pt\">\u00ab Il est \u00e9galement important de s&rsquo;assurer que derri\u00e8re ce chiffre [de 7 millions de personnes autistes en Europe], il y a une personne, [&#8230;] il y a aussi une soci\u00e9t\u00e9 qui a non seulement le devoir de prot\u00e9ger mais aussi de promouvoir la pleine inclusion dans toutes nos soci\u00e9t\u00e9s. \u00bb <\/span><\/p>\n<p style=\"text-align: right\"><strong><span style=\"font-size: 12pt\">Roberta Metsola, pr\u00e9sidente du Parlement europ\u00e9en<\/span><\/strong><\/p>\n<p style=\"text-align: right\"><span style=\"font-size: 12pt\">\u00ab M\u00eame si l&rsquo;autisme a commenc\u00e9 \u00e0 recevoir plus d&rsquo;attention dans les m\u00e9dias et au niveau politique, il reste un sujet invisible [&#8230;] l&rsquo;autisme ne concerne pas seulement les personnes autistes et leurs familles, l&rsquo;autisme nous concerne en tant que soci\u00e9t\u00e9, l&rsquo;autisme dit quelque chose sur notre capacit\u00e9, notre volont\u00e9 de reconna\u00eetre et de comprendre la diff\u00e9rence. \u00bb <\/span><\/p>\n<p style=\"text-align: right\"><strong><span style=\"font-size: 12pt\">Florin Popa, photographe<\/span><\/strong><\/p>\n<p style=\"text-align: right\"><span style=\"font-size: 12pt\">\u00ab Nous devons inclure toutes les personnes autistes et nous devons nous efforcer de sensibiliser et de soutenir celles qui sont non verbales ou [qui ont] des comp\u00e9tences linguistiques et de communication sociale restreintes. En tant qu&rsquo;organisation \u00e0 but non lucratif, notre devoir est de veiller \u00e0 ce que ces personnes re\u00e7oivent les ressources dont elles ont besoin [&#8230;] Cette photo me motive et nous encourage \u00e0 ne jamais baisser les bras, merci au nom de notre communaut\u00e9. \u00bb\u00a0<\/span><\/p>\n<p style=\"text-align: right\"><strong><span style=\"font-size: 12pt\">Paola Matussi, Fondazione Oltre il Labirinto Onlus (membre d&rsquo;Autisme-Europe)<\/span><\/strong><\/p>\n<p style=\"text-align: right\"><span style=\"font-size: 12pt\">\u00ab Nous aimons beaucoup cette photo parce qu&rsquo;elle illustre un moment o\u00f9 nos jeunes ont fait preuve d&rsquo;inclusion envers les autres. [&#8230;] Nous aimerions ouvrir une auberge [&#8230;] o\u00f9 nos jeunes pourraient accueillir des touristes de toute l&rsquo;Europe \u00e0 P\u00e9rouse, notre ville bien-aim\u00e9e. [&#8230;] Nous voulons changer la perspective, parce que ce n&rsquo;est pas eux qui ont besoin de l&rsquo;aide des autres, mais c&rsquo;est eux qui pourraient aider les autres. \u00bb <\/span><\/p>\n<p style=\"text-align: right\"><strong><span style=\"font-size: 12pt\">Valentina Iacucci Ostini, La Brigata Indipendente<\/span><\/strong><\/p>\n<\/blockquote>\n<div id='gallery-1' class='gallery galleryid-47803 gallery-columns-3 gallery-size-thumbnail'><figure class='gallery-item'>\n\t\t\t<div class='gallery-icon landscape'>\n\t\t\t\t<a href='https:\/\/www.autismeurope.org\/wp-content\/uploads\/2023\/04\/Harald-Neerland_Autism-Europe-scaled.jpg'><img loading=\"lazy\" decoding=\"async\" width=\"150\" height=\"150\" src=\"https:\/\/www.autismeurope.org\/wp-content\/uploads\/2023\/04\/Harald-Neerland_Autism-Europe-150x150.jpg\" class=\"attachment-thumbnail size-thumbnail\" alt=\"\" aria-describedby=\"gallery-1-47619\" srcset=\"https:\/\/www.autismeurope.org\/wp-content\/uploads\/2023\/04\/Harald-Neerland_Autism-Europe-150x150.jpg 150w, https:\/\/www.autismeurope.org\/wp-content\/uploads\/2023\/04\/Harald-Neerland_Autism-Europe-100x100.jpg 100w\" sizes=\"auto, 100vw\" \/><\/a>\n\t\t\t<\/div>\n\t\t\t\t<figcaption class='wp-caption-text gallery-caption' id='gallery-1-47619'>\n\t\t\t\tHarald Neerland, President of Autism-Europe\n\t\t\t\t<\/figcaption><\/figure><figure class='gallery-item'>\n\t\t\t<div class='gallery-icon landscape'>\n\t\t\t\t<a href='https:\/\/www.autismeurope.org\/wp-content\/uploads\/2023\/04\/Rosa-Estaras-scaled.jpg'><img loading=\"lazy\" decoding=\"async\" width=\"150\" height=\"150\" src=\"https:\/\/www.autismeurope.org\/wp-content\/uploads\/2023\/04\/Rosa-Estaras-150x150.jpg\" class=\"attachment-thumbnail size-thumbnail\" alt=\"\" aria-describedby=\"gallery-1-47623\" srcset=\"https:\/\/www.autismeurope.org\/wp-content\/uploads\/2023\/04\/Rosa-Estaras-150x150.jpg 150w, https:\/\/www.autismeurope.org\/wp-content\/uploads\/2023\/04\/Rosa-Estaras-100x100.jpg 100w\" sizes=\"auto, 100vw\" \/><\/a>\n\t\t\t<\/div>\n\t\t\t\t<figcaption class='wp-caption-text gallery-caption' id='gallery-1-47623'>\n\t\t\t\tMEP Rosa Estar\u00e0s\n\t\t\t\t<\/figcaption><\/figure><figure class='gallery-item'>\n\t\t\t<div class='gallery-icon landscape'>\n\t\t\t\t<a href='https:\/\/www.autismeurope.org\/wp-content\/uploads\/2023\/04\/Dolors-Montserrat-scaled.jpg'><img loading=\"lazy\" decoding=\"async\" width=\"150\" height=\"150\" src=\"https:\/\/www.autismeurope.org\/wp-content\/uploads\/2023\/04\/Dolors-Montserrat-150x150.jpg\" class=\"attachment-thumbnail size-thumbnail\" alt=\"\" aria-describedby=\"gallery-1-47617\" srcset=\"https:\/\/www.autismeurope.org\/wp-content\/uploads\/2023\/04\/Dolors-Montserrat-150x150.jpg 150w, https:\/\/www.autismeurope.org\/wp-content\/uploads\/2023\/04\/Dolors-Montserrat-100x100.jpg 100w\" sizes=\"auto, 100vw\" \/><\/a>\n\t\t\t<\/div>\n\t\t\t\t<figcaption class='wp-caption-text gallery-caption' id='gallery-1-47617'>\n\t\t\t\tMEP Dolors Montserrat\n\t\t\t\t<\/figcaption><\/figure><figure class='gallery-item'>\n\t\t\t<div class='gallery-icon landscape'>\n\t\t\t\t<a href='https:\/\/www.autismeurope.org\/wp-content\/uploads\/2023\/04\/Rosa-Estaras-and-Roberta-Metsola-scaled.jpg'><img loading=\"lazy\" decoding=\"async\" width=\"150\" height=\"150\" src=\"https:\/\/www.autismeurope.org\/wp-content\/uploads\/2023\/04\/Rosa-Estaras-and-Roberta-Metsola-150x150.jpg\" class=\"attachment-thumbnail size-thumbnail\" alt=\"\" aria-describedby=\"gallery-1-47622\" srcset=\"https:\/\/www.autismeurope.org\/wp-content\/uploads\/2023\/04\/Rosa-Estaras-and-Roberta-Metsola-150x150.jpg 150w, https:\/\/www.autismeurope.org\/wp-content\/uploads\/2023\/04\/Rosa-Estaras-and-Roberta-Metsola-100x100.jpg 100w\" sizes=\"auto, 100vw\" \/><\/a>\n\t\t\t<\/div>\n\t\t\t\t<figcaption class='wp-caption-text gallery-caption' id='gallery-1-47622'>\n\t\t\t\tMEP Rosa Estar\u00e0s and EP President Roberta Metsola\n\t\t\t\t<\/figcaption><\/figure><figure class='gallery-item'>\n\t\t\t<div class='gallery-icon landscape'>\n\t\t\t\t<a href='https:\/\/www.autismeurope.org\/wp-content\/uploads\/2023\/04\/David-Lega-scaled.jpg'><img loading=\"lazy\" decoding=\"async\" width=\"150\" height=\"150\" src=\"https:\/\/www.autismeurope.org\/wp-content\/uploads\/2023\/04\/David-Lega-150x150.jpg\" class=\"attachment-thumbnail size-thumbnail\" alt=\"\" aria-describedby=\"gallery-1-47616\" srcset=\"https:\/\/www.autismeurope.org\/wp-content\/uploads\/2023\/04\/David-Lega-150x150.jpg 150w, https:\/\/www.autismeurope.org\/wp-content\/uploads\/2023\/04\/David-Lega-100x100.jpg 100w\" sizes=\"auto, 100vw\" \/><\/a>\n\t\t\t<\/div>\n\t\t\t\t<figcaption class='wp-caption-text gallery-caption' id='gallery-1-47616'>\n\t\t\t\tMEP David Lega\n\t\t\t\t<\/figcaption><\/figure><figure class='gallery-item'>\n\t\t\t<div class='gallery-icon landscape'>\n\t\t\t\t<a href='https:\/\/www.autismeurope.org\/wp-content\/uploads\/2023\/04\/Paola-Matusso_Oltre-il-Labirinto-Onlus-scaled.jpg'><img loading=\"lazy\" decoding=\"async\" width=\"150\" height=\"150\" src=\"https:\/\/www.autismeurope.org\/wp-content\/uploads\/2023\/04\/Paola-Matusso_Oltre-il-Labirinto-Onlus-150x150.jpg\" class=\"attachment-thumbnail size-thumbnail\" alt=\"\" aria-describedby=\"gallery-1-47620\" srcset=\"https:\/\/www.autismeurope.org\/wp-content\/uploads\/2023\/04\/Paola-Matusso_Oltre-il-Labirinto-Onlus-150x150.jpg 150w, https:\/\/www.autismeurope.org\/wp-content\/uploads\/2023\/04\/Paola-Matusso_Oltre-il-Labirinto-Onlus-100x100.jpg 100w\" sizes=\"auto, 100vw\" \/><\/a>\n\t\t\t<\/div>\n\t\t\t\t<figcaption class='wp-caption-text gallery-caption' id='gallery-1-47620'>\n\t\t\t\tPaola Matussi, Oltre il Labirinto Onlus\n\t\t\t\t<\/figcaption><\/figure><figure class='gallery-item'>\n\t\t\t<div class='gallery-icon landscape'>\n\t\t\t\t<a href='https:\/\/www.autismeurope.org\/wp-content\/uploads\/2023\/04\/Valentina-Iacucci-Ostini_La-brigata-indipendente.jpeg'><img loading=\"lazy\" decoding=\"async\" width=\"150\" height=\"150\" src=\"https:\/\/www.autismeurope.org\/wp-content\/uploads\/2023\/04\/Valentina-Iacucci-Ostini_La-brigata-indipendente-150x150.jpeg\" class=\"attachment-thumbnail size-thumbnail\" alt=\"\" aria-describedby=\"gallery-1-47624\" srcset=\"https:\/\/www.autismeurope.org\/wp-content\/uploads\/2023\/04\/Valentina-Iacucci-Ostini_La-brigata-indipendente-150x150.jpeg 150w, https:\/\/www.autismeurope.org\/wp-content\/uploads\/2023\/04\/Valentina-Iacucci-Ostini_La-brigata-indipendente-100x100.jpeg 100w\" sizes=\"auto, 100vw\" \/><\/a>\n\t\t\t<\/div>\n\t\t\t\t<figcaption class='wp-caption-text gallery-caption' id='gallery-1-47624'>\n\t\t\t\tOn the right, Valentina Iacucci Ostini, La Brigata Indipendente\n\t\t\t\t<\/figcaption><\/figure><figure class='gallery-item'>\n\t\t\t<div class='gallery-icon landscape'>\n\t\t\t\t<a href='https:\/\/www.autismeurope.org\/wp-content\/uploads\/2023\/04\/Florin-Popa-scaled.jpg'><img loading=\"lazy\" decoding=\"async\" width=\"150\" height=\"150\" src=\"https:\/\/www.autismeurope.org\/wp-content\/uploads\/2023\/04\/Florin-Popa-150x150.jpg\" class=\"attachment-thumbnail size-thumbnail\" alt=\"\" aria-describedby=\"gallery-1-47618\" srcset=\"https:\/\/www.autismeurope.org\/wp-content\/uploads\/2023\/04\/Florin-Popa-150x150.jpg 150w, https:\/\/www.autismeurope.org\/wp-content\/uploads\/2023\/04\/Florin-Popa-100x100.jpg 100w\" sizes=\"auto, 100vw\" \/><\/a>\n\t\t\t<\/div>\n\t\t\t\t<figcaption class='wp-caption-text gallery-caption' id='gallery-1-47618'>\n\t\t\t\tFlorin Popa, photographer\n\t\t\t\t<\/figcaption><\/figure><figure class='gallery-item'>\n\t\t\t<div class='gallery-icon landscape'>\n\t\t\t\t<a href='https:\/\/www.autismeurope.org\/wp-content\/uploads\/2023\/04\/Roberta-Metsola-scaled.jpg'><img loading=\"lazy\" decoding=\"async\" width=\"150\" height=\"150\" src=\"https:\/\/www.autismeurope.org\/wp-content\/uploads\/2023\/04\/Roberta-Metsola-150x150.jpg\" class=\"attachment-thumbnail size-thumbnail\" alt=\"\" aria-describedby=\"gallery-1-47621\" srcset=\"https:\/\/www.autismeurope.org\/wp-content\/uploads\/2023\/04\/Roberta-Metsola-150x150.jpg 150w, https:\/\/www.autismeurope.org\/wp-content\/uploads\/2023\/04\/Roberta-Metsola-100x100.jpg 100w\" sizes=\"auto, 100vw\" \/><\/a>\n\t\t\t<\/div>\n\t\t\t\t<figcaption class='wp-caption-text gallery-caption' id='gallery-1-47621'>\n\t\t\t\tEP President Roberta Metsola\n\t\t\t\t<\/figcaption><\/figure>\n\t\t<\/div>\n\n","protected":false},"excerpt":{"rendered":"<p>En amont de la Journ\u00e9e mondiale de sensibilisation \u00e0 l&rsquo;autisme, Autisme-Europe a inaugur\u00e9 le 28 mars une exposition photo d&rsquo;une semaine au Parlement europ\u00e9en dans le cadre de sa campagne &hellip; <\/p>\n<p class=\"link-more\"><a href=\"https:\/\/www.autismeurope.org\/fr\/blog\/2023\/03\/28\/ae-a-organise-une-exposition-photo-au-parlement-europeen-pour-mettre-en-lumiere-les-experiences-des-personnes-autistes\/\" class=\"more-link\">Continue reading<span class=\"screen-reader-text\"> \u00ab\u00a0AE a organis\u00e9 une exposition photo au Parlement europ\u00e9en pour mettre en lumi\u00e8re les exp\u00e9riences des personnes autistes\u00a0\u00bb<\/span><\/a><\/p>\n","protected":false},"author":32,"featured_media":47626,"comment_status":"closed","ping_status":"closed","sticky":false,"template":"","format":"standard","meta":{"_acf_changed":false,"_bbp_topic_count":0,"_bbp_reply_count":0,"_bbp_total_topic_count":0,"_bbp_total_reply_count":0,"_bbp_voice_count":0,"_bbp_anonymous_reply_count":0,"_bbp_topic_count_hidden":0,"_bbp_reply_count_hidden":0,"_bbp_forum_subforum_count":0,"footnotes":""},"categories":[95],"tags":[],"class_list":["post-47803","post","type-post","status-publish","format-standard","has-post-thumbnail","hentry","category-news-fr"],"acf":[],"_links":{"self":[{"href":"https:\/\/www.autismeurope.org\/fr\/wp-json\/wp\/v2\/posts\/47803","targetHints":{"allow":["GET"]}}],"collection":[{"href":"https:\/\/www.autismeurope.org\/fr\/wp-json\/wp\/v2\/posts"}],"about":[{"href":"https:\/\/www.autismeurope.org\/fr\/wp-json\/wp\/v2\/types\/post"}],"author":[{"embeddable":true,"href":"https:\/\/www.autismeurope.org\/fr\/wp-json\/wp\/v2\/users\/32"}],"replies":[{"embeddable":true,"href":"https:\/\/www.autismeurope.org\/fr\/wp-json\/wp\/v2\/comments?post=47803"}],"version-history":[{"count":6,"href":"https:\/\/www.autismeurope.org\/fr\/wp-json\/wp\/v2\/posts\/47803\/revisions"}],"predecessor-version":[{"id":47828,"href":"https:\/\/www.autismeurope.org\/fr\/wp-json\/wp\/v2\/posts\/47803\/revisions\/47828"}],"wp:featuredmedia":[{"embeddable":true,"href":"https:\/\/www.autismeurope.org\/fr\/wp-json\/wp\/v2\/media\/47626"}],"wp:attachment":[{"href":"https:\/\/www.autismeurope.org\/fr\/wp-json\/wp\/v2\/media?parent=47803"}],"wp:term":[{"taxonomy":"category","embeddable":true,"href":"https:\/\/www.autismeurope.org\/fr\/wp-json\/wp\/v2\/categories?post=47803"},{"taxonomy":"post_tag","embeddable":true,"href":"https:\/\/www.autismeurope.org\/fr\/wp-json\/wp\/v2\/tags?post=47803"}],"curies":[{"name":"wp","href":"https:\/\/api.w.org\/{rel}","templated":true}]}}