{"id":47809,"date":"2023-05-03T11:15:53","date_gmt":"2023-05-03T09:15:53","guid":{"rendered":"https:\/\/www.autismeurope.org\/fr\/?p=47809"},"modified":"2023-06-29T16:00:18","modified_gmt":"2023-06-29T14:00:18","slug":"inscrivez-vous-des-maintenant-a-levenement-dae-construire-une-education-et-un-emploi-inclusifs-pour-les-personnes-autistes-qui-aura-lieu-le-24-mai-en-marge-de-leppd","status":"publish","type":"post","link":"https:\/\/www.autismeurope.org\/fr\/blog\/2023\/05\/03\/inscrivez-vous-des-maintenant-a-levenement-dae-construire-une-education-et-un-emploi-inclusifs-pour-les-personnes-autistes-qui-aura-lieu-le-24-mai-en-marge-de-leppd\/","title":{"rendered":"Inscrivez-vous \u00e0 notre conf\u00e9rence sur l\u2019acc\u00e8s \u00e0 l\u2019emploi et l\u2019\u00e9ducation, le 24 mai 2023"},"content":{"rendered":"<blockquote><p><strong><span style=\"font-size: 12pt\">Autisme-Europe (AE) organise une conf\u00e9rence parall\u00e8le au Parlement europ\u00e9en des personnes handicap\u00e9es (EPPD). La conf\u00e9rence sera organis\u00e9\u00a0 avec la d\u00e9put\u00e9e europ\u00e9enne Chiara Maria Gemma (ECR, Italie) le 24 mai 2023 de 14h00 \u00e0 18h00. La conf\u00e9rence, qui s\u2019inscrit dans le cadre de la campagne #AutismDay2023 d\u2019AE, pr\u00e9sentera une s\u00e9rie d&rsquo;initiatives et de projets visant \u00e0 favoriser l&rsquo;acc\u00e8s \u00e0 l&rsquo;\u00e9ducation et \u00e0 l&#8217;emploi des personnes autistes, ainsi qu\u2019un large \u00e9ventail de perspectives et d&rsquo;exp\u00e9riences sur le sujet gr\u00e2ce \u00e0 l\u2019intervention d&rsquo;acteurs cl\u00e9s europ\u00e9ens.<\/span><\/strong><\/p><\/blockquote>\n<p><span style=\"font-size: 12pt\">La conf\u00e9rence d&rsquo;AE au Parlement europ\u00e9en \u00e0 Bruxelles, avec interpr\u00e9tation simultan\u00e9e en anglais et en italien, est intitul\u00e9e \u00ab Promouvoir l\u2019acc\u00e8s \u00e0 l\u2019\u00e9ducation et \u00e0 l\u2019emploi inclusifs pour les personnes autistes \u00bb . Cet \u00e9v\u00e9nement parall\u00e8le \u00e0 l&rsquo;EPPD fait partie de la campagne actuelle d&rsquo;AE <strong><a href=\"https:\/\/www.autismeurope.org\/what-we-do\/world-autism-awareness-day\/current-campaign\/\" target=\"_blank\" rel=\"noopener\">\u00ab Construire une soci\u00e9t\u00e9 inclusive pour les personnes autistes \u00bb<\/a><\/strong>.<\/span><\/p>\n<p><span style=\"font-size: 12pt\">Les participants d\u00e9couvriront divers projets europ\u00e9ens consacr\u00e9s \u00e0 l&rsquo;acc\u00e8s \u00e0 l&rsquo;\u00e9ducation et \u00e0 l&#8217;emploi. Tout d&rsquo;abord, le <strong><a href=\"https:\/\/digitool-autism.eu\/\" target=\"_blank\" rel=\"noopener\">projet DiGiTool <\/a><\/strong> <strong>(Digital Inclusive Tool)<\/strong>, qui aborde les obstacles \u00e0 l&rsquo;\u00e9ducation rencontr\u00e9s par les apprenants autistes, sera pr\u00e9sent\u00e9 par le coordinateur du projet du Portugal, par Autismo Sevilla, membre d\u2019AE, ainsi que par un autre partenaire du projet du Portugal. Adam Harris d\u2019AsIam, membre irlandais du conseil d&rsquo;administration d&rsquo;Autisme-Europe, donnera le coup d&rsquo;envoi de ce premier panel.<\/span><\/p>\n<p><span style=\"font-size: 12pt\">Le second panel pr\u00e9sentera le <strong><a href=\"https:\/\/win-with-u.eu\/\" target=\"_blank\" rel=\"noopener\">projet WIN-WITH-U <\/a> (Workplace Inclusion and employmeNt opportunities for youth WITH aUtism)<\/strong> qui promeut l&rsquo;acc\u00e8s \u00e0 l&#8217;emploi pour les personnes autistes avec la participation du coordinateur du projet de la LUISS Business School d\u2019Italie et de Specialisterne du Danemark. Vincent Grimaldi de Puget, membre du conseil d&rsquo;administration d&rsquo;Autisme-Europe, pr\u00e9sentera ce deuxi\u00e8me panel et partagera ses connaissances sur les recherches en cours dans ce domaine.<\/span><\/p>\n<p><span style=\"font-size: 12pt\">Enfin, les participants d\u00e9couvriront diverses initiatives italiennes visant \u00e0 favoriser l&rsquo;acc\u00e8s des personnes autistes au march\u00e9 du travail : le <strong><a href=\"https:\/\/infuseproject2022.wixsite.com\/infuse-project-autis\" target=\"_blank\" rel=\"noopener\">projet INFUSE<\/a><\/strong> <strong>(SeedIng competences and harvesting work inclusiveNess For adUlt autiStic people)<\/strong> et <strong><a href=\"https:\/\/www.workaut.org\/\" target=\"_blank\" rel=\"noopener\">Work Aut<\/a><\/strong>. Ce troisi\u00e8me panel sera pr\u00e9sid\u00e9 par Pietro Cirrincione, membre du conseil d&rsquo;administration d&rsquo;AE et du Forum europ\u00e9en des personnes handicap\u00e9es (FEPH).<\/span><\/p>\n<blockquote><p><a href=\"https:\/\/www.autismeurope.org\/wp-content\/uploads\/2023\/05\/Final_Programme_24.05.pdf\" target=\"_blank\" rel=\"noopener\"><strong><span style=\"font-size: 12pt\">T\u00e9l\u00e9chargez le programme (en anglais) de la conf\u00e9rence ici.<\/span><\/strong><\/a><\/p>\n<p><a href=\"https:\/\/docs.google.com\/forms\/d\/1D_9Y2smRLLtq1kp2Mez4SQQZyHGidJbYodXbvofkvz4\/viewform?edit_requested=true\" target=\"_blank\" rel=\"noopener\"><strong><span style=\"font-size: 12pt\">Pensez \u00e0 vous inscrire ici pour assister \u00e0 la conf\u00e9rence en personne, car le nombre de places est limit\u00e9.<\/span><\/strong><\/a><\/p>\n<p><a href=\"https:\/\/docs.google.com\/forms\/d\/e\/1FAIpQLScpqPeF2ui5Ft2d42-0cDqnyzwZczJ9LfN7kLO6I0GhnglwuQ\/viewform\" target=\"_blank\" rel=\"noopener\"><strong><span style=\"font-size: 12pt\">Inscrivez-vous ici pour assister \u00e0 la conf\u00e9rence en ligne.<\/span><\/strong><\/a><\/p>\n<p><span style=\"font-size: 12pt\"><strong>Date limite d&rsquo;inscription: le 11 mai !<\/strong><\/span><\/p><\/blockquote>\n","protected":false},"excerpt":{"rendered":"<p>Autisme-Europe (AE) organise une conf\u00e9rence parall\u00e8le au Parlement europ\u00e9en des personnes handicap\u00e9es (EPPD). La conf\u00e9rence sera organis\u00e9\u00a0 avec la d\u00e9put\u00e9e europ\u00e9enne Chiara Maria Gemma (ECR, Italie) le 24 mai 2023 &hellip; <\/p>\n<p class=\"link-more\"><a href=\"https:\/\/www.autismeurope.org\/fr\/blog\/2023\/05\/03\/inscrivez-vous-des-maintenant-a-levenement-dae-construire-une-education-et-un-emploi-inclusifs-pour-les-personnes-autistes-qui-aura-lieu-le-24-mai-en-marge-de-leppd\/\" class=\"more-link\">Continue reading<span class=\"screen-reader-text\"> \u00ab\u00a0Inscrivez-vous \u00e0 notre conf\u00e9rence sur l\u2019acc\u00e8s \u00e0 l\u2019emploi et l\u2019\u00e9ducation, le 24 mai 2023\u00a0\u00bb<\/span><\/a><\/p>\n","protected":false},"author":32,"featured_media":47753,"comment_status":"closed","ping_status":"closed","sticky":false,"template":"","format":"standard","meta":{"_acf_changed":false,"_bbp_topic_count":0,"_bbp_reply_count":0,"_bbp_total_topic_count":0,"_bbp_total_reply_count":0,"_bbp_voice_count":0,"_bbp_anonymous_reply_count":0,"_bbp_topic_count_hidden":0,"_bbp_reply_count_hidden":0,"_bbp_forum_subforum_count":0,"footnotes":""},"categories":[95],"tags":[],"class_list":["post-47809","post","type-post","status-publish","format-standard","has-post-thumbnail","hentry","category-news-fr"],"acf":[],"_links":{"self":[{"href":"https:\/\/www.autismeurope.org\/fr\/wp-json\/wp\/v2\/posts\/47809","targetHints":{"allow":["GET"]}}],"collection":[{"href":"https:\/\/www.autismeurope.org\/fr\/wp-json\/wp\/v2\/posts"}],"about":[{"href":"https:\/\/www.autismeurope.org\/fr\/wp-json\/wp\/v2\/types\/post"}],"author":[{"embeddable":true,"href":"https:\/\/www.autismeurope.org\/fr\/wp-json\/wp\/v2\/users\/32"}],"replies":[{"embeddable":true,"href":"https:\/\/www.autismeurope.org\/fr\/wp-json\/wp\/v2\/comments?post=47809"}],"version-history":[{"count":13,"href":"https:\/\/www.autismeurope.org\/fr\/wp-json\/wp\/v2\/posts\/47809\/revisions"}],"predecessor-version":[{"id":48074,"href":"https:\/\/www.autismeurope.org\/fr\/wp-json\/wp\/v2\/posts\/47809\/revisions\/48074"}],"wp:featuredmedia":[{"embeddable":true,"href":"https:\/\/www.autismeurope.org\/fr\/wp-json\/wp\/v2\/media\/47753"}],"wp:attachment":[{"href":"https:\/\/www.autismeurope.org\/fr\/wp-json\/wp\/v2\/media?parent=47809"}],"wp:term":[{"taxonomy":"category","embeddable":true,"href":"https:\/\/www.autismeurope.org\/fr\/wp-json\/wp\/v2\/categories?post=47809"},{"taxonomy":"post_tag","embeddable":true,"href":"https:\/\/www.autismeurope.org\/fr\/wp-json\/wp\/v2\/tags?post=47809"}],"curies":[{"name":"wp","href":"https:\/\/api.w.org\/{rel}","templated":true}]}}