{"id":47823,"date":"2023-05-03T11:12:45","date_gmt":"2023-05-03T09:12:45","guid":{"rendered":"https:\/\/www.autismeurope.org\/fr\/?p=47823"},"modified":"2023-05-10T12:46:07","modified_gmt":"2023-05-10T10:46:07","slug":"hommage-a-jolijn-et-jan-deux-fervents-autorepresentants-des-pays-bas","status":"publish","type":"post","link":"https:\/\/www.autismeurope.org\/fr\/blog\/2023\/05\/03\/hommage-a-jolijn-et-jan-deux-fervents-autorepresentants-des-pays-bas\/","title":{"rendered":"Hommage \u00e0 Jolijn et Jan : deux fervents autorepr\u00e9sentants des Pays-Bas"},"content":{"rendered":"<blockquote><p><strong><span style=\"font-size: 12pt\">La semaine derni\u00e8re, nous avons appris la triste nouvelle du d\u00e9c\u00e8s de deux coll\u00e8gues et autorepr\u00e9sentants des droits de l&rsquo;homme des Pays-Bas, Jolijn Santegoeds, membre du conseil d&rsquo;administration du FEPH et repr\u00e9sentante du R\u00e9seau europ\u00e9en des (ex) usagers et survivants de la psychiatrie (ENUSP), et Jan Verhaegh, ancien membre du Conseil d&rsquo;administration d\u2019AE. Nous tenions \u00e0 rendre hommage \u00e0 Jolijn et Jan et \u00e0 leur combat crucial en faveur des droits de ceux qui sont trop souvent laiss\u00e9s pour compte.<\/span><\/strong><\/p><\/blockquote>\n<p><span style=\"font-size: 12pt\"><strong>Jan Verhaegh<\/strong> a rejoint le Conseil d&rsquo;administration d&rsquo;Autisme-Europe de 2010 jusqu&rsquo;en 2020, apr\u00e8s avoir \u00e9t\u00e9 diagnostiqu\u00e9 Asperger \u00e0 l&rsquo;\u00e2ge de 60 ans. En raison de ce diagnostic tardif, Jan n&rsquo;a b\u00e9n\u00e9fici\u00e9 d&rsquo;aucun soutien ni d&rsquo;aucune compr\u00e9hension pendant son enfance, puis \u00e0 l&rsquo;\u00e2ge adulte. Au lieu de cela, il a \u00e9t\u00e9 s\u00e9par\u00e9 de ses parents \u00e0 un jeune \u00e2ge et envoy\u00e9 dans une \u00e9cole tr\u00e8s stricte pour \u00eatre disciplin\u00e9. Plus tard, il s&rsquo;est mari\u00e9, a eu deux enfants et est devenu enseignant, mais il a \u00e9galement connu de graves probl\u00e8mes de sant\u00e9 mentale. Jan est donc devenu actif dans les organisations d&rsquo;usagers de la psychiatrie, d&rsquo;abord au niveau national, puis \u00e0 l&rsquo;ENUSP en 2005.<\/span><\/p>\n<p><span style=\"font-size: 12pt\">Europ\u00e9en enthousiaste, Jan s&rsquo;est impliqu\u00e9 au sein d\u2019AE apr\u00e8s avoir re\u00e7u un diagnostic d&rsquo;autisme. Il y a \u00e9t\u00e9 une voix forte pour les adultes autistes et un ardent d\u00e9fenseur de la participation des autorepr\u00e9sentants au sein de l&rsquo;organisation.<\/span><\/p>\n<p><span style=\"font-size: 12pt\">Jan \u00e9tait heureux de constater que la soci\u00e9t\u00e9 \u00e9volue :<\/span><\/p>\n<blockquote><p><span style=\"font-size: 12pt\">\u00ab Les personnes autistes sont des sortes d&rsquo;\u00e9trangers qui n&rsquo;ont pas la possibilit\u00e9 de t\u00e9l\u00e9phoner chez eux parce qu&rsquo;il n&rsquo;y a pas de foyer capable de les comprendre. Cette situation est en train de changer et c&rsquo;est tr\u00e8s positif. \u00bb<\/span><\/p><\/blockquote>\n<p><span style=\"font-size: 12pt\">Nous veillerons \u00e0 perp\u00e9tuer son h\u00e9ritage \u00e0 travers notre travail et nous nous souviendrons toujours de Jan pour son sens de la justice, son \u00e9rudition, son rire contagieux et sa gentillesse. Nos pens\u00e9es vont \u00e0 sa famille et \u00e0 ses amis, qui l&rsquo;aimaient beaucoup.<\/span><\/p>\n<p><span style=\"font-size: 12pt\">De nombreux membres d&rsquo;AE ont partag\u00e9 des messages \u00e0 la m\u00e9moire de Jan :<\/span><\/p>\n<blockquote><p><span style=\"font-size: 12pt\">\u00ab Jan \u00e9tait comme un grand fr\u00e8re pour moi tout au long de mon parcours de promotion des droits des personnes autistes, depuis que nous avons rejoint l&rsquo;AE ensemble : un stimulus constant avec des id\u00e9es intelligentes et fortes d&rsquo;un esprit jeune et charmant \u00e0 l&rsquo;int\u00e9rieur d&rsquo;un vieux corps. Jan \u00e9tait si \u00e9trangement amusant que m\u00eame un trajet en bus ou une courte promenade se transformaient en moments dr\u00f4les inoubliables avec des rires doux et des blagues subtiles. \u00bb<\/span><\/p>\n<p><strong><span style=\"font-size: 12pt\">Pietro Cirrincione (Italie)<\/span><\/strong><\/p>\n<p><span style=\"font-size: 12pt\">\u00ab Je suis attrist\u00e9 d&rsquo;apprendre le d\u00e9c\u00e8s de Jan, car je n&rsquo;en avais pas entendu parler. Jan \u00e9tait aussi pour moi une personne extr\u00eamement sp\u00e9ciale lorsque je suis entr\u00e9 pour la premi\u00e8re fois dans le monde d&rsquo;Autisme-Europe, essayant de trouver ma voie en tant que l&rsquo;une des rares personnes avec un diagnostic essayant d&rsquo;apporter une contribution. Je le voyais comme un havre de s\u00e9curit\u00e9 et un endroit o\u00f9 je pouvais partager mes inqui\u00e9tudes et mes espoirs sans jugement. C&rsquo;\u00e9tait un g\u00e9ant qui avait un c\u0153ur tout aussi grand. \u00bb<\/span><\/p>\n<p><strong><span style=\"font-size: 12pt\">Monique Post (Pays-Bas)<\/span><\/strong><\/p>\n<p><span style=\"font-size: 12pt\">\u00ab Mes condol\u00e9ances \u00e0 la famille de Jan et \u00e0 tous les membres d&rsquo;Autisme Europe. Jan sera toujours dans nos esprits et nos c\u0153urs. \u00bb<\/span><\/p>\n<p><strong><span style=\"font-size: 12pt\">Natalia Blanco (Espagne)<\/span><\/strong><\/p>\n<p><span style=\"font-size: 12pt\">\u00ab Jan \u00e9tait une r\u00e9f\u00e9rence pour nous tous. \u00bb<\/span><\/p>\n<p><strong><span style=\"font-size: 12pt\">Marta Roca (Espagne)<\/span><\/strong><\/p><\/blockquote>\n<p><span style=\"font-size: 12pt\">La semaine derni\u00e8re, nous avons \u00e9galement \u00e9t\u00e9 tr\u00e8s attrist\u00e9s d&rsquo;apprendre le d\u00e9c\u00e8s de <strong>Jolijn Santegoeds<\/strong>, membre du conseil d&rsquo;administration du FEPH, repr\u00e9sentant du R\u00e9seau europ\u00e9en des (ex) usagers et survivants de la psychiatrie (ENUSP) et co-pr\u00e9sident du R\u00e9seau mondial des usagers et survivants de la psychiatrie. Autism-Europe coop\u00e9rait depuis longtemps avec Jolijn dans le cadre de la <a href=\"https:\/\/www.autismeurope.org\/what-we-do\/rights-promotion\/withdraw-the-additional-protocol-to-the-oviedo-convention\/\" target=\"_blank\" rel=\"noopener\"><strong>campagne \u00abWithdraw Oviedo\u00bb<\/strong><\/a> .<\/span><\/p>\n<p><span style=\"font-size: 12pt\">Jolijn a consacr\u00e9 sa vie \u00e0 la sensibilisation et \u00e0 la lutte contre les traitements forc\u00e9s. Elle a inspir\u00e9 bon nombre de personnes autour d&rsquo;elle.\u00a0 Nous souhaitons faire \u00e9cho aux paroles de Yannis Vardakastanis, pr\u00e9sident du FEPH, qui a d\u00e9clar\u00e9 :<\/span><\/p>\n<blockquote><p><span style=\"font-size: 12pt\">\u00ab La perte de Jolijn est insupportable. Elle va nous manquer profond\u00e9ment dans tous nos travaux, tant sur le plan personnel que professionnel. Jolijn \u00e9tait une figure de proue du mouvement des personnes handicap\u00e9es et elle a mis en lumi\u00e8re les injustices partout dans le monde. Nous devons poursuivre le combat de Joljin pour les droits des personnes ayant un handicap psychosocial. \u00bb<\/span><\/p><\/blockquote>\n<p><a href=\"https:\/\/www.edf-feph.org\/we-mourn-the-loss-of-jolijn-santegoeds-disability-activist-and-voice-for-people-with-psychosocial-disabilities\/\" target=\"_blank\" rel=\"noopener\"><strong><span style=\"font-size: 12pt\">Pour en savoir plus sur Jolijn, cliquez ici.<\/span><\/strong><\/a><\/p>\n","protected":false},"excerpt":{"rendered":"<p>La semaine derni\u00e8re, nous avons appris la triste nouvelle du d\u00e9c\u00e8s de deux coll\u00e8gues et autorepr\u00e9sentants des droits de l&rsquo;homme des Pays-Bas, Jolijn Santegoeds, membre du conseil d&rsquo;administration du FEPH &hellip; <\/p>\n<p class=\"link-more\"><a href=\"https:\/\/www.autismeurope.org\/fr\/blog\/2023\/05\/03\/hommage-a-jolijn-et-jan-deux-fervents-autorepresentants-des-pays-bas\/\" class=\"more-link\">Continue reading<span class=\"screen-reader-text\"> \u00ab\u00a0Hommage \u00e0 Jolijn et Jan : deux fervents autorepr\u00e9sentants des Pays-Bas\u00a0\u00bb<\/span><\/a><\/p>\n","protected":false},"author":32,"featured_media":47746,"comment_status":"closed","ping_status":"closed","sticky":false,"template":"","format":"standard","meta":{"_acf_changed":false,"_bbp_topic_count":0,"_bbp_reply_count":0,"_bbp_total_topic_count":0,"_bbp_total_reply_count":0,"_bbp_voice_count":0,"_bbp_anonymous_reply_count":0,"_bbp_topic_count_hidden":0,"_bbp_reply_count_hidden":0,"_bbp_forum_subforum_count":0,"footnotes":""},"categories":[95],"tags":[],"class_list":["post-47823","post","type-post","status-publish","format-standard","has-post-thumbnail","hentry","category-news-fr"],"acf":[],"_links":{"self":[{"href":"https:\/\/www.autismeurope.org\/fr\/wp-json\/wp\/v2\/posts\/47823","targetHints":{"allow":["GET"]}}],"collection":[{"href":"https:\/\/www.autismeurope.org\/fr\/wp-json\/wp\/v2\/posts"}],"about":[{"href":"https:\/\/www.autismeurope.org\/fr\/wp-json\/wp\/v2\/types\/post"}],"author":[{"embeddable":true,"href":"https:\/\/www.autismeurope.org\/fr\/wp-json\/wp\/v2\/users\/32"}],"replies":[{"embeddable":true,"href":"https:\/\/www.autismeurope.org\/fr\/wp-json\/wp\/v2\/comments?post=47823"}],"version-history":[{"count":6,"href":"https:\/\/www.autismeurope.org\/fr\/wp-json\/wp\/v2\/posts\/47823\/revisions"}],"predecessor-version":[{"id":47844,"href":"https:\/\/www.autismeurope.org\/fr\/wp-json\/wp\/v2\/posts\/47823\/revisions\/47844"}],"wp:featuredmedia":[{"embeddable":true,"href":"https:\/\/www.autismeurope.org\/fr\/wp-json\/wp\/v2\/media\/47746"}],"wp:attachment":[{"href":"https:\/\/www.autismeurope.org\/fr\/wp-json\/wp\/v2\/media?parent=47823"}],"wp:term":[{"taxonomy":"category","embeddable":true,"href":"https:\/\/www.autismeurope.org\/fr\/wp-json\/wp\/v2\/categories?post=47823"},{"taxonomy":"post_tag","embeddable":true,"href":"https:\/\/www.autismeurope.org\/fr\/wp-json\/wp\/v2\/tags?post=47823"}],"curies":[{"name":"wp","href":"https:\/\/api.w.org\/{rel}","templated":true}]}}