{"id":47902,"date":"2023-05-09T16:20:42","date_gmt":"2023-05-09T14:20:42","guid":{"rendered":"https:\/\/www.autismeurope.org\/fr\/?p=47902"},"modified":"2023-05-17T16:23:19","modified_gmt":"2023-05-17T14:23:19","slug":"les-membres-dautisme-europe-se-sont-reunis-a-stockholm-et-ont-celebre-le-40e-anniversaire-de-lorganisation","status":"publish","type":"post","link":"https:\/\/www.autismeurope.org\/fr\/blog\/2023\/05\/09\/les-membres-dautisme-europe-se-sont-reunis-a-stockholm-et-ont-celebre-le-40e-anniversaire-de-lorganisation\/","title":{"rendered":"Les membres d\u2019Autisme-Europe se sont r\u00e9unis \u00e0 Stockholm et ont c\u00e9l\u00e9br\u00e9 le 40e anniversaire de l\u2019organisation"},"content":{"rendered":"<blockquote><p><span style=\"font-size: 12pt\"><strong>Les 6 et 7 mai 2023, Autisme-Europe a tenu son Assembl\u00e9e g\u00e9n\u00e9rale annuelle (AGA) et son Conseil d&rsquo;administration (CA) sous format hybride. Une quarantaine de repr\u00e9sentants se sont r\u00e9unis sur place \u00e0 Stockholm (Su\u00e8de). La r\u00e9union a \u00e9t\u00e9 intense, fructueuse, et mais aussi conviviale puisque les membres y ont c\u00e9l\u00e9br\u00e9 les 40 ans d&rsquo;AE.<\/strong><\/span><\/p><\/blockquote>\n<p><span style=\"font-size: 12pt\">Le vendredi 5 mai, les membres d&rsquo;AE se sont rendus au bureau de la <a href=\"Swedish%20Disability%20Rights%20Federation\">F\u00e9d\u00e9ration su\u00e9doise des droits des personnes handicap\u00e9es<\/a> o\u00f9 ils ont assist\u00e9 \u00e0 un atelier organis\u00e9 par notre association membre Autism Sweden. Ce fut l&rsquo;occasion de d\u00e9couvrir les activit\u00e9s et les priorit\u00e9s de notre membre su\u00e9dois et d&rsquo;en apprendre davantage sur la situation des personnes autistes et de leurs familles en Su\u00e8de. Parmi les sujets abord\u00e9s figuraient l&rsquo;acc\u00e8s \u00e0 l&rsquo;\u00e9ducation et la prestation de services tout au long de la vie, ainsi que les lignes directrices nationales r\u00e9cemment adopt\u00e9es par la Su\u00e8de en mati\u00e8re d&rsquo;autisme. Nous avons \u00e9galement discut\u00e9 des pr\u00e9jug\u00e9s sexistes dans le diagnostic de l&rsquo;autisme. Notre h\u00f4te a soulign\u00e9 les d\u00e9fis particuliers auxquels sont confront\u00e9es les filles et les femmes autistes, de m\u00eame que les personnes \u00e2g\u00e9es autistes.<\/span><\/p>\n<p><span style=\"font-size: 12pt\">Le samedi 6 mai, l&rsquo;AGA a adopt\u00e9 le programme de travail, le budget 2023 d&rsquo;AE, ainsi que le rapport d&rsquo;activit\u00e9s de 2022 mis en \u0153uvre dans le cadre du programme Citoyens, \u00e9galit\u00e9, droits et valeurs de l&rsquo;UE, et a \u00e9t\u00e9 tenue inform\u00e9e des mises \u00e0 jour concernant les divers projets europ\u00e9ens auxquels participe l&rsquo;association.<\/span><\/p>\n<blockquote><p><span style=\"font-size: 12pt\"><a href=\"https:\/\/www.autismeurope.org\/what-we-do\/european-projects\/\"><strong>En savoir plus sur les projets europ\u00e9ens d\u2019AE<\/strong><\/a><\/span><\/p><\/blockquote>\n<p><span style=\"font-size: 12pt\">Inna Sergiyenko, de notre association-membre ukrainienne <a href=\"https:\/\/cwf.com.ua\/en\/\">Child With Future<\/a>, a pr\u00e9sent\u00e9 les r\u00e9sultats pr\u00e9liminaires d&rsquo;une enqu\u00eate qu&rsquo;elle a men\u00e9e sur l&rsquo;impact de la guerre en Ukraine et la situation des r\u00e9fugi\u00e9s autistes et de leurs familles.\u00a0<\/span><\/p>\n<p><span style=\"font-size: 12pt\">L&rsquo;apr\u00e8s-midi, les membres d&rsquo;AE ont discut\u00e9 des prochaines \u00e9lections du Parlement europ\u00e9en de 2024 et des principales priorit\u00e9s de la communaut\u00e9 de l&rsquo;autisme.\u00a0 Les membres ont \u00e9galement \u00e9chang\u00e9 des id\u00e9es sur le processus de consultation en vue des prochaines campagnes d&rsquo;AE lanc\u00e9es \u00e0 l\u2019occasion de la Journ\u00e9e mondiale de sensibilisation \u00e0 l&rsquo;autisme.<\/span><\/p>\n<p><span style=\"font-size: 12pt\">Cette ann\u00e9e, le r\u00e9seau d&rsquo;AE continue de s&rsquo;\u00e9tendre avec l\u2019accueil de trois nouveaux membres : La <a href=\"https:\/\/fedcatalanautisme.org\/\">Federaci\u00f3 Catalana d&rsquo;Autisme (Spain)<\/a> en tant que membre affili\u00e9, <a href=\"http:\/\/autismmoldova.md\/\">AO \u00ab\u00a0SOS Autism\u00a0\u00bb Moldavie <\/a>\u00a0et <a href=\"https:\/\/birgesaglam.az\/\">Together and Healthy Public Union (Azerba\u00efdjan)<\/a> en tant que membres associ\u00e9s.<\/span><\/p>\n<blockquote><p><strong><span style=\"font-size: 12pt\"><a href=\"https:\/\/www.autismeurope.org\/wp-content\/uploads\/2023\/04\/Members-associations-of-Autism-Europe_2023.pdf\">Consulter la liste des membres d\u2019AE<\/a><\/span><\/strong><\/p><\/blockquote>\n<p><span style=\"font-size: 12pt\">Le dimanche 7 mai, lors de la r\u00e9union du CA, AsIAm, membre irlandais d&rsquo;AE, a pr\u00e9sent\u00e9 les derni\u00e8res mises \u00e0 jour relatives au prochain Congr\u00e8s international d&rsquo;Autisme-Europe qui aura lieu \u00e0 Dublin, en Irlande, en 2025. Romane GARCIA <a href=\"Autism%20Switzerland\">d&rsquo;Autisme Suisse<\/a> a \u00e9t\u00e9 coopt\u00e9e au sein du Conseil d&rsquo;administration.<\/span><\/p>\n<p><span style=\"font-size: 12pt\">Nous avons eu le plaisir de c\u00e9l\u00e9brer notre 40<sup>e<\/sup> anniversaire avec trois anciennes pr\u00e9sidentes d&rsquo;AE, Zsuzsanna Szilvasy, Evelyne Friedel et Donata Vivanti, aux c\u00f4t\u00e9s de l&rsquo;actuel pr\u00e9sident d&rsquo;AE, Harald Neerland, et de nos membres. Ils ont \u00e9chang\u00e9 leurs points de vue sur l&rsquo;\u00e9volution d&rsquo;Autisme-Europe au cours des derni\u00e8res d\u00e9cennies, sur la fa\u00e7on dont l&rsquo;organisation s&rsquo;est d\u00e9velopp\u00e9e et sur les prochains d\u00e9fis que devra relever la communaut\u00e9 de l&rsquo;autisme.<\/span><\/p>\n<blockquote><p><strong><span style=\"font-size: 12pt\"><a href=\"https:\/\/www.facebook.com\/autismeurope.AE\/posts\/pfbid0K2wwKWeyV7KP37yH52itwKVmMnUdcrcHdRoMjuwKM1ZKxy7iCzVTkwtdG8PmYhKSl\">Voir les photo de l\u2019AGA<\/a><\/span><\/strong><\/p><\/blockquote>\n<p><span style=\"font-size: 12pt\">AE tient \u00e0 remercier chaleureusement ses membres pour leur participation aux r\u00e9unions en personne et en ligne, pour leur travail et leurs efforts visant \u00e0 faire valoir les droits des personnes autistes \u00e0 travers l&rsquo;Europe.<\/span><\/p>\n","protected":false},"excerpt":{"rendered":"<p>Les 6 et 7 mai 2023, Autisme-Europe a tenu son Assembl\u00e9e g\u00e9n\u00e9rale annuelle (AGA) et son Conseil d&rsquo;administration (CA) sous format hybride. Une quarantaine de repr\u00e9sentants se sont r\u00e9unis sur &hellip; <\/p>\n<p class=\"link-more\"><a href=\"https:\/\/www.autismeurope.org\/fr\/blog\/2023\/05\/09\/les-membres-dautisme-europe-se-sont-reunis-a-stockholm-et-ont-celebre-le-40e-anniversaire-de-lorganisation\/\" class=\"more-link\">Continue reading<span class=\"screen-reader-text\"> \u00ab\u00a0Les membres d\u2019Autisme-Europe se sont r\u00e9unis \u00e0 Stockholm et ont c\u00e9l\u00e9br\u00e9 le 40e anniversaire de l\u2019organisation\u00a0\u00bb<\/span><\/a><\/p>\n","protected":false},"author":32,"featured_media":47898,"comment_status":"closed","ping_status":"closed","sticky":false,"template":"","format":"standard","meta":{"_acf_changed":false,"_bbp_topic_count":0,"_bbp_reply_count":0,"_bbp_total_topic_count":0,"_bbp_total_reply_count":0,"_bbp_voice_count":0,"_bbp_anonymous_reply_count":0,"_bbp_topic_count_hidden":0,"_bbp_reply_count_hidden":0,"_bbp_forum_subforum_count":0,"footnotes":""},"categories":[95],"tags":[],"class_list":["post-47902","post","type-post","status-publish","format-standard","has-post-thumbnail","hentry","category-news-fr"],"acf":[],"_links":{"self":[{"href":"https:\/\/www.autismeurope.org\/fr\/wp-json\/wp\/v2\/posts\/47902","targetHints":{"allow":["GET"]}}],"collection":[{"href":"https:\/\/www.autismeurope.org\/fr\/wp-json\/wp\/v2\/posts"}],"about":[{"href":"https:\/\/www.autismeurope.org\/fr\/wp-json\/wp\/v2\/types\/post"}],"author":[{"embeddable":true,"href":"https:\/\/www.autismeurope.org\/fr\/wp-json\/wp\/v2\/users\/32"}],"replies":[{"embeddable":true,"href":"https:\/\/www.autismeurope.org\/fr\/wp-json\/wp\/v2\/comments?post=47902"}],"version-history":[{"count":2,"href":"https:\/\/www.autismeurope.org\/fr\/wp-json\/wp\/v2\/posts\/47902\/revisions"}],"predecessor-version":[{"id":47904,"href":"https:\/\/www.autismeurope.org\/fr\/wp-json\/wp\/v2\/posts\/47902\/revisions\/47904"}],"wp:featuredmedia":[{"embeddable":true,"href":"https:\/\/www.autismeurope.org\/fr\/wp-json\/wp\/v2\/media\/47898"}],"wp:attachment":[{"href":"https:\/\/www.autismeurope.org\/fr\/wp-json\/wp\/v2\/media?parent=47902"}],"wp:term":[{"taxonomy":"category","embeddable":true,"href":"https:\/\/www.autismeurope.org\/fr\/wp-json\/wp\/v2\/categories?post=47902"},{"taxonomy":"post_tag","embeddable":true,"href":"https:\/\/www.autismeurope.org\/fr\/wp-json\/wp\/v2\/tags?post=47902"}],"curies":[{"name":"wp","href":"https:\/\/api.w.org\/{rel}","templated":true}]}}