{"id":47985,"date":"2023-06-08T13:42:17","date_gmt":"2023-06-08T11:42:17","guid":{"rendered":"https:\/\/www.autismeurope.org\/fr\/?p=47985"},"modified":"2023-06-08T13:42:17","modified_gmt":"2023-06-08T11:42:17","slug":"autism-europe-a-signe-une-lettre-commune-de-la-societe-civile-sur-le-retrait-des-coordonnees-des-fonctionnaires-de-la-commission-europeenne-de-lannuaire-whoiswho","status":"publish","type":"post","link":"https:\/\/www.autismeurope.org\/fr\/blog\/2023\/06\/08\/autism-europe-a-signe-une-lettre-commune-de-la-societe-civile-sur-le-retrait-des-coordonnees-des-fonctionnaires-de-la-commission-europeenne-de-lannuaire-whoiswho\/","title":{"rendered":"Autism-Europe a sign\u00e9 une lettre commune de la soci\u00e9t\u00e9 civile sur le retrait des coordonn\u00e9es des fonctionnaires de la Commission europ\u00e9enne de l&rsquo;annuaire \u00abWhoiswho\u00bb"},"content":{"rendered":"<blockquote><p><span style=\"font-size: 12pt\"><strong>Plus de 110 organisations de la soci\u00e9t\u00e9 civile europ\u00e9enne ont sign\u00e9 une lettre adress\u00e9e aux commissaires Hahn et Jourov\u00e1 concernant la d\u00e9cision de retirer de l&rsquo;annuaire \u00ab Whoiswho \u00bb les coordonn\u00e9es de tous les fonctionnaires de la Commission europ\u00e9enne de niveau inf\u00e9rieur \u00e0 celui de chef d&rsquo;unit\u00e9.\u00a0<\/strong><\/span><\/p><\/blockquote>\n<p><span style=\"font-size: 12pt\">Cette d\u00e9cision limite les possibilit\u00e9s de dialogue civil et r\u00e9duit la transparence institutionnelle \u00e0 un moment o\u00f9 elle doit \u00eatre renforc\u00e9e. Cette d\u00e9cision pourrait \u00eatre source d&rsquo;in\u00e9galit\u00e9, car seules les parties prenantes disposant de capacit\u00e9s et de ressources plus importantes pourront continuer \u00e0 dialoguer avec les fonctionnaires de la Commission europ\u00e9enne. Cela comporte le risque d&rsquo;une repr\u00e9sentation d\u00e9s\u00e9quilibr\u00e9e des int\u00e9r\u00eats et ouvre la porte \u00e0 des zones d&rsquo;ombre o\u00f9 une influence indue peut se d\u00e9velopper.<\/span><\/p>\n<p><span style=\"font-size: 12pt\">L&rsquo;acc\u00e8s \u00e0 l&rsquo;information est une condition pr\u00e9alable essentielle \u00e0 un dialogue civil significatif et \u00e0 la participation d\u00e9mocratique. C&rsquo;est pourquoi, avec une large coalition d&rsquo;organisations de la soci\u00e9t\u00e9 civile, Autism-Europe a sign\u00e9 la lettre initi\u00e9e par Civil Society Europe et <a href=\"https:\/\/www.socialplatform.org\/\" target=\"_blank\" rel=\"noopener\">Social Platform<\/a> pour appeler \u00e0 un pas en avant pour la transparence institutionnelle.<\/span><\/p>\n<p><span style=\"font-size: 12pt\">Nous demandons \u00e0 la Commission europ\u00e9enne d&rsquo;au moins r\u00e9tablir les coordonn\u00e9es des fonctionnaires dans le r\u00e9pertoire \u00ab Whoiswho \u00bb et, de pr\u00e9f\u00e9rence, de prendre d&rsquo;autres mesures pour am\u00e9liorer la transparence institutionnelle.<\/span><\/p>\n<blockquote><p><a href=\"https:\/\/www.autismeurope.org\/wp-content\/uploads\/2023\/06\/Letter-to-Commissioners-Hahn-Jourova-on-disclosure-of-EC-civil-servants.pdf\" target=\"_blank\" rel=\"noopener\"><strong><span style=\"font-size: 12pt\">Lire la lettre compl\u00e8te ici.<\/span><\/strong><\/a><\/p><\/blockquote>\n","protected":false},"excerpt":{"rendered":"<p>Plus de 110 organisations de la soci\u00e9t\u00e9 civile europ\u00e9enne ont sign\u00e9 une lettre adress\u00e9e aux commissaires Hahn et Jourov\u00e1 concernant la d\u00e9cision de retirer de l&rsquo;annuaire \u00ab Whoiswho \u00bb les &hellip; <\/p>\n<p class=\"link-more\"><a href=\"https:\/\/www.autismeurope.org\/fr\/blog\/2023\/06\/08\/autism-europe-a-signe-une-lettre-commune-de-la-societe-civile-sur-le-retrait-des-coordonnees-des-fonctionnaires-de-la-commission-europeenne-de-lannuaire-whoiswho\/\" class=\"more-link\">Continue reading<span class=\"screen-reader-text\"> \u00ab\u00a0Autism-Europe a sign\u00e9 une lettre commune de la soci\u00e9t\u00e9 civile sur le retrait des coordonn\u00e9es des fonctionnaires de la Commission europ\u00e9enne de l&rsquo;annuaire \u00abWhoiswho\u00bb\u00a0\u00bb<\/span><\/a><\/p>\n","protected":false},"author":32,"featured_media":47980,"comment_status":"closed","ping_status":"closed","sticky":false,"template":"","format":"standard","meta":{"_acf_changed":false,"_bbp_topic_count":0,"_bbp_reply_count":0,"_bbp_total_topic_count":0,"_bbp_total_reply_count":0,"_bbp_voice_count":0,"_bbp_anonymous_reply_count":0,"_bbp_topic_count_hidden":0,"_bbp_reply_count_hidden":0,"_bbp_forum_subforum_count":0,"footnotes":""},"categories":[95],"tags":[],"class_list":["post-47985","post","type-post","status-publish","format-standard","has-post-thumbnail","hentry","category-news-fr"],"acf":[],"_links":{"self":[{"href":"https:\/\/www.autismeurope.org\/fr\/wp-json\/wp\/v2\/posts\/47985","targetHints":{"allow":["GET"]}}],"collection":[{"href":"https:\/\/www.autismeurope.org\/fr\/wp-json\/wp\/v2\/posts"}],"about":[{"href":"https:\/\/www.autismeurope.org\/fr\/wp-json\/wp\/v2\/types\/post"}],"author":[{"embeddable":true,"href":"https:\/\/www.autismeurope.org\/fr\/wp-json\/wp\/v2\/users\/32"}],"replies":[{"embeddable":true,"href":"https:\/\/www.autismeurope.org\/fr\/wp-json\/wp\/v2\/comments?post=47985"}],"version-history":[{"count":1,"href":"https:\/\/www.autismeurope.org\/fr\/wp-json\/wp\/v2\/posts\/47985\/revisions"}],"predecessor-version":[{"id":47987,"href":"https:\/\/www.autismeurope.org\/fr\/wp-json\/wp\/v2\/posts\/47985\/revisions\/47987"}],"wp:featuredmedia":[{"embeddable":true,"href":"https:\/\/www.autismeurope.org\/fr\/wp-json\/wp\/v2\/media\/47980"}],"wp:attachment":[{"href":"https:\/\/www.autismeurope.org\/fr\/wp-json\/wp\/v2\/media?parent=47985"}],"wp:term":[{"taxonomy":"category","embeddable":true,"href":"https:\/\/www.autismeurope.org\/fr\/wp-json\/wp\/v2\/categories?post=47985"},{"taxonomy":"post_tag","embeddable":true,"href":"https:\/\/www.autismeurope.org\/fr\/wp-json\/wp\/v2\/tags?post=47985"}],"curies":[{"name":"wp","href":"https:\/\/api.w.org\/{rel}","templated":true}]}}