{"id":48086,"date":"2023-07-05T11:11:31","date_gmt":"2023-07-05T09:11:31","guid":{"rendered":"https:\/\/www.autismeurope.org\/fr\/?p=48086"},"modified":"2023-07-05T11:11:31","modified_gmt":"2023-07-05T09:11:31","slug":"le-representant-dae-ben-rowsowe-a-partage-son-experience-a-la-rencontre-des-jeunes-europeens-2023","status":"publish","type":"post","link":"https:\/\/www.autismeurope.org\/fr\/blog\/2023\/07\/05\/le-representant-dae-ben-rowsowe-a-partage-son-experience-a-la-rencontre-des-jeunes-europeens-2023\/","title":{"rendered":"Le repr\u00e9sentant d\u2019AE, Ben Rowsowe, a partag\u00e9 son exp\u00e9rience \u00e0 la Rencontre des jeunes europ\u00e9ens 2023"},"content":{"rendered":"<blockquote><p><span style=\"font-size: 12pt\"><strong>En juin, Ben Rowsome faisait partie de la d\u00e9l\u00e9gation du Comit\u00e9 Jeunesse du Forum europ\u00e9en des personnes handicap\u00e9es (FEPH) qui \u00e9tait pr\u00e9sente \u00e0 la Rencontre des jeunes europ\u00e9ens (EYE) 2023 au Parlement europ\u00e9en (PE) \u00e0 Strasbourg (France). Ben a notamment abord\u00e9 les questions d&rsquo;accessibilit\u00e9 des personnes handicap\u00e9es dans une vid\u00e9o professionnelle enregistr\u00e9e au Parlement europ\u00e9en et a mod\u00e9r\u00e9 le panel \u00ab\u00a0Travailler en Europe. Accessible pour tous ?\u00a0\u00bb le 10 juin. Les participants \u00e0 ce panel ont discut\u00e9 de la situation de l&#8217;emploi des personnes handicap\u00e9es en Europe. L&rsquo;EYE 2023 a rassembl\u00e9 plus de 10 000 jeunes de toute l&rsquo;Europe. Ben nous livre l\u2019exp\u00e9rience qu\u2019il a retir\u00e9e de sa participation \u00e0 cet \u00e9v\u00e9nement de haut niveau.<\/strong><\/span><\/p><\/blockquote>\n<p><span style=\"font-size: 12pt\"><br \/>\n\u00ab\u00a0Les 9 et 10 juin, j&rsquo;ai particip\u00e9 \u00e0 la Rencontre des jeunes europ\u00e9ens 2023 (EYE2023) \u00e0 Strasbourg, en France, aux c\u00f4t\u00e9s de mes coll\u00e8gues d\u00e9fenseurs des droits des personnes handicap\u00e9es du Comit\u00e9 jeunesse du Forum Europ\u00e9en des Personnes Handicap\u00e9es (FEPH). Nous avons eu le privil\u00e8ge d&rsquo;\u00eatre au Parlement europ\u00e9en pour cet \u00e9v\u00e9nement ce qui, dans son ensemble, a \u00e9t\u00e9 une exp\u00e9rience incroyable.<\/span><\/p>\n<p><span style=\"font-size: 12pt\">Le premier jour, dans la matin\u00e9e, nous avons assist\u00e9 \u00e0 la s\u00e9ance d&rsquo;ouverture dans l&rsquo;h\u00e9micycle o\u00f9 nous avons pu nous associer aux autres jeunes d&rsquo;Europe. Nous avons eu l&rsquo;honneur d&rsquo;entendre la pr\u00e9sidente du Parlement europ\u00e9en elle-m\u00eame, Roberta Metsola. Mme Metsola a parl\u00e9 avec conviction et passion de la solidarit\u00e9 au sein de l&rsquo;Europe, et a en outre soulign\u00e9 l&rsquo;importance du r\u00f4le que jouent les jeunes europ\u00e9ens.<\/span><\/p>\n<p><span style=\"font-size: 12pt\">Vers la fin de l&rsquo;apr\u00e8s-midi, j&rsquo;ai eu l\u2019opportunit\u00e9 de r\u00e9aliser une vid\u00e9o professionnelle d\u00e9crivant la mani\u00e8re dont nous pouvons rendre des \u00e9v\u00e9nements tels que l\u2019EYE 2023 plus accessibles aux personnes handicap\u00e9es. Cela a toujours fait partie de mes centres d&rsquo;int\u00e9r\u00eat. J&rsquo;ai mentionn\u00e9 l&rsquo;importance de tout pr\u00e9parer \u00e0 l&rsquo;avance, d&rsquo;accueillir les participants \u00e0 l\u2019entr\u00e9e et d&rsquo;obtenir un retour d&rsquo;information apr\u00e8s l&rsquo;\u00e9v\u00e9nement. J&rsquo;ai fait deux prises, qui se sont toutes deux tr\u00e8s bien d\u00e9roul\u00e9es. Je suis vraiment ravi de l&rsquo;avoir fait.<\/span><\/p>\n<p><span style=\"font-size: 12pt\">En fin d&rsquo;apr\u00e8s-midi, j&rsquo;ai assist\u00e9 au premier des deux \u00e9v\u00e9nements organis\u00e9s par le FEPH intitul\u00e9 \u00ab\u00a0Connaissez vos droits !\u00a0\u00bb et anim\u00e9 par mes coll\u00e8gues Loredana Dicsi et Lydia Vlagsma. La session a mis en \u00e9vidence la mani\u00e8re de savoir si les droits des personnes handicap\u00e9es sont bafou\u00e9s, ainsi que les divergences entre les mod\u00e8les caritatif, m\u00e9dical et social. Cet atelier a \u00e9t\u00e9 extr\u00eamement instructif et je pense que tout le monde en a retir\u00e9 beaucoup de choses.<\/span><\/p>\n<p><span style=\"font-size: 12pt\">Le deuxi\u00e8me jour, en fin de matin\u00e9e, j&rsquo;ai anim\u00e9 le panel de l&rsquo;un des deux \u00e9v\u00e9nements du FEPH intitul\u00e9 \u00ab\u00a0Travailler en Europe &#8211; Accessible pour tous ?\u00a0\u00bb. Dans le cadre de cet \u00e9v\u00e9nement, des intervenants exceptionnels ont parl\u00e9 des droits des personnes handicap\u00e9es et de leurs exp\u00e9riences sur le lieu de travail, notamment mes coll\u00e8gues Loredana Dicsi, Elias Tebibel (pr\u00e9sident du Comit\u00e9 des jeunes) et Tamara Byrne, ainsi que le militant slovaque Michal Homolo et l&rsquo;eurod\u00e9put\u00e9 Dragos Pislaru. Je me suis impr\u00e9gn\u00e9 de toute leur sagesse, et j&rsquo;ai beaucoup appris de cette session, m\u00eame si je ne faisais pas partie de l\u2019audience \u00e0 proprement parler !<\/span><\/p>\n<p><span style=\"font-size: 12pt\">\u00a0\u00a0\u00a0\u00a0\u00a0\u00a0\u00a0 Globalement, ce fut une exp\u00e9rience extraordinaire, bien que parfois accablante. En tant que personne autiste, j&rsquo;ai eu beaucoup de mal \u00e0 m\u2019orienter dans les b\u00e2timents (il n&rsquo;y avait pas beaucoup d&rsquo;indications), et avec autant de monde dans un m\u00eame espace (il y aurait eu plus de 10 000 participants en tout), c&rsquo;\u00e9tait assez d\u00e9routant. Etant donn\u00e9 qu&rsquo;il s&rsquo;agissait de ma premi\u00e8re Rencontre des jeunes europ\u00e9ens, j\u2019ai appris beaucoup de choses. A l\u2019avenir, j&rsquo;esp\u00e8re pouvoir mieux retrouver mon chemin, assister \u00e0 d&rsquo;autres \u00e9v\u00e9nements, prendre le temps de voir le village de l&rsquo;EYE, etc. Bien s\u00fbr, rendre des \u00e9v\u00e9nements comme ceux-ci plus adapt\u00e9s aux personnes autistes fait d\u00e9sormais partie de mes objectifs personnels !<\/span><\/p>\n","protected":false},"excerpt":{"rendered":"<p>En juin, Ben Rowsome faisait partie de la d\u00e9l\u00e9gation du Comit\u00e9 Jeunesse du Forum europ\u00e9en des personnes handicap\u00e9es (FEPH) qui \u00e9tait pr\u00e9sente \u00e0 la Rencontre des jeunes europ\u00e9ens (EYE) 2023 &hellip; <\/p>\n<p class=\"link-more\"><a href=\"https:\/\/www.autismeurope.org\/fr\/blog\/2023\/07\/05\/le-representant-dae-ben-rowsowe-a-partage-son-experience-a-la-rencontre-des-jeunes-europeens-2023\/\" class=\"more-link\">Continue reading<span class=\"screen-reader-text\"> \u00ab\u00a0Le repr\u00e9sentant d\u2019AE, Ben Rowsowe, a partag\u00e9 son exp\u00e9rience \u00e0 la Rencontre des jeunes europ\u00e9ens 2023\u00a0\u00bb<\/span><\/a><\/p>\n","protected":false},"author":32,"featured_media":48087,"comment_status":"closed","ping_status":"closed","sticky":false,"template":"","format":"standard","meta":{"_acf_changed":false,"_bbp_topic_count":0,"_bbp_reply_count":0,"_bbp_total_topic_count":0,"_bbp_total_reply_count":0,"_bbp_voice_count":0,"_bbp_anonymous_reply_count":0,"_bbp_topic_count_hidden":0,"_bbp_reply_count_hidden":0,"_bbp_forum_subforum_count":0,"footnotes":""},"categories":[95],"tags":[],"class_list":["post-48086","post","type-post","status-publish","format-standard","has-post-thumbnail","hentry","category-news-fr"],"acf":[],"_links":{"self":[{"href":"https:\/\/www.autismeurope.org\/fr\/wp-json\/wp\/v2\/posts\/48086","targetHints":{"allow":["GET"]}}],"collection":[{"href":"https:\/\/www.autismeurope.org\/fr\/wp-json\/wp\/v2\/posts"}],"about":[{"href":"https:\/\/www.autismeurope.org\/fr\/wp-json\/wp\/v2\/types\/post"}],"author":[{"embeddable":true,"href":"https:\/\/www.autismeurope.org\/fr\/wp-json\/wp\/v2\/users\/32"}],"replies":[{"embeddable":true,"href":"https:\/\/www.autismeurope.org\/fr\/wp-json\/wp\/v2\/comments?post=48086"}],"version-history":[{"count":1,"href":"https:\/\/www.autismeurope.org\/fr\/wp-json\/wp\/v2\/posts\/48086\/revisions"}],"predecessor-version":[{"id":48088,"href":"https:\/\/www.autismeurope.org\/fr\/wp-json\/wp\/v2\/posts\/48086\/revisions\/48088"}],"wp:featuredmedia":[{"embeddable":true,"href":"https:\/\/www.autismeurope.org\/fr\/wp-json\/wp\/v2\/media\/48087"}],"wp:attachment":[{"href":"https:\/\/www.autismeurope.org\/fr\/wp-json\/wp\/v2\/media?parent=48086"}],"wp:term":[{"taxonomy":"category","embeddable":true,"href":"https:\/\/www.autismeurope.org\/fr\/wp-json\/wp\/v2\/categories?post=48086"},{"taxonomy":"post_tag","embeddable":true,"href":"https:\/\/www.autismeurope.org\/fr\/wp-json\/wp\/v2\/tags?post=48086"}],"curies":[{"name":"wp","href":"https:\/\/api.w.org\/{rel}","templated":true}]}}