{"id":48307,"date":"2023-07-06T12:43:56","date_gmt":"2023-07-06T10:43:56","guid":{"rendered":"https:\/\/www.autismeurope.org\/fr\/?p=48307"},"modified":"2023-10-10T14:27:57","modified_gmt":"2023-10-10T12:27:57","slug":"accessibleeu-lancement-du-nouveau-centre-de-ressources-europeen-pour-laccessibilite","status":"publish","type":"post","link":"https:\/\/www.autismeurope.org\/fr\/blog\/2023\/07\/06\/accessibleeu-lancement-du-nouveau-centre-de-ressources-europeen-pour-laccessibilite\/","title":{"rendered":"AccessibleEU : lancement du nouveau centre de ressources europ\u00e9en pour l\u2019accessibilit\u00e9"},"content":{"rendered":"<blockquote><p><span style=\"font-size: 12pt\"><strong>Le 4 juillet, Autism-Europe (AE) a assist\u00e9 au lancement de l&rsquo;initiative de la Commission europ\u00e9enne intitul\u00e9e AccessibleEU. Ce centre de ressources est un guichet unique europ\u00e9en sur l&rsquo;accessibilit\u00e9 qui fournit des exp\u00e9riences, des bonnes pratiques, des guides, des \u00e9tudes et des comp\u00e9tences pratiques \u00e0 une s\u00e9rie d&rsquo;acteurs, dont les d\u00e9cideurs politiques, les l\u00e9gislateurs et les repr\u00e9sentants de la soci\u00e9t\u00e9 civile, tels que les personnes \u00e2g\u00e9es, les personnes handicap\u00e9es et d&rsquo;autres groupes.<\/strong><\/span><\/p><\/blockquote>\n<p><span style=\"font-size: 12pt\">L&rsquo;\u00e9v\u00e9nement a \u00e9t\u00e9 ouvert par Katarina Ivankovic-Knezevic, directrice des droits sociaux et de l&rsquo;inclusion \u00e0 la DG Emploi, affaires sociales et inclusion (Commission europ\u00e9enne), Miguel Carballeda, pr\u00e9sident du groupe social ONCE, et Helena Dalli, commissaire europ\u00e9enne charg\u00e9e de l&rsquo;\u00e9galit\u00e9. Ils ont soulign\u00e9 que l&rsquo;objectif de cette initiative phare \u00e9tait de rassembler des experts et des professionnels pour promouvoir l&rsquo;accessibilit\u00e9 dans l&rsquo;UE, afin de permettre aux personnes handicap\u00e9es de participer pleinement \u00e0 la soci\u00e9t\u00e9. Comme l&rsquo;a soulign\u00e9 Ann Frye de la Fondation ONCE, les personnes autistes ont des besoins en mati\u00e8re d&rsquo;accessibilit\u00e9 en raison, par exemple, \u00e0 leurs sensibilit\u00e9s sensorielles.<\/span><\/p>\n<p><span style=\"font-size: 12pt\">Lors de son intervention, Ioannis Vardakastanis, pr\u00e9sident du Forum europ\u00e9en des personnes handicap\u00e9es, a d\u00e9clar\u00e9 que \u00ab\u00a0ces derni\u00e8res ann\u00e9es, nous avons constat\u00e9 des probl\u00e8mes tels qu&rsquo;une implication limit\u00e9e des personnes handicap\u00e9es ou le manque d&rsquo;accessibilit\u00e9. L&rsquo;AccessibeUE a \u00e9t\u00e9 cr\u00e9\u00e9e pour rem\u00e9dier \u00e0 ces probl\u00e8mes\u00a0\u00bb. Afin d&rsquo;\u00e9liminer les obstacles \u00e0 l&rsquo;accessibilit\u00e9, l&rsquo;AccessibleUE contribuera \u00e0 surveiller la mise en \u0153uvre effective des lois sur l&rsquo;accessibilit\u00e9, telles que l&rsquo;Acte europ\u00e9en sur l&rsquo;accessibilit\u00e9.<\/span><\/p>\n<p><span style=\"font-size: 12pt\">AccessibleEU offrira des informations, des conseils et un soutien pour la mise en \u0153uvre d&rsquo;outils d&rsquo;accessibilit\u00e9 dans diff\u00e9rents domaines tels que les transports, les b\u00e2timents, l&rsquo;information, les m\u00e9dias audiovisuels et les communications. Ses principaux objectifs sont les suivants :<\/span><\/p>\n<ul>\n<li><span style=\"font-size: 12pt\">renforcer les capacit\u00e9s en mati\u00e8re d&rsquo;accessibilit\u00e9 dans les pays de l&rsquo;UE ;<\/span><\/li>\n<li><span style=\"font-size: 12pt\">soutenir la mise en \u0153uvre de la l\u00e9gislation de l&rsquo;Union europ\u00e9enne en mati\u00e8re d&rsquo;accessibilit\u00e9 ;<\/span><\/li>\n<li><span style=\"font-size: 12pt\">mettre en relation les parties prenantes responsables de la mise en \u0153uvre des r\u00e8gles d&rsquo;accessibilit\u00e9 dans l&rsquo;UE ;<\/span><\/li>\n<li><span style=\"font-size: 12pt\">cr\u00e9er un guichet unique europ\u00e9en commun sur l&rsquo;accessibilit\u00e9 ;<\/span><\/li>\n<li><span style=\"font-size: 12pt\">former d&rsquo;excellents professionnels \u00e0 l&rsquo;accessibilit\u00e9.<\/span><\/li>\n<\/ul>\n<p><span style=\"font-size: 12pt\">AE se r\u00e9jouit de voir ce nouveau centre de ressources sur l&rsquo;accessibilit\u00e9 devenir une r\u00e9alit\u00e9 et suivra de pr\u00e8s son travail et ses actions pour s&rsquo;assurer que les besoins et les droits des personnes autistes sont bien pris en compte.<\/span><\/p>\n<blockquote><p><strong><span style=\"font-size: 12pt\"><a href=\"https:\/\/ec.europa.eu\/social\/main.jsp?catId=1612&amp;langId=en\">Pour en savoir plus sur le centre de ressources AccessibleEU et s\u2019inscrire pour \u00eatre tenu inform\u00e9 de ses activit\u00e9s, cliquer ici<\/a><\/span><\/strong><\/p><\/blockquote>\n","protected":false},"excerpt":{"rendered":"<p>Le 4 juillet, Autism-Europe (AE) a assist\u00e9 au lancement de l&rsquo;initiative de la Commission europ\u00e9enne intitul\u00e9e AccessibleEU. Ce centre de ressources est un guichet unique europ\u00e9en sur l&rsquo;accessibilit\u00e9 qui fournit &hellip; <\/p>\n<p class=\"link-more\"><a href=\"https:\/\/www.autismeurope.org\/fr\/blog\/2023\/07\/06\/accessibleeu-lancement-du-nouveau-centre-de-ressources-europeen-pour-laccessibilite\/\" class=\"more-link\">Continue reading<span class=\"screen-reader-text\"> \u00ab\u00a0AccessibleEU : lancement du nouveau centre de ressources europ\u00e9en pour l\u2019accessibilit\u00e9\u00a0\u00bb<\/span><\/a><\/p>\n","protected":false},"author":32,"featured_media":48308,"comment_status":"closed","ping_status":"closed","sticky":false,"template":"","format":"standard","meta":{"_acf_changed":false,"_bbp_topic_count":0,"_bbp_reply_count":0,"_bbp_total_topic_count":0,"_bbp_total_reply_count":0,"_bbp_voice_count":0,"_bbp_anonymous_reply_count":0,"_bbp_topic_count_hidden":0,"_bbp_reply_count_hidden":0,"_bbp_forum_subforum_count":0,"footnotes":""},"categories":[95],"tags":[],"class_list":["post-48307","post","type-post","status-publish","format-standard","has-post-thumbnail","hentry","category-news-fr"],"acf":[],"_links":{"self":[{"href":"https:\/\/www.autismeurope.org\/fr\/wp-json\/wp\/v2\/posts\/48307","targetHints":{"allow":["GET"]}}],"collection":[{"href":"https:\/\/www.autismeurope.org\/fr\/wp-json\/wp\/v2\/posts"}],"about":[{"href":"https:\/\/www.autismeurope.org\/fr\/wp-json\/wp\/v2\/types\/post"}],"author":[{"embeddable":true,"href":"https:\/\/www.autismeurope.org\/fr\/wp-json\/wp\/v2\/users\/32"}],"replies":[{"embeddable":true,"href":"https:\/\/www.autismeurope.org\/fr\/wp-json\/wp\/v2\/comments?post=48307"}],"version-history":[{"count":3,"href":"https:\/\/www.autismeurope.org\/fr\/wp-json\/wp\/v2\/posts\/48307\/revisions"}],"predecessor-version":[{"id":48311,"href":"https:\/\/www.autismeurope.org\/fr\/wp-json\/wp\/v2\/posts\/48307\/revisions\/48311"}],"wp:featuredmedia":[{"embeddable":true,"href":"https:\/\/www.autismeurope.org\/fr\/wp-json\/wp\/v2\/media\/48308"}],"wp:attachment":[{"href":"https:\/\/www.autismeurope.org\/fr\/wp-json\/wp\/v2\/media?parent=48307"}],"wp:term":[{"taxonomy":"category","embeddable":true,"href":"https:\/\/www.autismeurope.org\/fr\/wp-json\/wp\/v2\/categories?post=48307"},{"taxonomy":"post_tag","embeddable":true,"href":"https:\/\/www.autismeurope.org\/fr\/wp-json\/wp\/v2\/tags?post=48307"}],"curies":[{"name":"wp","href":"https:\/\/api.w.org\/{rel}","templated":true}]}}