{"id":48370,"date":"2023-07-17T15:28:45","date_gmt":"2023-07-17T13:28:45","guid":{"rendered":"https:\/\/www.autismeurope.org\/fr\/?p=48370"},"modified":"2023-10-13T15:41:13","modified_gmt":"2023-10-13T13:41:13","slug":"win-with-u-promeut-linclusion-au-travail-des-jeunes-adultes-autistes","status":"publish","type":"post","link":"https:\/\/www.autismeurope.org\/fr\/blog\/2023\/07\/17\/win-with-u-promeut-linclusion-au-travail-des-jeunes-adultes-autistes\/","title":{"rendered":"Le projet Erasmus+ WIN-WITH-U promeut l\u2019inclusion au travail des jeunes adultes autistes"},"content":{"rendered":"<blockquote><p><strong><span style=\"font-size: 12pt\">Autism-Europe (AE) et ses partenaires italiens, danois et bulgares ont achev\u00e9 avec succ\u00e8s le projet Erasmus+ Workplace Inclusion and employmeNt opportunities for youth WITH aUtism (WIN-WITH-U). Le projet s&rsquo;est d\u00e9roul\u00e9 de 2020 \u00e0 ao\u00fbt 2023 et s&rsquo;est conclu par deux \u00e9v\u00e9nements principaux au Parlement europ\u00e9en \u00e0 Bruxelles et sur le campus de l&rsquo;\u00e9cole de commerce LUISS \u00e0 Rome, attirant de nombreux participants en pr\u00e9sentiel et en ligne. Ces \u00e9v\u00e9nements ont permis de pr\u00e9senter la formation en ligne WIN-WITH-U d\u00e9velopp\u00e9e pour les demandeurs d&#8217;emploi autistes et pour les employeurs potentiels.<\/span><\/strong><\/p><\/blockquote>\n<p><span style=\"font-size: 12pt\">Les personnes autistes poss\u00e8dent de nombreuses aptitudes qui font d&rsquo;elles des candidats comp\u00e9titifs pour des emplois dans le monde du travail. Malheureusement, les employeurs ne sont pas toujours conscients des atouts des personnes autistes ou de la mani\u00e8re dont ils peuvent tirer parti de leurs comp\u00e9tences et de leur potentiel dans le cadre d&rsquo;un emploi. Afin d&rsquo;\u00e9liminer les barri\u00e8res \u00e0 l&rsquo;entr\u00e9e du monde du travail pour les personnes autistes, de sensibiliser \u00e0 l&rsquo;autisme et d&rsquo;am\u00e9liorer les possibilit\u00e9s d&#8217;emploi des personnes autistes, Autisme-Europe a fait \u00e9quipe avec le coordinateur du projet, la LUISS Business School (une universit\u00e9 italienne), le Campus Bio-Medico de l&rsquo;universit\u00e9 de Rome (\u00e9galement en Italie), le European Center for Quality &#8211; ECQ (en Bulgarie) et la Fondation Specialisterne (au Danemark).<\/span><\/p>\n<p><span style=\"font-size: 12pt\">Ensemble, ils ont d\u00e9velopp\u00e9 une m\u00e9thodologie d&rsquo;apprentissage ainsi que plusieurs modules d&rsquo;apprentissage pour am\u00e9liorer l&rsquo;inclusion des jeunes adultes autistes. Les modules sont disponibles gratuitement sur une plateforme d&rsquo;apprentissage en ligne (<strong><a href=\"https:\/\/win-with-u.eu\/#module\" target=\"_blank\" rel=\"noopener\">accessible ici<\/a><\/strong>). En outre, un kit de formation a \u00e9t\u00e9 cr\u00e9\u00e9 et diffus\u00e9 dans les cinq langues du consortium du projet, \u00e0 savoir l&rsquo;anglais, le bulgare, l&rsquo;italien, le danois et le fran\u00e7ais.<\/span><\/p>\n<p><span style=\"font-size: 12pt\">Le 24 mai 2023, sous le th\u00e8me \u00ab\u00a0<strong><a href=\"https:\/\/www.autismeurope.org\/blog\/2023\/05\/24\/autism-europes-eppd-side-event-building-inclusive-education-and-employment-for-autistic-people\/\" target=\"_blank\" rel=\"noopener\">Construire une \u00e9ducation et un emploi inclusifs pour les personnes autistes<\/a><\/strong>\u00a0\u00bb, AE a organis\u00e9 un \u00e9v\u00e9nement parall\u00e8le au Parlement europ\u00e9en des personnes handicap\u00e9es (EPPD). Au cours de cet \u00e9v\u00e9nement accueilli par la d\u00e9put\u00e9e europ\u00e9enne italienne Chiara Maria Gemma, le coordinateur du projet WIN-WITH-U Nunzio Casalino, professeur \u00e0 la LUISS Business School, a pr\u00e9sent\u00e9 les principaux r\u00e9sultats du projet. Il a \u00e9t\u00e9 rejoint par le Directeur g\u00e9n\u00e9ral de Specialisterne, Carsten Lassen, qui a pr\u00e9sent\u00e9 son programme de coaching professionnel pour les personnes autistes. Vincent Grimaldi de Puget, membre du Conseil d&rsquo;administration d&rsquo;AE, a partag\u00e9 son point de vue sur les pratiques de recrutement des personnes autistes.<\/span><\/p>\n<p><span style=\"font-size: 12pt\">La conf\u00e9rence finale du projet WIN-WITH-U, visant \u00e0 promouvoir le projet et \u00e0 discuter de l&rsquo;inclusion des personnes autistes sur le lieu de travail, a eu lieu le 6 juillet 2023 \u00e0 la LUISS Business School \u00e0 Rome, en Italie. Sous la direction des professeurs Casalino et Giovanni Assenza (de l&rsquo;universit\u00e9 Campus Bio-Medico), les partenaires du projet ont pr\u00e9sent\u00e9 leur travail et les r\u00e9sultats du projet. Ensuite, le journaliste italien Gianluca Nicoletti, sp\u00e9cialis\u00e9 dans l&rsquo;autisme, a interview\u00e9, sur diff\u00e9rents panels, diverses parties prenantes impliqu\u00e9es dans la promotion de l&rsquo;inclusion des personnes autistes, notamment des employeurs et des repr\u00e9sentants du gouvernement, des gestionnaires, des initiateurs de l&rsquo;inclusion sur le lieu de travail et des chercheurs italiens et a recueilli leurs points de vue sur les r\u00e9sultats du projet.<\/span><\/p>\n<blockquote><p><span style=\"font-size: 12pt\"><a href=\"https:\/\/win-with-u.eu\/fr\/\" target=\"_blank\" rel=\"noopener\"><strong>Visiter le site du projet WIN-WITH-U en anglais, fran\u00e7ais, italien, danois et bulgare<\/strong><\/a><\/span><\/p><\/blockquote>\n<h4><strong>En ce qui concerne le programme Erasmus+<\/strong><\/h4>\n<p><span style=\"font-size: 12pt\"><a href=\"https:\/\/ec.europa.eu\/programmes\/erasmus-plus\/node_en\" target=\"_blank\" rel=\"noopener\">Erasmus+<\/a> est le programme de l&rsquo;UE destin\u00e9 \u00e0 soutenir l&rsquo;\u00e9ducation, la formation, la jeunesse et les sports en Europe. Son budget de 14,7 milliards d&rsquo;euros devra permettre \u00e0 plus de 4 millions d&rsquo;Europ\u00e9ens d&rsquo;\u00e9tudier, de se former, d&rsquo;acqu\u00e9rir de l&rsquo;exp\u00e9rience et de faire du b\u00e9n\u00e9volat \u00e0 l&rsquo;\u00e9tranger.<\/span><\/p>\n<blockquote><p><strong><span style=\"font-size: 12pt\"><a href=\"https:\/\/ec.europa.eu\/programmes\/erasmus-plus\/about_en\" target=\"_blank\" rel=\"noopener\">En savoir plus<\/a><\/span><\/strong><\/p><\/blockquote>\n","protected":false},"excerpt":{"rendered":"<p>Autism-Europe (AE) et ses partenaires italiens, danois et bulgares ont achev\u00e9 avec succ\u00e8s le projet Erasmus+ Workplace Inclusion and employmeNt opportunities for youth WITH aUtism (WIN-WITH-U). Le projet s&rsquo;est d\u00e9roul\u00e9 &hellip; <\/p>\n<p class=\"link-more\"><a href=\"https:\/\/www.autismeurope.org\/fr\/blog\/2023\/07\/17\/win-with-u-promeut-linclusion-au-travail-des-jeunes-adultes-autistes\/\" class=\"more-link\">Continue reading<span class=\"screen-reader-text\"> \u00ab\u00a0Le projet Erasmus+ WIN-WITH-U promeut l\u2019inclusion au travail des jeunes adultes autistes\u00a0\u00bb<\/span><\/a><\/p>\n","protected":false},"author":32,"featured_media":0,"comment_status":"closed","ping_status":"closed","sticky":false,"template":"","format":"standard","meta":{"_acf_changed":false,"_bbp_topic_count":0,"_bbp_reply_count":0,"_bbp_total_topic_count":0,"_bbp_total_reply_count":0,"_bbp_voice_count":0,"_bbp_anonymous_reply_count":0,"_bbp_topic_count_hidden":0,"_bbp_reply_count_hidden":0,"_bbp_forum_subforum_count":0,"footnotes":""},"categories":[95],"tags":[],"class_list":["post-48370","post","type-post","status-publish","format-standard","hentry","category-news-fr"],"acf":[],"_links":{"self":[{"href":"https:\/\/www.autismeurope.org\/fr\/wp-json\/wp\/v2\/posts\/48370","targetHints":{"allow":["GET"]}}],"collection":[{"href":"https:\/\/www.autismeurope.org\/fr\/wp-json\/wp\/v2\/posts"}],"about":[{"href":"https:\/\/www.autismeurope.org\/fr\/wp-json\/wp\/v2\/types\/post"}],"author":[{"embeddable":true,"href":"https:\/\/www.autismeurope.org\/fr\/wp-json\/wp\/v2\/users\/32"}],"replies":[{"embeddable":true,"href":"https:\/\/www.autismeurope.org\/fr\/wp-json\/wp\/v2\/comments?post=48370"}],"version-history":[{"count":3,"href":"https:\/\/www.autismeurope.org\/fr\/wp-json\/wp\/v2\/posts\/48370\/revisions"}],"predecessor-version":[{"id":48375,"href":"https:\/\/www.autismeurope.org\/fr\/wp-json\/wp\/v2\/posts\/48370\/revisions\/48375"}],"wp:attachment":[{"href":"https:\/\/www.autismeurope.org\/fr\/wp-json\/wp\/v2\/media?parent=48370"}],"wp:term":[{"taxonomy":"category","embeddable":true,"href":"https:\/\/www.autismeurope.org\/fr\/wp-json\/wp\/v2\/categories?post=48370"},{"taxonomy":"post_tag","embeddable":true,"href":"https:\/\/www.autismeurope.org\/fr\/wp-json\/wp\/v2\/tags?post=48370"}],"curies":[{"name":"wp","href":"https:\/\/api.w.org\/{rel}","templated":true}]}}