{"id":48410,"date":"2023-10-30T17:46:07","date_gmt":"2023-10-30T16:46:07","guid":{"rendered":"https:\/\/www.autismeurope.org\/fr\/?p=48410"},"modified":"2023-11-03T10:58:59","modified_gmt":"2023-11-03T09:58:59","slug":"autisme-europe-marque-la-premiere-journee-internationale-des-soins-et-de-lassistance-de-lonu-par-une-declaration-commune-europeenne","status":"publish","type":"post","link":"https:\/\/www.autismeurope.org\/fr\/blog\/2023\/10\/30\/autisme-europe-marque-la-premiere-journee-internationale-des-soins-et-de-lassistance-de-lonu-par-une-declaration-commune-europeenne\/","title":{"rendered":"Autisme-Europe marque la premi\u00e8re Journ\u00e9e internationale des soins et de l\u2019assistance de l&rsquo;ONU par une d\u00e9claration commune europ\u00e9enne"},"content":{"rendered":"<blockquote><p><strong><span style=\"font-size: 12pt\">\u00c0 l&rsquo;occasion de la premi\u00e8re Journ\u00e9e internationale des soins et de l&rsquo;assistance des Nations Unies, Autisme-Europe se joint \u00e0 16 autres organisations europ\u00e9ennes pour r\u00e9clamer des mesures urgentes afin de rem\u00e9dier au sous-investissement et \u00e0 la p\u00e9nurie de personnel dans le domaine des soins de longue dur\u00e9e, l&rsquo;objectif \u00e9tant la cr\u00e9ation d\u2019un capital europ\u00e9en de soins par le biais d&rsquo;investissements durables.<\/span><\/strong><\/p><\/blockquote>\n<p><span style=\"font-size: 12pt\">Au niveau de l&rsquo;UE, la <strong><a href=\"https:\/\/ec.europa.eu\/commission\/presscorner\/detail\/fr\/ip_22_5169\" target=\"_blank\" rel=\"noopener\">strat\u00e9gie europ\u00e9enne en mati\u00e8re de soins<\/a><\/strong> ouvre la voie \u00e0 la transformation du secteur et \u00e0 la cr\u00e9ation d&rsquo;un syst\u00e8me de soins et d\u2019assistance implant\u00e9 dans la communaut\u00e9, centr\u00e9 sur la personne, et conforme \u00e0 la Convention des Nations Unies relative aux droits des personnes handicap\u00e9es (UNCRPD). Elle jette les bases d&rsquo;un syst\u00e8me qui respecte les droits et la dignit\u00e9 des personnes ayant besoin de soutien, de leurs familles et des aidants, qu&rsquo;ils soient professionnels ou non.<\/span><\/p>\n<p><span style=\"font-size: 12pt\">Fix\u00e9e au 29 octobre, la premi\u00e8re <strong>Journ\u00e9e internationale des soins et de l&rsquo;assistance<\/strong> des Nations Unies est une initiative qui marque une \u00e9volution positive dans la reconnaissance de l&rsquo;importance de celles et ceux qui fournissent du soutien dans nos soci\u00e9t\u00e9s. Il est \u00e0 esp\u00e9rer que cet \u00e9lan bienvenu catalysera et inspirera des actions de fond dans toute l&rsquo;Union europ\u00e9enne.<\/span><\/p>\n<p><span style=\"font-size: 12pt\">\u00c0 l&rsquo;occasion de la premi\u00e8re Journ\u00e9e internationale des soins et de l&rsquo;assistance des Nations Unies, Autisme-Europe a sign\u00e9 une <a href=\"https:\/\/www.autismeurope.org\/wp-content\/uploads\/2023\/10\/UNDay_-JointStatement_Final_17orgs.pdf\" target=\"_blank\" rel=\"noopener\"><strong>d\u00e9claration conjointe, au c\u00f4t\u00e9 de 16 autres organisations europ\u00e9ennes<\/strong><\/a><strong>,<\/strong> pour demander \u00e0 l&rsquo;Union europ\u00e9enne la mise en place d&rsquo;un syst\u00e8me de soutien qui prot\u00e8ge les droits et la dignit\u00e9 de tous les segments de la population europ\u00e9enne, y compris la communaut\u00e9 de l&rsquo;autisme. Les organisations soussign\u00e9es appellent les parties prenantes \u00e0 investir dans la transition vers des syst\u00e8mes de soins de longue dur\u00e9e, qui soient implant\u00e9s dans la communaut\u00e9, centr\u00e9s sur la personne, de haute qualit\u00e9, abordables et accessibles.<\/span><\/p>\n<p><span style=\"font-size: 12pt\">Selon le <a href=\"https:\/\/www.ela.europa.eu\/sites\/default\/files\/2023-09\/ELA-eures-shortages-surpluses-report-2022.pdf\" target=\"_blank\" rel=\"noopener\"><strong>rapport EURES 2022 sur les p\u00e9nuries et les exc\u00e9dents de main-d&rsquo;\u0153uvre<\/strong><\/a>, les professions de la sant\u00e9 et de l&rsquo;action sociale souffrent de graves p\u00e9nuries dans de nombreux pays europ\u00e9ens, si ce n&rsquo;est dans tous. Partout, des organisations ont tir\u00e9 la sonnette d&rsquo;alarme sur la p\u00e9nurie de services de soins et de personnel soignant professionnel, sur le soutien insuffisant apport\u00e9 aux aidants informels et sur les cons\u00e9quences dangereuses et imm\u00e9diates pour l&rsquo;ensemble de la soci\u00e9t\u00e9.<\/span><\/p>\n<p><span style=\"font-size: 12pt\">Quant aux personnes qui ont recours aux services de soins et de soutien, <strong>les p\u00e9nuries peuvent entra\u00eener un m\u00e9pris de leurs droits de l&rsquo;homme, avec des cons\u00e9quences parfois mortelles, et affecter la qualit\u00e9 des services de soins et de soutien qui leur sont fournis<\/strong>. La p\u00e9nurie de services ad\u00e9quats et de personnel \u00e9quivaut \u00e0 une violation des droits de l&rsquo;homme de celles et ceux ayant droit \u00e0 des services de soutien, en vertu de la Convention relative aux droits des personnes handicap\u00e9es et de la Charte des droits fondamentaux de l&rsquo;Union europ\u00e9enne, ainsi qu&rsquo;au d\u00e9ni de leur dignit\u00e9, de leur ind\u00e9pendance et de leurs droits \u00e0 l&rsquo;inclusion et \u00e0 la participation dans la soci\u00e9t\u00e9.<\/span><\/p>\n<p><span style=\"font-size: 12pt\">Au niveau de l&rsquo;UE, <a href=\"https:\/\/ec.europa.eu\/commission\/presscorner\/detail\/fr\/ip_22_5169\" target=\"_blank\" rel=\"noopener\"><strong>la strat\u00e9gie europ\u00e9enne en mati\u00e8re de soins<\/strong><\/a> ouvre la voie \u00e0 la transformation du secteur et \u00e0 la cr\u00e9ation d&rsquo;un syst\u00e8me de soins et de soutien implant\u00e9 dans la communaut\u00e9 et ax\u00e9 sur la personne. Les prestations de services de soutien doivent \u00eatre fond\u00e9es sur les droits, conform\u00e9ment \u00e0 la Convention des Nations Unies sur les droits des personnes handicap\u00e9es. Cet objectif ne peut \u00eatre atteint qu&rsquo;avec des investissements dans le d\u00e9veloppement de services de soins qui garantissent le respect des droits de l&rsquo;homme pour tous, la professionnalisation des soins, l&rsquo;am\u00e9lioration des comp\u00e9tences des travailleurs par le biais de la formation professionnelle continue, le renforcement de l&rsquo;attractivit\u00e9 du secteur et la red\u00e9finition de la valeur et de la contribution des services d&rsquo;assistance \u00e0 nos \u00e9conomies et \u00e0 nos soci\u00e9t\u00e9s.<\/span><\/p>\n<p><span style=\"font-size: 12pt\">La strat\u00e9gie europ\u00e9enne en mati\u00e8re de soins doit \u00eatre transpos\u00e9e de mani\u00e8re compl\u00e8te et ad\u00e9quate pour r\u00e9pondre aux r\u00e9alit\u00e9s des \u00c9tats membres de l&rsquo;UE par le biais de mesures nationales ambitieuses et d&rsquo;actions concr\u00e8tes \u00e0 soumettre \u00e0 la Commission europ\u00e9enne d&rsquo;ici juin 2024.<\/span><\/p>\n<blockquote><p><span style=\"font-size: 12pt\"><a href=\"https:\/\/www.autismeurope.org\/wp-content\/uploads\/2023\/10\/UNDay_-JointStatement_Final_17orgs.pdf\" target=\"_blank\" rel=\"noopener\"><strong>Lire la d\u00e9claration conjointe (en anglais)<\/strong><\/a><\/span><\/p><\/blockquote>\n","protected":false},"excerpt":{"rendered":"<p>\u00c0 l&rsquo;occasion de la premi\u00e8re Journ\u00e9e internationale des soins et de l&rsquo;assistance des Nations Unies, Autisme-Europe se joint \u00e0 16 autres organisations europ\u00e9ennes pour r\u00e9clamer des mesures urgentes afin de &hellip; <\/p>\n<p class=\"link-more\"><a href=\"https:\/\/www.autismeurope.org\/fr\/blog\/2023\/10\/30\/autisme-europe-marque-la-premiere-journee-internationale-des-soins-et-de-lassistance-de-lonu-par-une-declaration-commune-europeenne\/\" class=\"more-link\">Continue reading<span class=\"screen-reader-text\"> \u00ab\u00a0Autisme-Europe marque la premi\u00e8re Journ\u00e9e internationale des soins et de l\u2019assistance de l&rsquo;ONU par une d\u00e9claration commune europ\u00e9enne\u00a0\u00bb<\/span><\/a><\/p>\n","protected":false},"author":32,"featured_media":48397,"comment_status":"closed","ping_status":"closed","sticky":false,"template":"","format":"standard","meta":{"_acf_changed":false,"_bbp_topic_count":0,"_bbp_reply_count":0,"_bbp_total_topic_count":0,"_bbp_total_reply_count":0,"_bbp_voice_count":0,"_bbp_anonymous_reply_count":0,"_bbp_topic_count_hidden":0,"_bbp_reply_count_hidden":0,"_bbp_forum_subforum_count":0,"footnotes":""},"categories":[95],"tags":[],"class_list":["post-48410","post","type-post","status-publish","format-standard","has-post-thumbnail","hentry","category-news-fr"],"acf":[],"_links":{"self":[{"href":"https:\/\/www.autismeurope.org\/fr\/wp-json\/wp\/v2\/posts\/48410","targetHints":{"allow":["GET"]}}],"collection":[{"href":"https:\/\/www.autismeurope.org\/fr\/wp-json\/wp\/v2\/posts"}],"about":[{"href":"https:\/\/www.autismeurope.org\/fr\/wp-json\/wp\/v2\/types\/post"}],"author":[{"embeddable":true,"href":"https:\/\/www.autismeurope.org\/fr\/wp-json\/wp\/v2\/users\/32"}],"replies":[{"embeddable":true,"href":"https:\/\/www.autismeurope.org\/fr\/wp-json\/wp\/v2\/comments?post=48410"}],"version-history":[{"count":3,"href":"https:\/\/www.autismeurope.org\/fr\/wp-json\/wp\/v2\/posts\/48410\/revisions"}],"predecessor-version":[{"id":48417,"href":"https:\/\/www.autismeurope.org\/fr\/wp-json\/wp\/v2\/posts\/48410\/revisions\/48417"}],"wp:featuredmedia":[{"embeddable":true,"href":"https:\/\/www.autismeurope.org\/fr\/wp-json\/wp\/v2\/media\/48397"}],"wp:attachment":[{"href":"https:\/\/www.autismeurope.org\/fr\/wp-json\/wp\/v2\/media?parent=48410"}],"wp:term":[{"taxonomy":"category","embeddable":true,"href":"https:\/\/www.autismeurope.org\/fr\/wp-json\/wp\/v2\/categories?post=48410"},{"taxonomy":"post_tag","embeddable":true,"href":"https:\/\/www.autismeurope.org\/fr\/wp-json\/wp\/v2\/tags?post=48410"}],"curies":[{"name":"wp","href":"https:\/\/api.w.org\/{rel}","templated":true}]}}