{"id":48470,"date":"2023-11-23T17:17:39","date_gmt":"2023-11-23T16:17:39","guid":{"rendered":"https:\/\/www.autismeurope.org\/fr\/?p=48470"},"modified":"2023-11-27T13:51:52","modified_gmt":"2023-11-27T12:51:52","slug":"inscrivez-vous-a-levenement-en-ligne-dautisme-europe-comprendre-la-validation-des-acquis-de-lexperience-et-ses-avantages-pour-les-personnes-autistes","status":"publish","type":"post","link":"https:\/\/www.autismeurope.org\/fr\/blog\/2023\/11\/23\/inscrivez-vous-a-levenement-en-ligne-dautisme-europe-comprendre-la-validation-des-acquis-de-lexperience-et-ses-avantages-pour-les-personnes-autistes\/","title":{"rendered":"Inscrivez-vous \u00e0 l&rsquo;\u00e9v\u00e9nement en ligne d&rsquo;Autisme-Europe \u00ab Comprendre la Validation des Acquis de l&rsquo;Exp\u00e9rience et ses avantages pour les personnes autistes \u00bb"},"content":{"rendered":"<blockquote><p><span style=\"font-size: 12pt\"><strong>Participez au prochain \u00e9v\u00e9nement en ligne d&rsquo;Autisme-Europe sur le th\u00e8me \u00ab Comprendre la Validation des Acquis de l&rsquo;Exp\u00e9rience et ses avantages pour les personnes autistes \u00bb , dans le cadre de son projet Erasmus+ Talenti Latenti.<\/strong><\/span><\/p><\/blockquote>\n<p><span style=\"font-size: 12pt\">D\u00e9marr\u00e9 en 2021, le <strong>projet Erasmus+ Talenti Latenti<\/strong> vise \u00e0 \u00e9changer les meilleures pratiques, \u00e0 mener des recherches et \u00e0 r\u00e9aliser des tests pour certifier les comp\u00e9tences des personnes neurodivergentes.<\/span><\/p>\n<p><span style=\"font-size: 12pt\">En tant que partenaire du consortium, <strong>Autisme-Europe<\/strong> organise la conf\u00e9rence en ligne <strong>\u00ab Comprendre la Validation des Acquis de l&rsquo;Exp\u00e9rience et ses avantages pour les personnes autistes \u00bb<\/strong> pour donner un aper\u00e7u du r\u00f4le de Talenti Latenti dans la promotion de la validation des comp\u00e9tences, et expliquer les avantages que la validation des comp\u00e9tences pourrait avoir pour l&rsquo;acc\u00e8s des personnes autistes au march\u00e9 du travail.<\/span><\/p>\n<p><span style=\"font-size: 12pt\">La conf\u00e9rence se d\u00e9roulera en anglais et en fran\u00e7ais, avec interpr\u00e9tation.<\/span><\/p>\n<blockquote><p><span style=\"font-size: 12pt\"><strong>QUAND : Dimanche 3 d\u00e9cembre 2023, 11h30 &#8211; 12h30 CET<\/strong><\/span><br \/>\n<span style=\"font-size: 12pt\"><strong>O\u00d9 : Zoom, inscription en ligne<\/strong><\/span><\/p>\n<p><span style=\"font-size: 12pt\"><a href=\"https:\/\/www.autismeurope.org\/wp-content\/uploads\/2023\/11\/V2-Agenda-Talenti-Latenti-side-event-FR.pdf\" target=\"_blank\" rel=\"noopener\"><strong>Consultez le programme complet de l&rsquo;\u00e9v\u00e9nement ici.<\/strong><\/a><\/span><\/p>\n<p><span style=\"font-size: 12pt\"><a href=\"https:\/\/us02web.zoom.us\/meeting\/register\/tZEqdOirrTgrGdJOGvkhi5cPi2HGaC2GSP5K#\/registration\" target=\"_blank\" rel=\"noopener\"><strong>Veuillez vous inscrire ici.<\/strong><\/a><\/span><\/p><\/blockquote>\n","protected":false},"excerpt":{"rendered":"<p>Participez au prochain \u00e9v\u00e9nement en ligne d&rsquo;Autisme-Europe sur le th\u00e8me \u00ab Comprendre la Validation des Acquis de l&rsquo;Exp\u00e9rience et ses avantages pour les personnes autistes \u00bb , dans le cadre &hellip; <\/p>\n<p class=\"link-more\"><a href=\"https:\/\/www.autismeurope.org\/fr\/blog\/2023\/11\/23\/inscrivez-vous-a-levenement-en-ligne-dautisme-europe-comprendre-la-validation-des-acquis-de-lexperience-et-ses-avantages-pour-les-personnes-autistes\/\" class=\"more-link\">Continue reading<span class=\"screen-reader-text\"> \u00ab\u00a0Inscrivez-vous \u00e0 l&rsquo;\u00e9v\u00e9nement en ligne d&rsquo;Autisme-Europe \u00ab Comprendre la Validation des Acquis de l&rsquo;Exp\u00e9rience et ses avantages pour les personnes autistes \u00bb\u00a0\u00bb<\/span><\/a><\/p>\n","protected":false},"author":32,"featured_media":48461,"comment_status":"closed","ping_status":"closed","sticky":false,"template":"","format":"standard","meta":{"_acf_changed":false,"_bbp_topic_count":0,"_bbp_reply_count":0,"_bbp_total_topic_count":0,"_bbp_total_reply_count":0,"_bbp_voice_count":0,"_bbp_anonymous_reply_count":0,"_bbp_topic_count_hidden":0,"_bbp_reply_count_hidden":0,"_bbp_forum_subforum_count":0,"footnotes":""},"categories":[95],"tags":[],"class_list":["post-48470","post","type-post","status-publish","format-standard","has-post-thumbnail","hentry","category-news-fr"],"acf":[],"_links":{"self":[{"href":"https:\/\/www.autismeurope.org\/fr\/wp-json\/wp\/v2\/posts\/48470","targetHints":{"allow":["GET"]}}],"collection":[{"href":"https:\/\/www.autismeurope.org\/fr\/wp-json\/wp\/v2\/posts"}],"about":[{"href":"https:\/\/www.autismeurope.org\/fr\/wp-json\/wp\/v2\/types\/post"}],"author":[{"embeddable":true,"href":"https:\/\/www.autismeurope.org\/fr\/wp-json\/wp\/v2\/users\/32"}],"replies":[{"embeddable":true,"href":"https:\/\/www.autismeurope.org\/fr\/wp-json\/wp\/v2\/comments?post=48470"}],"version-history":[{"count":5,"href":"https:\/\/www.autismeurope.org\/fr\/wp-json\/wp\/v2\/posts\/48470\/revisions"}],"predecessor-version":[{"id":48480,"href":"https:\/\/www.autismeurope.org\/fr\/wp-json\/wp\/v2\/posts\/48470\/revisions\/48480"}],"wp:featuredmedia":[{"embeddable":true,"href":"https:\/\/www.autismeurope.org\/fr\/wp-json\/wp\/v2\/media\/48461"}],"wp:attachment":[{"href":"https:\/\/www.autismeurope.org\/fr\/wp-json\/wp\/v2\/media?parent=48470"}],"wp:term":[{"taxonomy":"category","embeddable":true,"href":"https:\/\/www.autismeurope.org\/fr\/wp-json\/wp\/v2\/categories?post=48470"},{"taxonomy":"post_tag","embeddable":true,"href":"https:\/\/www.autismeurope.org\/fr\/wp-json\/wp\/v2\/tags?post=48470"}],"curies":[{"name":"wp","href":"https:\/\/api.w.org\/{rel}","templated":true}]}}