{"id":48511,"date":"2023-12-01T09:47:05","date_gmt":"2023-12-01T08:47:05","guid":{"rendered":"https:\/\/www.autismeurope.org\/fr\/?p=48511"},"modified":"2023-12-21T14:37:22","modified_gmt":"2023-12-21T13:37:22","slug":"la-journee-europeenne-des-personnes-handicapees-2023-points-saillants","status":"publish","type":"post","link":"https:\/\/www.autismeurope.org\/fr\/blog\/2023\/12\/01\/la-journee-europeenne-des-personnes-handicapees-2023-points-saillants\/","title":{"rendered":"Les points cl\u00e9s de la Journ\u00e9e europ\u00e9enne des personnes handicap\u00e9es 2023"},"content":{"rendered":"<blockquote><p><span style=\"font-size: 12pt\"><strong>La conf\u00e9rence de la Journ\u00e9e europ\u00e9enne des personnes handicap\u00e9es (acronyme anglais : EDPD) est un \u00e9v\u00e9nement annuel organis\u00e9 par la Commission europ\u00e9enne en collaboration avec le Forum Europ\u00e9en des Personnes Handicap\u00e9es pour marquer la Journ\u00e9e internationale des personnes handicap\u00e9es. L&rsquo;\u00e9dition 2023 de la conf\u00e9rence s&rsquo;est tenue les 30 novembre et 1er d\u00e9cembre \u00e0 Bruxelles, en Belgique. Cette conf\u00e9rence de deux jours a rassembl\u00e9 plus de 400 d\u00e9cideurs politiques, experts de haut niveau et repr\u00e9sentants des personnes handicap\u00e9es venus partager leurs pr\u00e9occupations et leurs aspirations, discuter des progr\u00e8s de la mise en \u0153uvre des politiques et \u00e9changer sur l&rsquo;avancement des droits des personnes handicap\u00e9es. Autisme-Europe \u00e9tait repr\u00e9sent\u00e9e par une d\u00e9l\u00e9gation de membres et de personnel, conduite par son pr\u00e9sident.\u00a0<\/strong><\/span><\/p><\/blockquote>\n<p><span style=\"font-size: 12pt\">Cette conf\u00e9rence de deux jours a permis de faire le point et d&rsquo;\u00e9changer sur l&rsquo;avanc\u00e9e des droits des personnes handicap\u00e9es et la mise en \u0153uvre de la Strat\u00e9gie europ\u00e9enne pour les droits des personnes handicap\u00e9es 2020-2023. Cette ann\u00e9e, la conf\u00e9rence EDPD s&rsquo;est \u00e9galement pench\u00e9e sur les \u00e9lections europ\u00e9ennes qui se tiendront en 2024, tandis que les repr\u00e9sentants de la Commission europ\u00e9enne et des \u00c9tats membres de l&rsquo;UE ont abord\u00e9 l&rsquo;accessibilit\u00e9 du processus \u00e9lectoral. Il a \u00e9t\u00e9 soulign\u00e9 que des milliers de citoyens handicap\u00e9s des 27 \u00c9tats membres de l&rsquo;UE sont priv\u00e9s de leur droit de vote simplement parce qu&rsquo;ils ne peuvent pas exercer leur capacit\u00e9 juridique. Cette situation concerne \u00e9galement de nombreuses personnes autistes en Europe.<\/span><\/p>\n<p><span style=\"font-size: 12pt\">La formation et l&#8217;emploi des personnes handicap\u00e9es ont \u00e9galement \u00e9t\u00e9 abord\u00e9s. Le repr\u00e9sentant d&rsquo;Autisme-Europe au Comit\u00e9 de la jeunesse du FEPH, Ben Rowsome, \u00e9tudiant autiste de notre association membre AsIAm, a attir\u00e9 l&rsquo;attention sur les probl\u00e8mes sp\u00e9cifiques auxquels les personnes autistes sont confront\u00e9es lorsqu&rsquo;elles tentent d&rsquo;acc\u00e9der \u00e0 l&#8217;emploi, depuis la r\u00e9daction d&rsquo;un CV jusqu&rsquo;\u00e0 l&rsquo;entretien d&#8217;embauche. Ben a \u00e9galement d\u00e9plor\u00e9 un changement de mentalit\u00e9 dans son pays d&rsquo;origine, l&rsquo;Irlande, qui pourrait avoir pour effet de restreindre les allocations d&rsquo;invalidit\u00e9 en fonction de l&#8217;employabilit\u00e9 des personnes handicap\u00e9es et de leur type de handicap. Cette mesure aurait un impact n\u00e9gatif sur les personnes qui ont un handicap invisible, notamment les personnes autistes.<\/span><\/p>\n<blockquote><p><span style=\"font-size: 12pt\"><strong><a href=\"https:\/\/webcast.ec.europa.eu\/the-european-day-of-persons-with-disabilities-2023-11-30\" target=\"_blank\" rel=\"noopener\">Voir la vid\u00e9o de la premi\u00e8re journ\u00e9e<\/a><\/strong><\/span><\/p><\/blockquote>\n<p><span style=\"font-size: 12pt\">La deuxi\u00e8me journ\u00e9e a \u00e9t\u00e9 d\u00e9di\u00e9e \u00e0 la remise des AccessCity Awards 2024. L&rsquo;AccessCity Award est un prix d\u00e9cern\u00e9 par la Commission europ\u00e9enne pour encourager l&rsquo;accessibilit\u00e9 des espaces urbains dans l&rsquo;ensemble de l&rsquo;Union europ\u00e9enne. Plusieurs prix ont \u00e9t\u00e9 d\u00e9cern\u00e9s \u00e0 plusieurs villes de l&rsquo;UE. Le comt\u00e9 de South Dublin a re\u00e7u une mention sp\u00e9ciale pour ses am\u00e9nagements paysagers et ses aires de jeux. Dans son discours de remerciement, le maire du district de la capitale irlandaise Alan Edge a soulign\u00e9 que ces aires de jeux avaient \u00e9t\u00e9 rendues accessibles aux enfants autistes en am\u00e9liorant leur convivialit\u00e9 sensorielle. Elles ont \u00e9t\u00e9 con\u00e7ues en collaboration avec des enfants autistes et leurs familles, en pr\u00eatant attention aux couleurs et \u00e0 l&rsquo;environnement. Le troisi\u00e8me prix a \u00e9t\u00e9 d\u00e9cern\u00e9 \u00e0 Saint-Quentin, en France, pour avoir notamment introduit des centres d&rsquo;aide aux enfants handicap\u00e9s dans les \u00e9coles et des tentes sensorielles dans les espaces publics pour les personnes autistes. Le deuxi\u00e8me prix a \u00e9t\u00e9 d\u00e9cern\u00e9 \u00e0 la ville polonaise de \u0141\u00f3d\u017a et le premier prix \u00e0 la ville espagnole de San Cristob\u00e1l de La Laguna, sur l&rsquo;\u00eele de T\u00e9n\u00e9riffe, qui a fourni des sacs \u00e0 dos sensoriels lors des festivals, permettant d&rsquo;entendre la musique par vibration\u00a0; des documents faciles \u00e0 lire\u00a0; et des services d&rsquo;interpr\u00e9tation en langue des signes dans l&rsquo;administration publique.<\/span><\/p>\n<p><span style=\"font-size: 12pt\">L&rsquo;EDPD s&rsquo;est achev\u00e9 par une discussion g\u00e9n\u00e9rale sur l&rsquo;am\u00e9lioration des droits des personnes handicap\u00e9es dans l&rsquo;UE. Parmi les questions abord\u00e9es figuraient la future carte europ\u00e9enne du handicap et la mani\u00e8re dont la future pr\u00e9sidence belge du Conseil de l&rsquo;UE et le Parlement europ\u00e9en pr\u00e9voient de terminer la n\u00e9gociation de l&rsquo;accord final sur la carte europ\u00e9enne du handicap avant les \u00e9lections europ\u00e9ennes de 2024.<\/span><\/p>\n<p><span style=\"font-size: 12pt\">Nous avons \u00e9t\u00e9 ravis de constater que, conform\u00e9ment aux directives \u00e9mises l&rsquo;ann\u00e9e derni\u00e8re, nos badges d&rsquo;interaction ont \u00e9t\u00e9 mis \u00e0 la disposition des participants. Nous nous sommes \u00e9galement f\u00e9licit\u00e9s des am\u00e9liorations significatives apport\u00e9es \u00e0 la salle de d\u00e9tente et \u00e0 sa signalisation, ainsi que de la disponibilit\u00e9 de documents faciles \u00e0 lire du programme de la conf\u00e9rence et des interventions pr\u00e9r\u00e9dig\u00e9es. AE est convaincue que ces mesures, associ\u00e9es \u00e0 des r\u00e9sum\u00e9s verbaux faciles \u00e0 comprendre des interventions des pan\u00e9listes et \u00e0 la synth\u00e8se vocale, peuvent permettre \u00e0 chaque participant d&rsquo;avoir un \u00e9change fructueux.<\/span><\/p>\n<blockquote><p><span style=\"font-size: 12pt\"><strong><a href=\"https:\/\/webcast.ec.europa.eu\/the-european-day-of-persons-with-disabilities-2023-12-01\" target=\"_blank\" rel=\"noopener\">Voir la deuxi\u00e8me journ\u00e9e\u00a0<\/a><\/strong><\/span><\/p>\n<p><strong><a href=\"https:\/\/www.flickr.com\/photos\/socialeurope\/albums\/72177720313067753\/with\/53368391419\" target=\"_blank\" rel=\"noopener\"><span style=\"font-size: 12pt\">Voir les photos<\/span><\/a><\/strong><\/p>\n<p><strong><a href=\"https:\/\/ec.europa.eu\/social\/main.jsp?langId=en&amp;catId=88&amp;eventsId=2129&amp;furtherEvents=yes\" target=\"_blank\" rel=\"noopener\"><span style=\"font-size: 12pt\">En savoir plus<\/span><\/a><\/strong><\/p><\/blockquote>\n","protected":false},"excerpt":{"rendered":"<p>La conf\u00e9rence de la Journ\u00e9e europ\u00e9enne des personnes handicap\u00e9es (acronyme anglais : EDPD) est un \u00e9v\u00e9nement annuel organis\u00e9 par la Commission europ\u00e9enne en collaboration avec le Forum Europ\u00e9en des Personnes &hellip; <\/p>\n<p class=\"link-more\"><a href=\"https:\/\/www.autismeurope.org\/fr\/blog\/2023\/12\/01\/la-journee-europeenne-des-personnes-handicapees-2023-points-saillants\/\" class=\"more-link\">Continue reading<span class=\"screen-reader-text\"> \u00ab\u00a0Les points cl\u00e9s de la Journ\u00e9e europ\u00e9enne des personnes handicap\u00e9es 2023\u00a0\u00bb<\/span><\/a><\/p>\n","protected":false},"author":32,"featured_media":48509,"comment_status":"closed","ping_status":"closed","sticky":false,"template":"","format":"standard","meta":{"_acf_changed":false,"_bbp_topic_count":0,"_bbp_reply_count":0,"_bbp_total_topic_count":0,"_bbp_total_reply_count":0,"_bbp_voice_count":0,"_bbp_anonymous_reply_count":0,"_bbp_topic_count_hidden":0,"_bbp_reply_count_hidden":0,"_bbp_forum_subforum_count":0,"footnotes":""},"categories":[95],"tags":[],"class_list":["post-48511","post","type-post","status-publish","format-standard","has-post-thumbnail","hentry","category-news-fr"],"acf":[],"_links":{"self":[{"href":"https:\/\/www.autismeurope.org\/fr\/wp-json\/wp\/v2\/posts\/48511","targetHints":{"allow":["GET"]}}],"collection":[{"href":"https:\/\/www.autismeurope.org\/fr\/wp-json\/wp\/v2\/posts"}],"about":[{"href":"https:\/\/www.autismeurope.org\/fr\/wp-json\/wp\/v2\/types\/post"}],"author":[{"embeddable":true,"href":"https:\/\/www.autismeurope.org\/fr\/wp-json\/wp\/v2\/users\/32"}],"replies":[{"embeddable":true,"href":"https:\/\/www.autismeurope.org\/fr\/wp-json\/wp\/v2\/comments?post=48511"}],"version-history":[{"count":2,"href":"https:\/\/www.autismeurope.org\/fr\/wp-json\/wp\/v2\/posts\/48511\/revisions"}],"predecessor-version":[{"id":48607,"href":"https:\/\/www.autismeurope.org\/fr\/wp-json\/wp\/v2\/posts\/48511\/revisions\/48607"}],"wp:featuredmedia":[{"embeddable":true,"href":"https:\/\/www.autismeurope.org\/fr\/wp-json\/wp\/v2\/media\/48509"}],"wp:attachment":[{"href":"https:\/\/www.autismeurope.org\/fr\/wp-json\/wp\/v2\/media?parent=48511"}],"wp:term":[{"taxonomy":"category","embeddable":true,"href":"https:\/\/www.autismeurope.org\/fr\/wp-json\/wp\/v2\/categories?post=48511"},{"taxonomy":"post_tag","embeddable":true,"href":"https:\/\/www.autismeurope.org\/fr\/wp-json\/wp\/v2\/tags?post=48511"}],"curies":[{"name":"wp","href":"https:\/\/api.w.org\/{rel}","templated":true}]}}