{"id":48552,"date":"2023-12-20T15:06:20","date_gmt":"2023-12-20T14:06:20","guid":{"rendered":"https:\/\/www.autismeurope.org\/fr\/?p=48552"},"modified":"2023-12-21T14:36:26","modified_gmt":"2023-12-21T13:36:26","slug":"zoom-sur-la-question-urgente-de-lacces-a-la-sante-les-membres-et-partenaires-dae-partagent-leurs-etudes-et-des-leurs-bonnes-pratiques","status":"publish","type":"post","link":"https:\/\/www.autismeurope.org\/fr\/blog\/2023\/12\/20\/zoom-sur-la-question-urgente-de-lacces-a-la-sante-les-membres-et-partenaires-dae-partagent-leurs-etudes-et-des-leurs-bonnes-pratiques\/","title":{"rendered":"Eclairage sur la question urgente de l\u2019acc\u00e8s \u00e0 la sant\u00e9 : les membres et partenaires d\u2019AE partagent partagent \u00e9tudes et bonnes pratiques"},"content":{"rendered":"<blockquote><p><span style=\"font-size: 12pt\"><strong>La revue The Lancet Regional Health &#8211; Europe a publi\u00e9 une \u00e9tude sur l&rsquo;esp\u00e9rance de vie des personnes autistes au Royaume-Uni, plus courte que celle de la population g\u00e9n\u00e9rale. Les chercheurs estiment qu&rsquo;il est urgent de s&rsquo;attaquer aux in\u00e9galit\u00e9s afin de pr\u00e9venir les d\u00e9c\u00e8s pr\u00e9matur\u00e9s des personnes autistes. Dans ce contexte, la directrice d&rsquo;Autisme-Europe (AE) s&rsquo;est entretenue avec Euronews et a r\u00e9it\u00e9r\u00e9 son appel \u00e0 la lutter contre la discrimination et \u00e0 am\u00e9liorer l&rsquo;accessibilit\u00e9 des personnes autistes dans le domaine des soins de sant\u00e9. En d\u00e9cembre, AE a \u00e9galement organis\u00e9 un \u00ab Apr\u00e8s-midi des bonnes pratiques \u00bb didi\u00e9 \u00e0 l&rsquo;acc\u00e8s aux soins de sant\u00e9, au cours duquel des membres d&rsquo;AE et des experts ont partag\u00e9 des initiatives inspirantes dans ce domaine.<\/strong><\/span><\/p><\/blockquote>\n<p><span style=\"font-size: 12pt\">Au Royaume-Uni, les personnes diagnostiqu\u00e9es autistes ou ayant un trouble d&rsquo;apprentissage courent un plus grand risque de d\u00e9c\u00e8s pr\u00e9matur\u00e9 selon une <strong><a href=\"https:\/\/www.thelancet.com\/journals\/lanepe\/article\/PIIS2666-7762(23)00195-3\/fulltext\" target=\"_blank\" rel=\"noopener\">nouvelle \u00e9tude<\/a><\/strong> de la revue Lancet Regional Health &#8211; Europe. Interview\u00e9e par <strong><a href=\"https:\/\/www.euronews.com\/next\/2023\/11\/24\/people-with-autism-have-a-lower-life-expectancy-than-the-uk-average-new-study-reveals\" target=\"_blank\" rel=\"noopener\">Euronews<\/a><\/strong>, Aur\u00e9lie Baranger, directrice d&rsquo;AE, a rappel\u00e9 les recommandations d&rsquo;AE pour un <a href=\"https:\/\/www.autismeurope.org\/wp-content\/uploads\/2018\/02\/ASDEU-EU-policy-proposal-for-autism.pdf\" target=\"_blank\" rel=\"noopener\"><strong>plan de sant\u00e9 publique pour l&rsquo;autisme<\/strong><\/a> qui pr\u00e9voient des am\u00e9nagements dans les soins de sant\u00e9 pour les personnes autistes ainsi qu&rsquo;une formation syst\u00e9matique du personnel de la sant\u00e9 sur l\u2019autisme.<\/span><\/p>\n<p><span style=\"font-size: 12pt\">Elle a \u00e9galement soulign\u00e9 l&rsquo;adoption r\u00e9cente de la <strong><a href=\"https:\/\/www.autismeurope.org\/blog\/2023\/10\/04\/european-parliament-calls-for-further-harmonisation-of-the-rights-of-autistic-people-in-the-eu\/\" target=\"_blank\" rel=\"noopener\">r\u00e9solution du Parlement europ\u00e9en sur \u00ab\u00a0l&rsquo;harmonisation des droits des personnes autistes<\/a><\/strong>\u00a0\u00bb. Cette r\u00e9solution est un appel fort \u00e0 l&rsquo;action, tant au niveau europ\u00e9en qu&rsquo;au niveau national, pour que les d\u00e9cideurs politiques prennent des mesures suppl\u00e9mentaires afin de lutter contre la discrimination \u00e0 laquelle doivent faire face les personnes autistes et de promouvoir des am\u00e9nagements raisonnables syst\u00e9matiques, y compris dans le domaine des soins de sant\u00e9. <\/span><\/p>\n<p><span style=\"font-size: 12pt\">\u00c0 cette fin, il est essentiel d&rsquo;identifier les besoins des personnes autistes et de d\u00e9velopper des outils et des pratiques pour favoriser leur accessibilit\u00e9 dans le syst\u00e8me des soins de sant\u00e9. Cette question a pr\u00e9cis\u00e9ment fait l&rsquo;objet de la derni\u00e8re <strong>\u00ab\u00a0Apr\u00e8s-midi des bonnes pratiques\u00a0\u00bb<\/strong> organis\u00e9e par AE en d\u00e9cembre 2023.<\/span><\/p>\n<h3><span style=\"font-size: 12pt\"><strong>L\u2019apr\u00e8s-midi des bonnes pratiques d\u00e9di\u00e9e l\u2019accessibilit\u00e9 des personnes autistes aux services de sant\u00e9<\/strong><\/span><\/h3>\n<p><span style=\"font-size: 12pt\">Les Apr\u00e8s-midi des bonnes pratiques sont des sessions informelles de mise en r\u00e9seau et d&rsquo;\u00e9change d&rsquo;informations qui sont organis\u00e9es en ligne tous les deux mois pour les membres et partenaires d&rsquo;AE afin de promouvoir l&rsquo;apprentissage mutuel.<\/span><\/p>\n<p><span style=\"font-size: 12pt\">Lors de la derni\u00e8re session de d\u00e9cembre 2023, <strong>Guillermo Benito Ruiz<\/strong>, le premier, a pr\u00e9sent\u00e9 les r\u00e9sultats d&rsquo;une \u00e9tude men\u00e9e par la <strong><a href=\"https:\/\/autismo.org.es\/dia-mundial-salud-estudio-barreras-facilitadores-autismo\/\" target=\"_blank\" rel=\"noopener\">Confederaci\u00f3n Autismo Espa\u00f1a<\/a><\/strong> sur les obstacles et les facilitateurs aux soins de sant\u00e9 pour les personnes autistes en Espagne. Il a \u00e9galement pr\u00e9sent\u00e9 des recommandations visant \u00e0 am\u00e9liorer l&rsquo;accessibilit\u00e9 du syst\u00e8me de sant\u00e9. <\/span><\/p>\n<p><span style=\"font-size: 12pt\">Dans cette optique, il est essentiel d&rsquo;adapter l&rsquo;environnement pour le rendre plus pr\u00e9visible et donc plus favorable aux personnes autistes. <\/span><span style=\"font-size: 12pt\">Le syst\u00e8me de sant\u00e9 g\u00e9n\u00e9ral doit prendre en compte l&rsquo;accessibilit\u00e9 cognitive et toutes les proc\u00e9dures m\u00e9dicales doivent \u00eatre adapt\u00e9es aux personnes autistes. Il est \u00e9galement essentiel de garantir l&rsquo;acc\u00e8s \u00e0 la sant\u00e9 mentale et la formation syst\u00e9matique des professionnels de la sant\u00e9.<\/span><\/p>\n<p><span style=\"font-size: 12pt\"><strong>Aitana Garcia<\/strong> et <strong>Cristina Couto<\/strong> ont ensuite pr\u00e9sent\u00e9 le travail de la <strong><a href=\"https:\/\/www.autismogalicia.org\/\" target=\"_blank\" rel=\"noopener\">F\u00e9d\u00e9ration galicienne de l&rsquo;autisme<\/a><\/strong>, qui s&rsquo;attaque aux obstacles \u00e0 la sant\u00e9, en particulier dans le domaine de l&rsquo;accessibilit\u00e9 des soins de sant\u00e9. La F\u00e9d\u00e9ration promeut activement l&rsquo;accessibilit\u00e9 cognitive et l&rsquo;humanisation de l&rsquo;assistance sanitaire. Cela implique la mise en \u0153uvre de mesures visant \u00e0 favoriser la disponibilit\u00e9 de soins sp\u00e9cialis\u00e9s et sp\u00e9cifiques pour les patients autistes, ainsi que la promotion de la formation et de l&rsquo;\u00e9ducation des professionnels de la sant\u00e9, en collaboration avec le service de sant\u00e9 galicien.<\/span><\/p>\n<p><span style=\"font-size: 12pt\">Ensuite, <strong>Mary Doherty<\/strong>, de l&rsquo;\u00e9cole de m\u00e9decine de l&rsquo;University College Dublin (Irlande) et fondatrice d&rsquo;<strong><a href=\"https:\/\/autisticdoctorsinternational.com\/\" target=\"_blank\" rel=\"noopener\">Autistic Doctors International<\/a><\/strong>, a expliqu\u00e9 que les environnements de soins de sant\u00e9 peuvent \u00eatre difficiles pour tous les patients, mais que les personnes autistes peuvent avoir besoin d&rsquo;am\u00e9nagements sp\u00e9cifiques pour permettre un acc\u00e8s \u00e9quitable. Elle a pr\u00e9sent\u00e9 un cadre simple pour faciliter l&rsquo;\u00e9quit\u00e9 des services cliniques au niveau de l&rsquo;acc\u00e8s et des soins. Ce cadre s&rsquo;articule autour de l&rsquo;<strong><a href=\"https:\/\/www.magonlinelibrary.com\/doi\/full\/10.12968\/hmed.2023.0006?rfr_dat=cr_pub++0pubmed&amp;url_ver=Z39.88-2003&amp;rfr_id=ori%3Arid%3Acrossref.org\" target=\"_blank\" rel=\"noopener\">acronyme \u00ab\u00a0SPACE\u00a0\u00bb<\/a><\/strong>. Cet acronyme englobe cinq besoins fondamentaux des personnes autistes : Sensory needs (besoins sensoriels), Predictability (pr\u00e9visibilit\u00e9), Acceptance (acceptation), Communication (communication) et Empathy (empathie). Trois domaines suppl\u00e9mentaires sont\u00a0: l&rsquo;espace physique, l&rsquo;espace de traitement et l&rsquo;espace \u00e9motionnel. <\/span><\/p>\n<p><span style=\"font-size: 12pt\">Ce cadre simple et facilement m\u00e9morisable englobe les points communs partag\u00e9s par les personnes autistes. Nous esp\u00e9rons qu&rsquo;il sera largement r\u00e9pandu dans les communaut\u00e9s de soins de sant\u00e9, c&rsquo;est pourquoi des traductions dans diff\u00e9rentes langues sont en cours. <\/span><\/p>\n<blockquote><p><strong><a href=\"https:\/\/linktr.ee\/autisticdoctors\" target=\"_blank\" rel=\"noopener\"><span style=\"font-size: 12pt\">Toutes les publications d&rsquo;Autistic Doctors International sont \u00e9galement publi\u00e9es ici\u00a0<\/span><\/a><\/strong><\/p><\/blockquote>\n<p><span style=\"font-size: 12pt\">Enfin, <strong>St\u00e9phanie Baz<\/strong>\u00a0a pr\u00e9sent\u00e9 le travail de <strong><a href=\"https:\/\/coactis-sante.fr\/\" target=\"_blank\" rel=\"noopener\">Coactis Sant\u00e9<\/a><\/strong> (France), une association cr\u00e9\u00e9e en 2010 qui favorise l&rsquo;acc\u00e8s aux soins et \u00e0 la sant\u00e9 des personnes handicap\u00e9es en concevant des outils concrets. <strong><a href=\"https:\/\/santebd.org\/\" target=\"_blank\" rel=\"noopener\">Sant\u00e9BD<\/a><\/strong> est un site web qui h\u00e9berge des brochures en format facile \u00e0 lire expliquant une gamme de proc\u00e9dures m\u00e9dicales pour faciliter les interactions entre les patients et les professionnels de la sant\u00e9. Actuellement, le site met \u00e0 disposition plus de 60 brochures couvrant un large \u00e9ventail de sujets de sant\u00e9, disponibles en 4 langues (anglais, roumain, espagnol, allemand). Un site multilingue sera bient\u00f4t disponible. <\/span><\/p>\n<p><span style=\"font-size: 12pt\">Une autre initiative est la plateforme <strong><a href=\"https:\/\/handiconnect.fr\/\" target=\"_blank\" rel=\"noopener\">HandiConnect<\/a><\/strong>, qui offre une formation \u00e0 distance aux professionnels de la sant\u00e9 pour les aider \u00e0 mieux r\u00e9pondre aux besoins des patients handicap\u00e9s.<\/span><\/p>\n","protected":false},"excerpt":{"rendered":"<p>La revue The Lancet Regional Health &#8211; Europe a publi\u00e9 une \u00e9tude sur l&rsquo;esp\u00e9rance de vie des personnes autistes au Royaume-Uni, plus courte que celle de la population g\u00e9n\u00e9rale. Les &hellip; <\/p>\n<p class=\"link-more\"><a href=\"https:\/\/www.autismeurope.org\/fr\/blog\/2023\/12\/20\/zoom-sur-la-question-urgente-de-lacces-a-la-sante-les-membres-et-partenaires-dae-partagent-leurs-etudes-et-des-leurs-bonnes-pratiques\/\" class=\"more-link\">Continue reading<span class=\"screen-reader-text\"> \u00ab\u00a0Eclairage sur la question urgente de l\u2019acc\u00e8s \u00e0 la sant\u00e9 : les membres et partenaires d\u2019AE partagent partagent \u00e9tudes et bonnes pratiques\u00a0\u00bb<\/span><\/a><\/p>\n","protected":false},"author":32,"featured_media":48553,"comment_status":"closed","ping_status":"closed","sticky":false,"template":"","format":"standard","meta":{"_acf_changed":false,"_bbp_topic_count":0,"_bbp_reply_count":0,"_bbp_total_topic_count":0,"_bbp_total_reply_count":0,"_bbp_voice_count":0,"_bbp_anonymous_reply_count":0,"_bbp_topic_count_hidden":0,"_bbp_reply_count_hidden":0,"_bbp_forum_subforum_count":0,"footnotes":""},"categories":[95],"tags":[],"class_list":["post-48552","post","type-post","status-publish","format-standard","has-post-thumbnail","hentry","category-news-fr"],"acf":[],"_links":{"self":[{"href":"https:\/\/www.autismeurope.org\/fr\/wp-json\/wp\/v2\/posts\/48552","targetHints":{"allow":["GET"]}}],"collection":[{"href":"https:\/\/www.autismeurope.org\/fr\/wp-json\/wp\/v2\/posts"}],"about":[{"href":"https:\/\/www.autismeurope.org\/fr\/wp-json\/wp\/v2\/types\/post"}],"author":[{"embeddable":true,"href":"https:\/\/www.autismeurope.org\/fr\/wp-json\/wp\/v2\/users\/32"}],"replies":[{"embeddable":true,"href":"https:\/\/www.autismeurope.org\/fr\/wp-json\/wp\/v2\/comments?post=48552"}],"version-history":[{"count":4,"href":"https:\/\/www.autismeurope.org\/fr\/wp-json\/wp\/v2\/posts\/48552\/revisions"}],"predecessor-version":[{"id":48606,"href":"https:\/\/www.autismeurope.org\/fr\/wp-json\/wp\/v2\/posts\/48552\/revisions\/48606"}],"wp:featuredmedia":[{"embeddable":true,"href":"https:\/\/www.autismeurope.org\/fr\/wp-json\/wp\/v2\/media\/48553"}],"wp:attachment":[{"href":"https:\/\/www.autismeurope.org\/fr\/wp-json\/wp\/v2\/media?parent=48552"}],"wp:term":[{"taxonomy":"category","embeddable":true,"href":"https:\/\/www.autismeurope.org\/fr\/wp-json\/wp\/v2\/categories?post=48552"},{"taxonomy":"post_tag","embeddable":true,"href":"https:\/\/www.autismeurope.org\/fr\/wp-json\/wp\/v2\/tags?post=48552"}],"curies":[{"name":"wp","href":"https:\/\/api.w.org\/{rel}","templated":true}]}}