{"id":48557,"date":"2023-12-20T15:20:07","date_gmt":"2023-12-20T14:20:07","guid":{"rendered":"https:\/\/www.autismeurope.org\/fr\/?p=48557"},"modified":"2023-12-20T15:20:07","modified_gmt":"2023-12-20T14:20:07","slug":"offre-demploi-autisme-europe-recherche-un-responsable-de-la-communication-et-un-charge-de-projets-et-de-politiques","status":"publish","type":"post","link":"https:\/\/www.autismeurope.org\/fr\/blog\/2023\/12\/20\/offre-demploi-autisme-europe-recherche-un-responsable-de-la-communication-et-un-charge-de-projets-et-de-politiques\/","title":{"rendered":"Offre d&#8217;emploi : Autisme-Europe recherche un responsable de la communication et un charg\u00e9 de projets et de politiques"},"content":{"rendered":"<blockquote><p><strong><span style=\"font-size: 12pt\">Autisme-Europe (AE) offre des opportunit\u00e9s d&#8217;emploi attrayantes pour deux futurs membres de l&rsquo;\u00e9quipe. Nous sommes actuellement \u00e0 la recherche d&rsquo;un responsable de la communication et d&rsquo;un charg\u00e9 de projets et de politiques. Ces postes offrent la possibilit\u00e9 de contribuer de mani\u00e8re significative \u00e0 la mission de l&rsquo;organisation. La date limite de d\u00e9p\u00f4t des candidatures est fix\u00e9e au 8 janvier 2024. Id\u00e9alement, nous souhaiterions que nos nouveaux coll\u00e8gues puissent commencer d&rsquo;ici la fin du mois de f\u00e9vrier.<\/span><\/strong><\/p><\/blockquote>\n<ul>\n<li><span style=\"font-size: 12pt\">Le responsable de la communication jouera un r\u00f4le essentiel pour l&rsquo;image publique d\u2019AE et dans la diffusion d&rsquo;informations sur les projets de l&rsquo;UE et les activit\u00e9s de notre organisation. Ses principales responsabilit\u00e9s comprennent l&rsquo;\u00e9laboration et la mise en \u0153uvre de strat\u00e9gies de communication, la gestion des canaux de m\u00e9dias sociaux et la supervision des campagnes de sensibilisation, en particulier lors de la Journ\u00e9e mondiale de sensibilisation \u00e0 l&rsquo;autisme. Le candidat id\u00e9al doit avoir au moins cinq ans d&rsquo;exp\u00e9rience pertinente dans des domaines tels que la cr\u00e9ation de contenu num\u00e9rique et le d\u00e9veloppement de la communication strat\u00e9gique. <strong><a href=\"https:\/\/www.autismeurope.org\/wp-content\/uploads\/2023\/12\/Comms_manager_AE.pdf\" target=\"_blank\" rel=\"noopener\">Pour en savoir plus sur ce poste, cliquez ici.<\/a><\/strong><\/span><\/li>\n<li><span style=\"font-size: 12pt\">Le responsable de projets et de politiques jouera un r\u00f4le d\u00e9terminant dans la recherche et l&rsquo;analyse des politiques qui concernent les personnes autistes. Ses responsabilit\u00e9s incluent la recherche, la r\u00e9daction de rapports et de recommandations politiques, ainsi que le soutien \u00e0 la planification et \u00e0 la coordination des activit\u00e9s de projets d&rsquo;AE. Le poste requiert une connaissance approfondie des proc\u00e9dures d&rsquo;\u00e9laboration des politiques de l&rsquo;UE relatives \u00e0 l&rsquo;autisme et aux droits des personnes handicap\u00e9es. Le candidat doit poss\u00e9der d&rsquo;excellentes comp\u00e9tences analytiques et r\u00e9dactionnelles et une exp\u00e9rience dans la gestion de projets financ\u00e9s par l&rsquo;UE. <strong><a href=\"https:\/\/www.autismeurope.org\/wp-content\/uploads\/2023\/12\/PROJECT-AND-POLICY-OFFICER.pdf\" target=\"_blank\" rel=\"noopener\">Pour en savoir plus sur ce poste, cliquez ici.<\/a><\/strong><\/span><\/li>\n<\/ul>\n<p><span style=\"font-size: 12pt\">Les deux postes sont bas\u00e9s \u00e0 Bruxelles et offrent des salaires et des avantages comp\u00e9titifs, les contrats \u00e9tant soumis au droit belge. La date d&rsquo;entr\u00e9e en fonction est id\u00e9alement f\u00e9vrier 2024.<\/span><\/p>\n<h3><strong><span style=\"font-size: 12pt\">Proc\u00e9dure de candidature<\/span><\/strong><\/h3>\n<p><span style=\"font-size: 12pt\">Les candidats int\u00e9ress\u00e9s doivent envoyer leur CV, une lettre de motivation et les coordonn\u00e9es de deux personnes de r\u00e9f\u00e9rence \u00e0 secretariat@autismeurope.org avant le 8 janvier 2024. Les candidats pr\u00e9s\u00e9lectionn\u00e9s seront invit\u00e9s \u00e0 des entretiens et \u00e0 des \u00e9valuations en janvier 2024.<\/span><\/p>\n","protected":false},"excerpt":{"rendered":"<p>Autisme-Europe (AE) offre des opportunit\u00e9s d&#8217;emploi attrayantes pour deux futurs membres de l&rsquo;\u00e9quipe. Nous sommes actuellement \u00e0 la recherche d&rsquo;un responsable de la communication et d&rsquo;un charg\u00e9 de projets et &hellip; <\/p>\n<p class=\"link-more\"><a href=\"https:\/\/www.autismeurope.org\/fr\/blog\/2023\/12\/20\/offre-demploi-autisme-europe-recherche-un-responsable-de-la-communication-et-un-charge-de-projets-et-de-politiques\/\" class=\"more-link\">Continue reading<span class=\"screen-reader-text\"> \u00ab\u00a0Offre d&#8217;emploi : Autisme-Europe recherche un responsable de la communication et un charg\u00e9 de projets et de politiques\u00a0\u00bb<\/span><\/a><\/p>\n","protected":false},"author":32,"featured_media":48505,"comment_status":"closed","ping_status":"closed","sticky":false,"template":"","format":"standard","meta":{"_acf_changed":false,"_bbp_topic_count":0,"_bbp_reply_count":0,"_bbp_total_topic_count":0,"_bbp_total_reply_count":0,"_bbp_voice_count":0,"_bbp_anonymous_reply_count":0,"_bbp_topic_count_hidden":0,"_bbp_reply_count_hidden":0,"_bbp_forum_subforum_count":0,"footnotes":""},"categories":[95],"tags":[],"class_list":["post-48557","post","type-post","status-publish","format-standard","has-post-thumbnail","hentry","category-news-fr"],"acf":[],"_links":{"self":[{"href":"https:\/\/www.autismeurope.org\/fr\/wp-json\/wp\/v2\/posts\/48557","targetHints":{"allow":["GET"]}}],"collection":[{"href":"https:\/\/www.autismeurope.org\/fr\/wp-json\/wp\/v2\/posts"}],"about":[{"href":"https:\/\/www.autismeurope.org\/fr\/wp-json\/wp\/v2\/types\/post"}],"author":[{"embeddable":true,"href":"https:\/\/www.autismeurope.org\/fr\/wp-json\/wp\/v2\/users\/32"}],"replies":[{"embeddable":true,"href":"https:\/\/www.autismeurope.org\/fr\/wp-json\/wp\/v2\/comments?post=48557"}],"version-history":[{"count":2,"href":"https:\/\/www.autismeurope.org\/fr\/wp-json\/wp\/v2\/posts\/48557\/revisions"}],"predecessor-version":[{"id":48561,"href":"https:\/\/www.autismeurope.org\/fr\/wp-json\/wp\/v2\/posts\/48557\/revisions\/48561"}],"wp:featuredmedia":[{"embeddable":true,"href":"https:\/\/www.autismeurope.org\/fr\/wp-json\/wp\/v2\/media\/48505"}],"wp:attachment":[{"href":"https:\/\/www.autismeurope.org\/fr\/wp-json\/wp\/v2\/media?parent=48557"}],"wp:term":[{"taxonomy":"category","embeddable":true,"href":"https:\/\/www.autismeurope.org\/fr\/wp-json\/wp\/v2\/categories?post=48557"},{"taxonomy":"post_tag","embeddable":true,"href":"https:\/\/www.autismeurope.org\/fr\/wp-json\/wp\/v2\/tags?post=48557"}],"curies":[{"name":"wp","href":"https:\/\/api.w.org\/{rel}","templated":true}]}}