{"id":49487,"date":"2024-05-17T17:22:38","date_gmt":"2024-05-17T15:22:38","guid":{"rendered":"https:\/\/www.autismeurope.org\/fr\/blog\/2024\/05\/17\/autism-europes-members-meet-in-dublin-hosted-by-asiam-ahead-of-the-international-congress\/"},"modified":"2024-07-19T15:43:38","modified_gmt":"2024-07-19T13:43:38","slug":"autism-europes-members-meet-in-dublin-hosted-by-asiam-ahead-of-the-international-congress","status":"publish","type":"post","link":"https:\/\/www.autismeurope.org\/fr\/blog\/2024\/05\/17\/autism-europes-members-meet-in-dublin-hosted-by-asiam-ahead-of-the-international-congress\/","title":{"rendered":"AsIAm accueille l\u2019Assembl\u00e9e G\u00e9n\u00e9rale Annuelle d\u2019Autisme-Europe en amont du congr\u00e8s International"},"content":{"rendered":"<blockquote><p><span style=\"font-size: 14pt\"><strong>Les 10, 11 et 12 mai 2024, Autisme-Europe a tenu les r\u00e9unions de son assembl\u00e9e g\u00e9n\u00e9rale annuelle (AGA) et conseil d&rsquo;administration (CA) \u00e0 Dublin (Irlande), sous format hybride, r\u00e9unissant pr\u00e8s de 70 repr\u00e9sentants europ\u00e9ens. La r\u00e9union a permis de faire le point sur les r\u00e9alisations de 2023 et le travail \u00e0 venir en 2024, ainsi que d&rsquo;\u00e9changer et de faciliter l&rsquo;apprentissage mutuel entre nos membres. Ce fut \u00e9galement l&rsquo;occasion de d\u00e9couvrir le lieu du congr\u00e8s international d&rsquo;Autisme-Europe de 2025. <\/strong><\/span><\/p><\/blockquote>\n<p><span style=\"font-size: 12pt\">Nous sommes arriv\u00e9s \u00e0 Dublin le 10 mai, o\u00f9 nous avons visit\u00e9 la Royal Dublin Society (RDS), qui accueillera le congr\u00e8s international d&rsquo;Autisme-Europe du 11 au 13 septembre 2025. Cette visite a permis aux d\u00e9l\u00e9gu\u00e9s d&rsquo;\u00e9valuer l&rsquo;accessibilit\u00e9 du lieu.<\/span><\/p>\n<p><span style=\"font-size: 12pt\">Lors de notre visite de la RDS, nous avons assist\u00e9 \u00e0 une session d&rsquo;\u00e9tude men\u00e9e par notre membre irlandais <a href=\"https:\/\/asiam.ie\/\">AsIAm<\/a>. Nous avons pris connaissance de leur travail de plaidoyer en faveur d&rsquo;une soci\u00e9t\u00e9 inclusive pour les personnes autistes, accessible, acceptante et bas\u00e9e sur la discrimination positive. L&rsquo;\u00e9quipe politique a partag\u00e9 le travail qu&rsquo;elle m\u00e8ne pour aider la communaut\u00e9 de l&rsquo;autisme et les familles \u00e0 s&rsquo;engager pleinement dans la soci\u00e9t\u00e9 irlandaise et \u00e0 renforcer la capacit\u00e9 de la soci\u00e9t\u00e9 \u00e0 faciliter une v\u00e9ritable inclusion. Nous avons notamment pris connaissance des principaux r\u00e9sultats de leur rapport \u00ab\u00a0<a href=\"https:\/\/assets-global.website-files.com\/6537ebfefba7b3c24a18e646\/660d666ed8621b2c02ecbd7d_AsIAm2024-SameChanceReport.pdf\">Same Chance Report 2024<\/a>\u00a0\u00bb, qui explore les exp\u00e9riences des personnes autistes et de leurs familles dans la soci\u00e9t\u00e9 irlandaise, allant de la participation \u00e0 la vie sociale et familiale \u00e0 l&rsquo;acc\u00e8s aux \u00e9quipements et aux services quotidiens.<\/span><\/p>\n<p><span style=\"font-size: 12pt\">La ministre irlandaise pour le handicap Anne Rabbit nous a \u00e9galement parl\u00e9 de la strat\u00e9gie d&rsquo;innovation en mati\u00e8re d&rsquo;autisme mise en place par le gouvernement irlandais.<\/span><\/p>\n<h2><span style=\"font-size: 14pt\">Bilan des r\u00e9alisations en 2023 et du travail \u00e0 accomplir en 2024<\/span><\/h2>\n<p><span style=\"font-size: 12pt\">Le samedi 11 mai, les membres d&rsquo;AE se sont retrouv\u00e9s au Mansion House \u00e0 Dublin. L&rsquo;AGA a adopt\u00e9 le programme de travail d&rsquo;AE et le budget 2024, ainsi que le rapport d&rsquo;activit\u00e9s de 2023, \u00e9tablis dans le cadre du programme Citoyens, \u00e9galit\u00e9, droits et valeurs de l&rsquo;UE. L&rsquo;AGA a \u00e9galement \u00e9t\u00e9 tenue inform\u00e9e des derni\u00e8res mises \u00e0 jour concernant les projets de l&rsquo;UE auxquels AE participe.<\/span><\/p>\n<p><span style=\"font-size: 12pt\"><a href=\"https:\/\/www.autismeurope.org\/blog\/2024\/03\/01\/aes-report-of-activity-2023\/\">D\u00e9couvrez le rapport d\u2019activit\u00e9s d\u2019AE de 2023<\/a><\/span><\/p>\n<p><span style=\"font-size: 12pt\"><a href=\"https:\/\/www.autismeurope.org\/what-we-do\/european-projects\/\">En savoir plus sur les projets de l\u2019UE auxquels AE participe<\/a><\/span><\/p>\n<p><span style=\"font-size: 12pt\">AE a pr\u00e9sent\u00e9 les activit\u00e9s de sa <a href=\"https:\/\/www.autismeurope.org\/what-we-do\/world-autism-awareness-day\/current-campaign\/\">campagne \u00ab\u00a0Not Invisible\u00a0\u00bb<\/a>, d\u00e9velopp\u00e9es en vue des \u00e9lections du Parlement europ\u00e9en en 2024 et de la Journ\u00e9e mondiale de sensibilisation \u00e0 l&rsquo;autisme. Les membres ont \u00e9chang\u00e9 des id\u00e9es sur la campagne et sur la fa\u00e7on de travailler ensemble pendant la saison \u00e9lectorale afin de toucher les candidats d\u00e9put\u00e9s europ\u00e9ens et de les encourager \u00e0 signer notre <a href=\"https:\/\/www.autismeurope.org\/wp-content\/uploads\/2024\/03\/PLEDGE_EP_Elections.pdf\">d\u00e9claration<\/a> \u00e0 soutenir les droits des personnes autistes.<\/span><\/p>\n<h2><span style=\"font-size: 14pt\">Autisme-Europe accueille cinq nouvelles associations membres et de nouveaux membres du Conseil d&rsquo;administration<\/span><\/h2>\n<p><span style=\"font-size: 12pt\">Cette ann\u00e9e, le r\u00e9seau d&rsquo;AE continue de s&rsquo;\u00e9tendre \u00e9tant donn\u00e9 que l&rsquo;AGA a approuv\u00e9 l&rsquo;adh\u00e9sion de nouveaux membres : AFG Autisme (France), la Nederlandse Vereniging voor Autisme (NVA) (Pays-Bas) (membres effectifs), Autismo Andalucia (Espagne) (membre affili\u00e9), ANFFASS (Italie) et Autism Unlimited (Royaume-Uni) (membres associ\u00e9s).<\/span><\/p>\n<p><span style=\"font-size: 12pt\">Cette ann\u00e9e, des \u00e9lections ont eu lieu au sein d&rsquo;AE suite auxquelles le Conseil d&rsquo;administration a \u00e9t\u00e9 renouvel\u00e9 de moiti\u00e9.<\/span><\/p>\n<p><span style=\"font-size: 12pt\"><a href=\"https:\/\/www.autismeurope.org\/who-we-are\/our-structure\/council-of-administration\/\">Liste des membres du Conseil d\u2019administration d\u2019AE<\/a><\/span><\/p>\n<h2><span style=\"font-size: 14pt\">Zoom sur la situation en Ukraine<\/span><\/h2>\n<p><span style=\"font-size: 12pt\">Le dimanche 7 mai, les membres ont \u00e9t\u00e9 inform\u00e9s de la situation de la communaut\u00e9 de l&rsquo;autisme en Ukraine par notre organisation-membre Child with Future qui a pr\u00e9sent\u00e9 les activit\u00e9s men\u00e9es par l\u2019organisation en cette p\u00e9riode de guerre et a donn\u00e9 un aper\u00e7u des d\u00e9fis actuels auxquels sont confront\u00e9es les personnes autistes et leurs familles en Ukraine.\u00a0\u00a0<\/span><\/p>\n<p><span style=\"font-size: 12pt\">David Higgs a pr\u00e9sent\u00e9 son projet de r\u00e9aliser un documentaire sur les difficult\u00e9s rencontr\u00e9es par les personnes autistes en Ukraine pendant la guerre et d&rsquo;apporter une aide concr\u00e8te aux organisations locales. Il a \u00e9galement lanc\u00e9 un <a href=\"https:\/\/www.gofundme.com\/f\/autism-ukraine-project\">appel aux dons<\/a> pour mener \u00e0 bien ce projet<\/span><\/p>\n","protected":false},"excerpt":{"rendered":"<p>Les 10, 11 et 12 mai 2024, Autisme-Europe a tenu les r\u00e9unions de son assembl\u00e9e g\u00e9n\u00e9rale annuelle (AGA) et conseil d&rsquo;administration (CA) \u00e0 Dublin (Irlande), sous format hybride, r\u00e9unissant pr\u00e8s &hellip; <\/p>\n<p class=\"link-more\"><a href=\"https:\/\/www.autismeurope.org\/fr\/blog\/2024\/05\/17\/autism-europes-members-meet-in-dublin-hosted-by-asiam-ahead-of-the-international-congress\/\" class=\"more-link\">Continue reading<span class=\"screen-reader-text\"> \u00ab\u00a0AsIAm accueille l\u2019Assembl\u00e9e G\u00e9n\u00e9rale Annuelle d\u2019Autisme-Europe en amont du congr\u00e8s International\u00a0\u00bb<\/span><\/a><\/p>\n","protected":false},"author":32,"featured_media":49186,"comment_status":"closed","ping_status":"closed","sticky":false,"template":"","format":"standard","meta":{"_acf_changed":false,"_bbp_topic_count":0,"_bbp_reply_count":0,"_bbp_total_topic_count":0,"_bbp_total_reply_count":0,"_bbp_voice_count":0,"_bbp_anonymous_reply_count":0,"_bbp_topic_count_hidden":0,"_bbp_reply_count_hidden":0,"_bbp_forum_subforum_count":0,"footnotes":""},"categories":[95],"tags":[],"class_list":["post-49487","post","type-post","status-publish","format-standard","has-post-thumbnail","hentry","category-news-fr"],"acf":[],"_links":{"self":[{"href":"https:\/\/www.autismeurope.org\/fr\/wp-json\/wp\/v2\/posts\/49487","targetHints":{"allow":["GET"]}}],"collection":[{"href":"https:\/\/www.autismeurope.org\/fr\/wp-json\/wp\/v2\/posts"}],"about":[{"href":"https:\/\/www.autismeurope.org\/fr\/wp-json\/wp\/v2\/types\/post"}],"author":[{"embeddable":true,"href":"https:\/\/www.autismeurope.org\/fr\/wp-json\/wp\/v2\/users\/32"}],"replies":[{"embeddable":true,"href":"https:\/\/www.autismeurope.org\/fr\/wp-json\/wp\/v2\/comments?post=49487"}],"version-history":[{"count":3,"href":"https:\/\/www.autismeurope.org\/fr\/wp-json\/wp\/v2\/posts\/49487\/revisions"}],"predecessor-version":[{"id":49490,"href":"https:\/\/www.autismeurope.org\/fr\/wp-json\/wp\/v2\/posts\/49487\/revisions\/49490"}],"wp:featuredmedia":[{"embeddable":true,"href":"https:\/\/www.autismeurope.org\/fr\/wp-json\/wp\/v2\/media\/49186"}],"wp:attachment":[{"href":"https:\/\/www.autismeurope.org\/fr\/wp-json\/wp\/v2\/media?parent=49487"}],"wp:term":[{"taxonomy":"category","embeddable":true,"href":"https:\/\/www.autismeurope.org\/fr\/wp-json\/wp\/v2\/categories?post=49487"},{"taxonomy":"post_tag","embeddable":true,"href":"https:\/\/www.autismeurope.org\/fr\/wp-json\/wp\/v2\/tags?post=49487"}],"curies":[{"name":"wp","href":"https:\/\/api.w.org\/{rel}","templated":true}]}}