{"id":49532,"date":"2024-07-03T17:48:13","date_gmt":"2024-07-03T15:48:13","guid":{"rendered":"https:\/\/www.autismeurope.org\/fr\/?p=49532"},"modified":"2024-07-26T17:54:39","modified_gmt":"2024-07-26T15:54:39","slug":"ae-partage-des-recommandations-sur-laccessibilite-des-personnes-autistes-dans-les-espaces-urbains-lors-de-levenement-accessibleeu","status":"publish","type":"post","link":"https:\/\/www.autismeurope.org\/fr\/blog\/2024\/07\/03\/ae-partage-des-recommandations-sur-laccessibilite-des-personnes-autistes-dans-les-espaces-urbains-lors-de-levenement-accessibleeu\/","title":{"rendered":"AE partage des recommandations sur l&rsquo;accessibilit\u00e9 des personnes autistes dans les espaces urbains lors de l&rsquo;\u00e9v\u00e9nement AccessibleEU"},"content":{"rendered":"<blockquote><p><span style=\"font-size: 14pt\"><strong>Le 2 juillet 2024, lors de l&rsquo;\u00e9v\u00e9nement du centre de ressources AccessibleEU intitul\u00e9\u00a0 \u00ab\u00a0Smart Cities : Enhancing Urban Design and Mobility for All\u00a0\u00bb (Villes intelligentes\u00a0: am\u00e9liorer l\u2019am\u00e9nagement urbain et la mobilit\u00e9 pour tous) qui s&rsquo;est tenu au si\u00e8ge de la Fondation ONCE \u00e0 Madrid (Espagne), Autisme-Europe a particip\u00e9 \u00e0 une table ronde d\u00e9di\u00e9e aux \u00ab\u00a0usagers de l&rsquo;environnement urbain\u00a0\u00bb et a soulign\u00e9 comment rendre les espaces urbains accessibles aux personnes autistes en pointant les barri\u00e8res existantes et en sugg\u00e9rant de bonnes pratiques.<\/strong><\/span><\/p><\/blockquote>\n<p><span style=\"font-size: 12pt\">Lors de l&rsquo;\u00e9v\u00e9nement europ\u00e9en AccessibleEU intitul\u00e9 \u00ab\u00a0Smart Cities : Enhancing Urban Design and Mobility for All\u00a0\u00bb, organis\u00e9 par la fondation espagnole ONCE, Autisme-Europe \u00e9tait repr\u00e9sent\u00e9e par Paloma Contreras d\u2019Autismo Espa\u00f1a, une association-membre d\u2019Autisme-Europe. Au cours de la table ronde intitul\u00e9e \u00ab\u00a0Les usagers des espaces urbains : les besoins, les probl\u00e8mes et les bonnes pratiques concernant l&rsquo;utilisation et la jouissance des espaces publics\u00a0\u00bb, Paloma Contreras a mis en avant les besoins d&rsquo;accessibilit\u00e9 des personnes autistes. Le panel, anim\u00e9 par Elena Stylianou, directrice du Centre municipal des arts de Nicosie \u00e0 Chypre, comprenait \u00e9galement Agnes Kojc, utilisatrice de fauteuil roulant et membre du conseil d&rsquo;administration de l&rsquo;Association des communaut\u00e9s europ\u00e9ennes pour la paralysie c\u00e9r\u00e9brale. Anges Kojc a fait part des difficult\u00e9s qu&rsquo;elle a rencontr\u00e9es pour acc\u00e9der \u00e0 l\u2019universit\u00e9. Antonella Candiago, utilisatrice de fauteuil roulant et charg\u00e9e de mission au R\u00e9seau europ\u00e9en pour la vie autonome (ENIL), a parl\u00e9 de son exp\u00e9rience en tant que femme handicap\u00e9e. Mercedes Mayoral, psychologue et parente d&rsquo;enfants dyslexiques de Catalogne, a donn\u00e9 un aper\u00e7u des besoins d&rsquo;accessibilit\u00e9 des personnes neuroatypiques. Le panel s&rsquo;est conclu par une contribution d&rsquo;Alexandre Bloxs de l&rsquo;Union europ\u00e9enne des sourds (EUD) qui a soulign\u00e9 que les langues des signes n&rsquo;\u00e9taient pas seulement un \u00e9l\u00e9ment d&rsquo;accessibilit\u00e9, mais aussi un \u00e9l\u00e9ment essentiel de la diversit\u00e9 linguistique de l&rsquo;Europe.\u00a0\u00a0 \u00a0\u00a0<\/span><\/p>\n<h2><span style=\"font-size: 14pt\">L&rsquo;accessibilit\u00e9 des personnes autistes aux espaces urbains<\/span><\/h2>\n<p><span style=\"font-size: 12pt\">Paloma Contreras a soulign\u00e9 que si l&rsquo;autisme est un spectre et que chaque personne autiste a des besoins uniques en mati\u00e8re d&rsquo;accessibilit\u00e9, toutes les personnes autistes \u00e9prouvent des difficult\u00e9s communes en mati\u00e8re de communication, de cognition, d&rsquo;interaction sociale et de perception sensorielle. Ces difficult\u00e9s d\u00e9terminent les besoins des personnes autistes en mati\u00e8re d&rsquo;accessibilit\u00e9, notamment un langage clair et des textes adapt\u00e9s en format facile-\u00e0-lire. En outre, les espaces urbains physiques doivent \u00eatre structurants, fournir une orientation et une signalisation appropri\u00e9e ainsi que des aides visuelles, et aider l&rsquo;usager autiste \u00e0 g\u00e9rer des \u00e9v\u00e8nements inattendus. Dans les environnements urbains, les stimulations sensorielles doivent \u00eatre r\u00e9duites, des espaces calmes et de l&rsquo;information relative \u00e0 la s\u00e9curit\u00e9 et \u00e0 la protection doivent \u00eatre disponibles, a-t-elle d\u00e9clar\u00e9. Elle a insist\u00e9 sur le fait que les personnes autistes elles-m\u00eames doivent contribuer \u00e0 l\u2019accessibilit\u00e9 des espaces urbains et cela, d\u00e8s la phase de conception.<\/span><\/p>\n<p><span style=\"font-size: 12pt\">Par ailleurs, Paloma a mis en lumi\u00e8re des exemples de bonnes pratiques, notamment <a href=\"\/\/\\\\autismeu-srv\\public\\Administration\\AUTISME-EUROPE\\publications+documents\\Newsletter\\2024\\95\\Greek National Museum of Contemporary Art considered the first museum in the European Union that has made appropriate accommodation to make it sensory-friendly for autism\">le Mus\u00e9e national grec d&rsquo;art contemporain<\/a>, reconnu comme le premier mus\u00e9e sensoriel adapt\u00e9 \u00e0 l&rsquo;autisme dans l&rsquo;Union europ\u00e9enne. Par ailleurs, Autismo Espa\u00f1a et plusieurs de nos membres affili\u00e9s ont coop\u00e9r\u00e9 pour publier un guide intitul\u00e9 \u00ab\u00a0<a href=\"https:\/\/autismo.org.es\/wp-content\/uploads\/2024\/04\/2024_GuiaCiudadesInclusivas_Rumbo_AutismoEspana.pdf\">Villes inclusives : environnements adapt\u00e9s aux personnes autistes<\/a>\u00a0\u00bb.\u00a0 Enfin, Paloma a pr\u00e9sent\u00e9 l&rsquo;initiative <a href=\"https:\/\/dublincityinclusion.ie\/dublin-plans-to-become-worlds-first-autism-friendly-capital-city\/\">Dublin Autism Friendly Capital<\/a>, coproduite par AsIAm, membre irlandais d&rsquo;Autisme-Europe.<\/span><\/p>\n<p><img loading=\"lazy\" decoding=\"async\" class=\"alignleft size-large wp-image-49449\" src=\"https:\/\/www.autismeurope.org\/wp-content\/uploads\/2024\/07\/event3-1024x539.png\" alt=\"\" width=\"525\" height=\"276\" srcset=\"https:\/\/www.autismeurope.org\/wp-content\/uploads\/2024\/07\/event3-1024x539.png 1024w, https:\/\/www.autismeurope.org\/wp-content\/uploads\/2024\/07\/event3-300x158.png 300w, https:\/\/www.autismeurope.org\/wp-content\/uploads\/2024\/07\/event3-768x404.png 768w, https:\/\/www.autismeurope.org\/wp-content\/uploads\/2024\/07\/event3.png 1464w\" sizes=\"auto, (max-width: 525px) 100vw, 525px\" \/><\/p>\n<h2><span style=\"font-size: 14pt\">Le concours pour le prix AccessCity 2025 est ouvert<\/span><\/h2>\n<p><span style=\"font-size: 12pt\">Cette journ\u00e9e a \u00e9galement \u00e9t\u00e9 marqu\u00e9e par la tenue d&rsquo;un panel sur le prix Access City. Il s&rsquo;agit d&rsquo;une initiative visant \u00e0 garantir l&rsquo;accessibilit\u00e9 pour les personnes handicap\u00e9es et organis\u00e9e par la Commission europ\u00e9enne (CE) en partenariat avec le Forum europ\u00e9en des personnes handicap\u00e9es (FEPH). Le prix Access City sera d\u00e9cern\u00e9 pour la quinzi\u00e8me fois en novembre 2024 lors de la Journ\u00e9e europ\u00e9enne des personnes handicap\u00e9es (EDPD). Les candidatures pour ce prix europ\u00e9en r\u00e9compensant les villes qui ont accompli un travail remarquable pour devenir plus accessibles aux personnes handicap\u00e9es doivent \u00eatre soumises en ligne avant le 10 septembre 2024 (23h59 CET). Le gagnant et les finalistes recevront une r\u00e9compense :<\/span><\/p>\n<ul>\n<li><span style=\"font-size: 12pt\">1er prix : EUR 150 000<\/span><\/li>\n<li><span style=\"font-size: 12pt\">2e prix : EUR 120 000<\/span><\/li>\n<li><span style=\"font-size: 12pt\">3e prix : EUR 80 000<\/span><\/li>\n<\/ul>\n<p><span style=\"font-size: 12pt\">Les villes qui ont entrepris un travail exceptionnel dans un domaine cl\u00e9 de l\u2019accessibilit\u00e9 peuvent se voir attribuer une mention sp\u00e9ciale, par exemple pour : l\u2019environnement b\u00e2ti et les espaces publics, les transports et les infrastructures connexes, l\u2019information et la communication, les installations et services publics.<\/span><\/p>\n<p><span style=\"font-size: 12pt\">Cette ann\u00e9e, en l\u2019honneur des Jeux olympiques et paralympiques, la Commission europ\u00e9enne a pour intention d\u2019attribuer une mention sp\u00e9ciale pour les villes dont le travail sur l\u2019accessibilit\u00e9 est orient\u00e9 vers le domaine de \u00ab l\u2019infrastructure sportive accessible \u00bb.<\/span><\/p>\n<p><span style=\"font-size: 12pt\">This year, in honour of the 2024 Olympic and Paralympic Games, the European Commission intends to award a Special Mention on \u2018Accessible Sports Infrastructure\u2019. Ce prix vise \u00e0 r\u00e9compenser une ville qui a su rendre accessibles \u00e0 tous des exp\u00e9riences sportives de qualit\u00e9. Outre les bienfaits pour la sant\u00e9 que le sport peut apporter, il peut aussi \u00eatre un vecteur d&rsquo;inclusion, d&rsquo;int\u00e9gration et de coh\u00e9sion.<\/span><\/p>\n<p><span style=\"font-size: 12pt\">More information <a href=\"https:\/\/access-city-award.ec.europa.eu\/\">here<\/a>.<\/span><\/p>\n","protected":false},"excerpt":{"rendered":"<p>Le 2 juillet 2024, lors de l&rsquo;\u00e9v\u00e9nement du centre de ressources AccessibleEU intitul\u00e9\u00a0 \u00ab\u00a0Smart Cities : Enhancing Urban Design and Mobility for All\u00a0\u00bb (Villes intelligentes\u00a0: am\u00e9liorer l\u2019am\u00e9nagement urbain et la &hellip; <\/p>\n<p class=\"link-more\"><a href=\"https:\/\/www.autismeurope.org\/fr\/blog\/2024\/07\/03\/ae-partage-des-recommandations-sur-laccessibilite-des-personnes-autistes-dans-les-espaces-urbains-lors-de-levenement-accessibleeu\/\" class=\"more-link\">Continue reading<span class=\"screen-reader-text\"> \u00ab\u00a0AE partage des recommandations sur l&rsquo;accessibilit\u00e9 des personnes autistes dans les espaces urbains lors de l&rsquo;\u00e9v\u00e9nement AccessibleEU\u00a0\u00bb<\/span><\/a><\/p>\n","protected":false},"author":32,"featured_media":49443,"comment_status":"closed","ping_status":"closed","sticky":false,"template":"","format":"standard","meta":{"_acf_changed":false,"_bbp_topic_count":0,"_bbp_reply_count":0,"_bbp_total_topic_count":0,"_bbp_total_reply_count":0,"_bbp_voice_count":0,"_bbp_anonymous_reply_count":0,"_bbp_topic_count_hidden":0,"_bbp_reply_count_hidden":0,"_bbp_forum_subforum_count":0,"footnotes":""},"categories":[95],"tags":[],"class_list":["post-49532","post","type-post","status-publish","format-standard","has-post-thumbnail","hentry","category-news-fr"],"acf":[],"_links":{"self":[{"href":"https:\/\/www.autismeurope.org\/fr\/wp-json\/wp\/v2\/posts\/49532","targetHints":{"allow":["GET"]}}],"collection":[{"href":"https:\/\/www.autismeurope.org\/fr\/wp-json\/wp\/v2\/posts"}],"about":[{"href":"https:\/\/www.autismeurope.org\/fr\/wp-json\/wp\/v2\/types\/post"}],"author":[{"embeddable":true,"href":"https:\/\/www.autismeurope.org\/fr\/wp-json\/wp\/v2\/users\/32"}],"replies":[{"embeddable":true,"href":"https:\/\/www.autismeurope.org\/fr\/wp-json\/wp\/v2\/comments?post=49532"}],"version-history":[{"count":3,"href":"https:\/\/www.autismeurope.org\/fr\/wp-json\/wp\/v2\/posts\/49532\/revisions"}],"predecessor-version":[{"id":49535,"href":"https:\/\/www.autismeurope.org\/fr\/wp-json\/wp\/v2\/posts\/49532\/revisions\/49535"}],"wp:featuredmedia":[{"embeddable":true,"href":"https:\/\/www.autismeurope.org\/fr\/wp-json\/wp\/v2\/media\/49443"}],"wp:attachment":[{"href":"https:\/\/www.autismeurope.org\/fr\/wp-json\/wp\/v2\/media?parent=49532"}],"wp:term":[{"taxonomy":"category","embeddable":true,"href":"https:\/\/www.autismeurope.org\/fr\/wp-json\/wp\/v2\/categories?post=49532"},{"taxonomy":"post_tag","embeddable":true,"href":"https:\/\/www.autismeurope.org\/fr\/wp-json\/wp\/v2\/tags?post=49532"}],"curies":[{"name":"wp","href":"https:\/\/api.w.org\/{rel}","templated":true}]}}