{"id":49549,"date":"2024-07-11T17:27:41","date_gmt":"2024-07-11T15:27:41","guid":{"rendered":"https:\/\/www.autismeurope.org\/fr\/?p=49549"},"modified":"2024-08-02T10:30:43","modified_gmt":"2024-08-02T08:30:43","slug":"declaration-commune-ouvrir-la-voie-a-un-cycle-politique-axe-sur-legalite","status":"publish","type":"post","link":"https:\/\/www.autismeurope.org\/fr\/blog\/2024\/07\/11\/declaration-commune-ouvrir-la-voie-a-un-cycle-politique-axe-sur-legalite\/","title":{"rendered":"D\u00e9claration commune : Ouvrir la voie \u00e0 un cycle politique ax\u00e9 sur l&rsquo;\u00e9galit\u00e9"},"content":{"rendered":"<p><span style=\"font-size: 12pt\"><em>Brussels, 11 July 2024<\/em><\/span><\/p>\n<p><span style=\"font-size: 12pt\">L&rsquo;Union europ\u00e9enne a \u00e9t\u00e9 fond\u00e9e sur les principes d&rsquo;\u00e9galit\u00e9 et de non-discrimination. N\u00e9anmoins, de trop nombreuses personnes continuent d&rsquo;\u00eatre confront\u00e9es \u00e0 la discrimination et \u00e0 l&rsquo;in\u00e9galit\u00e9 dans toute l&rsquo;Union, y compris \u00e0 des formes intersectionnelles et multiples de discrimination dans tous les aspects de leur vie\u00b9. Dans le climat actuel, il est d\u00e9sormais imp\u00e9ratif que les institutions europ\u00e9ennes renforcent leur d\u00e9termination \u00e0 prendre des mesures significatives et urgentes pour rem\u00e9dier \u00e0 cette r\u00e9alit\u00e9.<\/span><\/p>\n<p><span style=\"font-size: 12pt\">Alors que les dirigeants de l&rsquo;Union europ\u00e9enne d\u00e9cident de leurs priorit\u00e9s pour le cycle 2024-2029, nous les appelons \u00e0 veiller \u00e0 ce que l&rsquo;\u00e9galit\u00e9 et la non-discrimination fassent partie des priorit\u00e9s centrales du programme de travail de l&rsquo;UE pour les cinq prochaines ann\u00e9es. Ce n&rsquo;est qu&rsquo;en pla\u00e7ant l&rsquo;\u00e9galit\u00e9 et la protection contre la discrimination au centre de ses pr\u00e9occupations que l&rsquo;UE pourra v\u00e9ritablement r\u00e9pondre aux principales pr\u00e9occupations des personnes vivant au sein de l\u2019Union.<\/span><\/p>\n<p><span style=\"font-size: 12pt\">L&rsquo;agenda de l&rsquo;\u00e9galit\u00e9 et de la non-discrimination a b\u00e9n\u00e9fici\u00e9 d&rsquo;une visibilit\u00e9 et d&rsquo;une action accrues au cours des cinq derni\u00e8res ann\u00e9es gr\u00e2ce \u00e0 l&rsquo;ambitieux programme de \u00ab\u00a0l&rsquo;Union de l&rsquo;\u00e9galit\u00e9\u00a0\u00bb et \u00e0 la nomination de la premi\u00e8re commissaire \u00e0 l&rsquo;\u00e9galit\u00e9. Cela a conduit \u00e0 des progr\u00e8s sans pr\u00e9c\u00e9dent dans les efforts visant \u00e0 faire progresser l&rsquo;\u00e9galit\u00e9 et la non-discrimination dans l&rsquo;ensemble de l&rsquo;\u00e9laboration des politiques de l&rsquo;UE. Ces progr\u00e8s comprennent l&rsquo;adoption d&rsquo;initiatives importantes telles que la directive sur la violence \u00e0 l&rsquo;\u00e9gard des femmes, les strat\u00e9gies inaugurales en faveur de l&rsquo;\u00e9galit\u00e9 entre les hommes et les femmes et en faveur de l&rsquo;\u00e9galit\u00e9 des personnes LGBTIQ, un plan d&rsquo;action contre le racisme, un livre vert sur le vieillissement, un plan d&rsquo;action sur l&rsquo;int\u00e9gration et l&rsquo;inclusion, une strat\u00e9gie visant \u00e0 renforcer l&rsquo;application de la Charte des droits fondamentaux dans l&rsquo;UE, ainsi que le renouvellement de la strat\u00e9gie en faveur des droits des personnes handicap\u00e9es et le cadre strat\u00e9gique de l&rsquo;UE pour les Roms.<\/span><\/p>\n<p><span style=\"font-size: 12pt\">\u00c0 ce stade critique, il est vital que l&rsquo;UE continue \u00e0 donner la priorit\u00e9 aux efforts visant \u00e0 garantir les valeurs de base d&rsquo;\u00e9galit\u00e9 et de non-discrimination, \u00e0 faire progresser l&rsquo;ensemble des mesures qui composent l&rsquo;Union de l&rsquo;\u00e9galit\u00e9 et \u00e0 garantir une approche intersectionnelle de cet agenda. Ne pas le faire mettrait s\u00e9rieusement en p\u00e9ril les progr\u00e8s dans ce domaine et marquerait un tr\u00e8s dangereux retour en arri\u00e8re.<\/span><\/p>\n<p><span style=\"font-size: 12pt\">\u00c0 cette fin, nous appelons les dirigeants de l&rsquo;UE \u00e0 prendre les mesures suivantes :<\/span><\/p>\n<ul>\n<li><span style=\"font-size: 12pt\">nommer un commissaire \u00e0 l&rsquo;\u00e9galit\u00e9 et aux droits fondamentaux, en veillant \u00e0 ce que le mandat ait le pouvoir de renouveler et d&rsquo;approfondir le programme de l&rsquo;Union pour l&rsquo;\u00e9galit\u00e9 et en d\u00e9signant un candidat dont l&rsquo;engagement en faveur de l&rsquo;\u00e9galit\u00e9 est av\u00e9r\u00e9 ;<\/span><\/li>\n<li><span style=\"font-size: 12pt\">renforcer l&rsquo;agenda de l&rsquo;Union de l&rsquo;\u00e9galit\u00e9 en introduisant de nouvelles strat\u00e9gies pour aborder les aspects qui ne sont pas encore couverts, en int\u00e9grant ces strat\u00e9gies dans tous des domaines politiques et en d\u00e9veloppant de nouvelles strat\u00e9gies d&rsquo;\u00e9galit\u00e9 en en renouvelant celles d\u00e9j\u00e0 existantes, telles que la strat\u00e9gie en faveur de l&rsquo;\u00e9galit\u00e9 entre les femmes et les hommes, la strat\u00e9gie en faveur de l&rsquo;\u00e9galit\u00e9 des personnes LGBTIQ, le plan d&rsquo;action de l&rsquo;UE contre le racisme, le plan d&rsquo;action pour l&rsquo;int\u00e9gration et l&rsquo;inclusion, la strat\u00e9gie de l&rsquo;UE en faveur des droits des personnes handicap\u00e9es et le cadre strat\u00e9gique pour les Roms ;<\/span><\/li>\n<li><span style=\"font-size: 12pt\">veiller \u00e0 ce que le prochain budget de l&rsquo;UE comprenne des flux de financement solides pour les organisations de la soci\u00e9t\u00e9 civile qui travaillent pour l&rsquo;\u00e9galit\u00e9 et la non-discrimination ;<\/span><\/li>\n<li><span style=\"font-size: 12pt\">veiller \u00e0 ce que les objectifs d&rsquo;\u00e9galit\u00e9 et de non-discrimination soient \u00e9galement au c\u0153ur des priorit\u00e9s de l&rsquo;UE dans le domaine de la coop\u00e9ration internationale, de l&rsquo;action ext\u00e9rieure et de l&rsquo;action humanitaire ;<\/span><\/li>\n<li><span style=\"font-size: 12pt\">maintenir le statut actuel de la commission parlementaire des droits de la femme et de l&rsquo;\u00e9galit\u00e9 des genres et s&rsquo;abstenir d&rsquo;affaiblir son mandat ;<\/span><\/li>\n<li><span style=\"font-size: 12pt\">cr\u00e9er une formation du Conseil consacr\u00e9e \u00e0 l&rsquo;\u00e9galit\u00e9 dans l&rsquo;UE et veiller \u00e0 ce que les \u00c9tats membres s&rsquo;engagent concr\u00e8tement \u00e0 mettre en \u0153uvre des strat\u00e9gies en faveur de l&rsquo;\u00e9galit\u00e9 ;<\/span><\/li>\n<li><span style=\"font-size: 12pt\">\u00e9tablir une nouvelle direction g\u00e9n\u00e9rale pour l&rsquo;\u00e9galit\u00e9 et les droits fondamentaux, renfor\u00e7ant ainsi la capacit\u00e9 de la Commission \u00e0 concevoir et \u00e0 contr\u00f4ler les lois et les politiques en mati\u00e8re d&rsquo;\u00e9galit\u00e9 et de non-discrimination ;<\/span><\/li>\n<li><span style=\"font-size: 12pt\">renouveler et am\u00e9liorer les mandats des coordinateurs de la Commission travaillant sur l&rsquo;\u00e9galit\u00e9, en veillant \u00e0 mettre l&rsquo;accent sur l&rsquo;intersectionnalit\u00e9 au cours de ce mandat ;<\/span><\/li>\n<li><span style=\"font-size: 12pt\">vonfier un mandat fort \u00e0 la task force de la Commission sur l&rsquo;\u00e9galit\u00e9 et veiller \u00e0 ce qu&rsquo;elle travaille de mani\u00e8re transparente et en \u00e9troite consultation et coop\u00e9ration avec les organisations et r\u00e9seaux de la soci\u00e9t\u00e9 civile.<\/span><\/li>\n<\/ul>\n<p><span style=\"font-size: 12pt\">Nous sommes 133 organisations de la soci\u00e9t\u00e9 civile, fortes d&rsquo;une solide expertise en mati\u00e8re d&rsquo;\u00e9galit\u00e9 et nous repr\u00e9sentons des groupes expos\u00e9s \u00e0 un risque accru de discrimination dans toute l&rsquo;UE. Nous lan\u00e7ons cet appel pour attester de notre solidarit\u00e9 mutuelle et demandons instamment aux dirigeants de l&rsquo;UE de veiller \u00e0 ce que les personnes les plus concern\u00e9es par les politiques et la l\u00e9gislation de l&rsquo;UE en mati\u00e8re d&rsquo;\u00e9galit\u00e9 et de non-discrimination soient toujours impliqu\u00e9es dans l\u2019\u00e9laboration et la mise en \u0153uvre de ces politiques.<\/span><\/p>\n<ul>\n<li><span style=\"font-size: 12pt\">A Scuola Per Conoscerci, Italie<\/span><\/li>\n<li><span style=\"font-size: 12pt\">ACCEPT Roumanie<\/span><\/li>\n<li><span style=\"font-size: 12pt\">ACT Alliance EU<\/span><\/li>\n<li><span style=\"font-size: 12pt\">AESCO (Am\u00e9rica, Espa\u00f1a, Solidaridad y Cooperaci\u00f3n)<\/span><\/li>\n<li><span style=\"font-size: 12pt\">AGE Platform Europe<\/span><\/li>\n<li><span style=\"font-size: 12pt\">Agedo Nazionale, Italie<\/span><\/li>\n<li><span style=\"font-size: 12pt\">Aidos (Association italienne des femmes pour le d\u00e9veloppement)<\/span><\/li>\n<li><span style=\"font-size: 12pt\">ALFI (Association des f\u00e9ministes et lesbiennes italiennes), Italie<\/span><\/li>\n<li><span style=\"font-size: 12pt\">AlfiLune, Italie<\/span><\/li>\n<li><span style=\"font-size: 12pt\">Amnesty International<\/span><\/li>\n<li><span style=\"font-size: 12pt\">Amref Health Africa, Italie<\/span><\/li>\n<li><span style=\"font-size: 12pt\">Anemos Dimiourgias, Gr\u00e8ce<\/span><\/li>\n<li><span style=\"font-size: 12pt\">ANTAMA, Gr\u00e8ce)<\/span><\/li>\n<li><span style=\"font-size: 12pt\">Anti-Discrimination Centre Memorial Brussels<\/span><\/li>\n<li><span style=\"font-size: 12pt\">APRe! Associa\u00e7\u00e3o de Aposentados, Pensionistas e Reformados, Portugal<\/span><\/li>\n<li><span style=\"font-size: 12pt\">ARCIGAY LGBTQIA+ Association, Italie<\/span><\/li>\n<li><span style=\"font-size: 12pt\">ASKV Refugee Support<\/span><\/li>\n<li><span style=\"font-size: 12pt\">Asociaci\u00f3n de Investigaci\u00f3n y Especializaci\u00f3n sobre Temas Iberoamericanos \u2013 AIETI, Espagne<\/span><\/li>\n<li><span style=\"font-size: 12pt\">Asociaci\u00f3n Por Ti Mujer<\/span><\/li>\n<li><span style=\"font-size: 12pt\">Association Bagdam Espace Lesbien, France<\/span><\/li>\n<li><span style=\"font-size: 12pt\">Association Legebitra, Slov\u00e9nie<\/span><\/li>\n<li><span style=\"font-size: 12pt\">Association Liberas, Italie<\/span><\/li>\n<li><span style=\"font-size: 12pt\">Association for Monitoring Equal Rights \/ E\u015fit Haklar \u0130\u00e7in \u0130zleme Derne\u011fi, Turquie<\/span><\/li>\n<li><span style=\"font-size: 12pt\">ASTRA Network<\/span><\/li>\n<li><span style=\"font-size: 12pt\">ATDAL Over 40, Italie<\/span><\/li>\n<li><span style=\"font-size: 12pt\">Conseil autrichien du handicap (\u00d6BR), Autriche<\/span><\/li>\n<li><span style=\"font-size: 12pt\">Soci\u00e9t\u00e9 autrichienne de planification familiale (\u00d6GF), Autriche<\/span><\/li>\n<li><span style=\"font-size: 12pt\">Autisme-Europe<\/span><\/li>\n<li><span style=\"font-size: 12pt\">Avaaz<\/span><\/li>\n<li><span style=\"font-size: 12pt\">Avocats Sans Fronti\u00e8res<\/span><\/li>\n<li><span style=\"font-size: 12pt\">Belgian Disability Forum (BDF)<\/span><\/li>\n<li><span style=\"font-size: 12pt\">Brain Injured and families European Federation (BIF)<\/span><\/li>\n<li><span style=\"font-size: 12pt\">\u00e7avaria, Belgium<\/span><\/li>\n<li><span style=\"font-size: 12pt\">Center for Reproductive Rights<\/span><\/li>\n<li><span style=\"font-size: 12pt\">Certi Diritti, Italie<\/span><\/li>\n<li><span style=\"font-size: 12pt\">Circolo di Cultura Omosessuale \u201d Mario Mieli\u201d, Italie<\/span><\/li>\n<li><span style=\"font-size: 12pt\">Civil Rights Defenders<\/span><\/li>\n<li><span style=\"font-size: 12pt\">COC, Pays-Bas<\/span><\/li>\n<li><span style=\"font-size: 12pt\">Cologne Counselling, Allemagne<\/span><\/li>\n<li><span style=\"font-size: 12pt\">Confederaci\u00f3n Sindical de Comisiones Obreras (CCOO)<\/span><\/li>\n<li><span style=\"font-size: 12pt\">Dachverband Lesben und Alter e.V., Allemagne<\/span><\/li>\n<li><span style=\"font-size: 12pt\">Associatio danoise de planning familial<\/span><\/li>\n<li><span style=\"font-size: 12pt\">Disabled Peoples\u2019 International European Region (DPI Europe)<\/span><\/li>\n<li><span style=\"font-size: 12pt\">M\u00e9decins du Monde, Espagne<\/span><\/li>\n<li><span style=\"font-size: 12pt\">EDGE, Italie<\/span><\/li>\n<li><span style=\"font-size: 12pt\">EMAIZE Sexologia Zentroa \u2013 Centro Sexol\u00f3gico<\/span><\/li>\n<li><span style=\"font-size: 12pt\">End FGM EU<\/span><\/li>\n<li><span style=\"font-size: 12pt\">Epen, El Parto es Nuestro<\/span><\/li>\n<li><span style=\"font-size: 12pt\">EuroCentralAsian Lesbian* Community (EL*C)<\/span><\/li>\n<li><span style=\"font-size: 12pt\">European Blind Union (EBU)<\/span><\/li>\n<li><span style=\"font-size: 12pt\">European Disability Forum<\/span><\/li>\n<li><span style=\"font-size: 12pt\">European Dyslexia Association<\/span><\/li>\n<li><span style=\"font-size: 12pt\">European Federation of Hard of Hearing People<\/span><\/li>\n<li><span style=\"font-size: 12pt\">European Network Against Racism (ENAR)<\/span><\/li>\n<li><span style=\"font-size: 12pt\">European Roma Grassroots Organisations Network (ERGO Network)<\/span><\/li>\n<li><span style=\"font-size: 12pt\">European Sex Workers\u2019 Rights Alliance (ESWA)<\/span><\/li>\n<li><span style=\"font-size: 12pt\">European Women\u2019s Lobby<\/span><\/li>\n<li><span style=\"font-size: 12pt\">Famiglie Arcobaleno APS, Italie<\/span><\/li>\n<li><span style=\"font-size: 12pt\">Federaci\u00f3n de Mujeres Progresistas<\/span><\/li>\n<li><span style=\"font-size: 12pt\">F\u00e9d\u00e9ration La\u00efque de Centres de Planning Familial (FLCPF)<\/span><\/li>\n<li><span style=\"font-size: 12pt\">Foundation for Women and Family Planning (FEDERA)<\/span><\/li>\n<li><span style=\"font-size: 12pt\">French Family Planning \/ le Planning Familial, France<\/span><\/li>\n<li><span style=\"font-size: 12pt\">Fundaci\u00f3n Aspacia<\/span><\/li>\n<li><span style=\"font-size: 12pt\">GAMS Belgique (Groupe pour l\u2019Abolition des Mutilations Sexuelles f\u00e9minines)<\/span><\/li>\n<li><span style=\"font-size: 12pt\">Gaynet \u2013 Formazione e Comunicazione sui temi Lgbti, Italie<\/span><\/li>\n<li><span style=\"font-size: 12pt\">GenderLens, Italie<\/span><\/li>\n<li><span style=\"font-size: 12pt\">Commission g\u00e9n\u00e9rale pour la justice et la paix, Espagne<\/span><\/li>\n<li><span style=\"font-size: 12pt\">GLAS Foundation, Bulgarie<\/span><\/li>\n<li><span style=\"font-size: 12pt\">Haurralde Fundazioa<\/span><\/li>\n<li><span style=\"font-size: 12pt\">HelpAge International<\/span><\/li>\n<li><span style=\"font-size: 12pt\">HelpAge International, Epagne<\/span><\/li>\n<li><span style=\"font-size: 12pt\">Human Rights Watch<\/span><\/li>\n<li><span style=\"font-size: 12pt\">IGLYO<\/span><\/li>\n<li><span style=\"font-size: 12pt\">ILGA-Europe<\/span><\/li>\n<li><span style=\"font-size: 12pt\">Iniciat\u00edva Inakos\u0165, Slovaquie<\/span><\/li>\n<li><span style=\"font-size: 12pt\">International Commission of Jurists<\/span><\/li>\n<li><span style=\"font-size: 12pt\">International Dalit Solidarity Network (IDSN)<\/span><\/li>\n<li><span style=\"font-size: 12pt\">International Disability and Development Consortium (IDDC)<\/span><\/li>\n<li><span style=\"font-size: 12pt\">International Federation for Human Rights (FIDH)<\/span><\/li>\n<li><span style=\"font-size: 12pt\">International Federation of Persons with Physical Disabilities (FIMITIC)<\/span><\/li>\n<li><span style=\"font-size: 12pt\">International Institute on Race, Equality and Human Rights<\/span><\/li>\n<li><span style=\"font-size: 12pt\">International Planned Parenthood Federation European Network (IPPF EN)<\/span><\/li>\n<li><span style=\"font-size: 12pt\">IntersexEsiste, Italie<\/span><\/li>\n<li><span style=\"font-size: 12pt\">Irish Family Planning Association, Irlande<\/span><\/li>\n<li><span style=\"font-size: 12pt\">Joves\u00f3lides<\/span><\/li>\n<li><span style=\"font-size: 12pt\">Kif Kif vzw<\/span><\/li>\n<li><span style=\"font-size: 12pt\">KISA<\/span><\/li>\n<li><span style=\"font-size: 12pt\">Kvinna till Kvinna Foundation<\/span><\/li>\n<li><span style=\"font-size: 12pt\">La Coordinadora de Organizaciones para el Desarrollo, Espagne<\/span><\/li>\n<li><span style=\"font-size: 12pt\">La Strada International<\/span><\/li>\n<li><span style=\"font-size: 12pt\">Labrisz Lesbian Association, Hongrie<\/span><\/li>\n<li><span style=\"font-size: 12pt\">LesbenRing e.V., Allemagne<\/span><\/li>\n<li><span style=\"font-size: 12pt\">Lesbian Magazine and Program Organizing Association, Hongrie<\/span><\/li>\n<li><span style=\"font-size: 12pt\">Lesbian Organisation Rijeka \u2013 LORI, Croatie<\/span><\/li>\n<li><span style=\"font-size: 12pt\">LesWorking, Espagne<\/span><\/li>\n<li><span style=\"font-size: 12pt\">LGBT komiteen \u2013 Le Comit\u00e9 LGBT, Danemark<\/span><\/li>\n<li><span style=\"font-size: 12pt\">Light for the World<\/span><\/li>\n<li><span style=\"font-size: 12pt\">LSVD (Association allemande des gays et lesbiennes), Allemagne<\/span><\/li>\n<li><span style=\"font-size: 12pt\">Malta Federation of Organisations Persons with Disability (MFOPD), Malte<\/span><\/li>\n<li><span style=\"font-size: 12pt\">Malta LGBTIQ Rights Movement (MGRM), Malte<\/span><\/li>\n<li><span style=\"font-size: 12pt\">medicusmundi<\/span><\/li>\n<li><span style=\"font-size: 12pt\">Mujeres J\u00f3venes de la Regi\u00f3n de Murcia: 8 de marzo (MUJOMUR)<\/span><\/li>\n<li><span style=\"font-size: 12pt\">Mujeres Supervivientes de Sevilla<\/span><\/li>\n<li><span style=\"font-size: 12pt\">NET.Collect, Allemagne<\/span><\/li>\n<li><span style=\"font-size: 12pt\">N\u0151k\u00e9rt Egyes\u00fclet \/ Association for Women, Hongrie<\/span><\/li>\n<li><span style=\"font-size: 12pt\">Nothern Ireland Council for Racial Equality (NICRE), Irlande du Nord<\/span><\/li>\n<li><span style=\"font-size: 12pt\">OII Europe<\/span><\/li>\n<li><span style=\"font-size: 12pt\">Older Women\u2019s Network<\/span><\/li>\n<li><span style=\"font-size: 12pt\">PA.SY.D.Y. Pensioners Union, Chypre<\/span><\/li>\n<li><span style=\"font-size: 12pt\">Platform for International Cooperation on Undocumented Migrants (PICUM)<\/span><\/li>\n<li><span style=\"font-size: 12pt\">Polish Women\u2019s Strike<\/span><\/li>\n<li><span style=\"font-size: 12pt\">Possibile LGBTI+, Italie<\/span><\/li>\n<li><span style=\"font-size: 12pt\">PRISME \u2013 F\u00e9d\u00e9ration wallonne LGBTQIA+, Belgique<\/span><\/li>\n<li><span style=\"font-size: 12pt\">pro familia Bundesverband<\/span><\/li>\n<li><span style=\"font-size: 12pt\">Quaker Council for European Affairs<\/span><\/li>\n<li><span style=\"font-size: 12pt\">Queer Base \u2013 Welcome &amp; Support for LGBTIQ Refugees, Autriche<\/span><\/li>\n<li><span style=\"font-size: 12pt\">Queer Sisterhood Cluj, Roumanie<\/span><\/li>\n<li><span style=\"font-size: 12pt\">Rainbow Families Croatie<\/span><\/li>\n<li><span style=\"font-size: 12pt\">Red de Mujeres Latinoamericanas y del Caribe, Espagne<\/span><\/li>\n<li><span style=\"font-size: 12pt\">RFSL, Su\u00e8de<\/span><\/li>\n<li><span style=\"font-size: 12pt\">Rutgers<\/span><\/li>\n<li><span style=\"font-size: 12pt\">Save the Children<\/span><\/li>\n<li><span style=\"font-size: 12pt\">SB Overseas<\/span><\/li>\n<li><span style=\"font-size: 12pt\">SEDRA-Federaci\u00f3n Planificaci\u00f3n Familiar<\/span><\/li>\n<li><span style=\"font-size: 12pt\">Sensoa<\/span><\/li>\n<li><span style=\"font-size: 12pt\">Society for Education on Contraception and Sexuality \u2013 SECS<\/span><\/li>\n<li><span style=\"font-size: 12pt\">Stichting LOS, Netherlands<\/span><\/li>\n<li><span style=\"font-size: 12pt\">Terre des Femmes<\/span><\/li>\n<li><span style=\"font-size: 12pt\">TGEU \u2013 Transgender Europe<\/span><\/li>\n<li><span style=\"font-size: 12pt\">Toutes des Femmes -France<\/span><\/li>\n<li><span style=\"font-size: 12pt\">Women Against Violence Europe \u2013 WAVE Network<\/span><\/li>\n<li><span style=\"font-size: 12pt\">Zavod Moja mavrica \u2013 Slovenia<\/span><\/li>\n<li><span style=\"font-size: 12pt\">Zavod Transfeministi\u010dna Iniciativa TransAkcija \u2013 Slovenia<\/span><\/li>\n<\/ul>\n<p><span style=\"font-size: 12pt\"><em>\u00b9Throughout the text, \u201cequality and non-discrimination\u201d is to be understood as encompassing equality and non-discrimination in the enjoyment of the full range of human rights, including all civil, political, economic, social and cultural rights.<\/em><\/span><\/p>\n","protected":false},"excerpt":{"rendered":"<p>Brussels, 11 July 2024 L&rsquo;Union europ\u00e9enne a \u00e9t\u00e9 fond\u00e9e sur les principes d&rsquo;\u00e9galit\u00e9 et de non-discrimination. N\u00e9anmoins, de trop nombreuses personnes continuent d&rsquo;\u00eatre confront\u00e9es \u00e0 la discrimination et \u00e0 l&rsquo;in\u00e9galit\u00e9 &hellip; <\/p>\n<p class=\"link-more\"><a href=\"https:\/\/www.autismeurope.org\/fr\/blog\/2024\/07\/11\/declaration-commune-ouvrir-la-voie-a-un-cycle-politique-axe-sur-legalite\/\" class=\"more-link\">Continue reading<span class=\"screen-reader-text\"> \u00ab\u00a0D\u00e9claration commune : Ouvrir la voie \u00e0 un cycle politique ax\u00e9 sur l&rsquo;\u00e9galit\u00e9\u00a0\u00bb<\/span><\/a><\/p>\n","protected":false},"author":32,"featured_media":49457,"comment_status":"closed","ping_status":"closed","sticky":false,"template":"","format":"standard","meta":{"_acf_changed":false,"_bbp_topic_count":0,"_bbp_reply_count":0,"_bbp_total_topic_count":0,"_bbp_total_reply_count":0,"_bbp_voice_count":0,"_bbp_anonymous_reply_count":0,"_bbp_topic_count_hidden":0,"_bbp_reply_count_hidden":0,"_bbp_forum_subforum_count":0,"footnotes":""},"categories":[95],"tags":[],"class_list":["post-49549","post","type-post","status-publish","format-standard","has-post-thumbnail","hentry","category-news-fr"],"acf":[],"_links":{"self":[{"href":"https:\/\/www.autismeurope.org\/fr\/wp-json\/wp\/v2\/posts\/49549","targetHints":{"allow":["GET"]}}],"collection":[{"href":"https:\/\/www.autismeurope.org\/fr\/wp-json\/wp\/v2\/posts"}],"about":[{"href":"https:\/\/www.autismeurope.org\/fr\/wp-json\/wp\/v2\/types\/post"}],"author":[{"embeddable":true,"href":"https:\/\/www.autismeurope.org\/fr\/wp-json\/wp\/v2\/users\/32"}],"replies":[{"embeddable":true,"href":"https:\/\/www.autismeurope.org\/fr\/wp-json\/wp\/v2\/comments?post=49549"}],"version-history":[{"count":3,"href":"https:\/\/www.autismeurope.org\/fr\/wp-json\/wp\/v2\/posts\/49549\/revisions"}],"predecessor-version":[{"id":49563,"href":"https:\/\/www.autismeurope.org\/fr\/wp-json\/wp\/v2\/posts\/49549\/revisions\/49563"}],"wp:featuredmedia":[{"embeddable":true,"href":"https:\/\/www.autismeurope.org\/fr\/wp-json\/wp\/v2\/media\/49457"}],"wp:attachment":[{"href":"https:\/\/www.autismeurope.org\/fr\/wp-json\/wp\/v2\/media?parent=49549"}],"wp:term":[{"taxonomy":"category","embeddable":true,"href":"https:\/\/www.autismeurope.org\/fr\/wp-json\/wp\/v2\/categories?post=49549"},{"taxonomy":"post_tag","embeddable":true,"href":"https:\/\/www.autismeurope.org\/fr\/wp-json\/wp\/v2\/tags?post=49549"}],"curies":[{"name":"wp","href":"https:\/\/api.w.org\/{rel}","templated":true}]}}