{"id":4966,"date":"2017-09-14T12:52:38","date_gmt":"2017-09-14T10:52:38","guid":{"rendered":"http:\/\/www.autismeurope.org\/fr\/?p=4966"},"modified":"2018-08-13T12:40:26","modified_gmt":"2018-08-13T10:40:26","slug":"le-parlement-europeen-a-adopte-sa-position-finale-apres-un-vote-decisif-sur-lacte-europeen-sur-laccessibilite","status":"publish","type":"post","link":"https:\/\/www.autismeurope.org\/fr\/blog\/2017\/09\/14\/le-parlement-europeen-a-adopte-sa-position-finale-apres-un-vote-decisif-sur-lacte-europeen-sur-laccessibilite\/","title":{"rendered":"Le Parlement europ\u00e9en a adopt\u00e9 sa position finale apr\u00e8s un vote d\u00e9cisif sur l\u2019acte europ\u00e9en sur l\u2019accessibilit\u00e9"},"content":{"rendered":"<blockquote><p><strong style=\"font-size: 12pt\">Le 14 septembre 2017, les membres du Parlement europ\u00e9en (MPE) ont vot\u00e9 en s\u00e9ance pl\u00e9ni\u00e8re les propositions d\u2019amendements de <a href=\"https:\/\/www.facebook.com\/hashtag\/accessibilityact?source=feed_text&amp;story_id=1598959796845825\" target=\"_blank\" rel=\"noopener\">l\u2019acte l\u00e9gislatif europ\u00e9en sur l\u2019accessibilit\u00e9<\/a>. Le Parlement a adopt\u00e9 sa position finale en amont des n\u00e9gociations avec le Conseil.<\/strong><\/p><\/blockquote>\n<p><span style=\"font-size: 12pt\">Le rapport final a \u00e9t\u00e9 adopt\u00e9 par 537 voix pour, 89 abstentions et 12 contre. La pl\u00e9ni\u00e8re du Parlement a mandat\u00e9 l\u2019eurod\u00e9put\u00e9 Morten Lokkegaard rapporteur de l\u2019acte sur l\u2019accessibilit\u00e9 pour entamer les n\u00e9gociations avec le <a href=\"https:\/\/www.facebook.com\/eucouncil\/?fref=mentions\" target=\"_blank\" rel=\"noopener\">Conseil de l\u2019Union europ\u00e9enne<\/a> d\u00e8s que possible.<\/span><\/p>\n<p><span style=\"font-size: 12pt\">Voici un bref compte-rendu des 5 priorit\u00e9s principales pour lesquelles ont fait campagne Autisme-Europe et le <a href=\"https:\/\/www.facebook.com\/EuropeanDisabilityForumEDF\/?fref=mentions\" target=\"_blank\" rel=\"noopener\">Forum Europ\u00e9en des Personnes Handicap\u00e9es<\/a> (FEPH)\u00a0:<\/span><\/p>\n<ol>\n<li><span style=\"font-size: 12pt\"><strong>Applicabilit\u00e9 de l\u2019acte europ\u00e9en sur l\u2019accessibilit\u00e9 aux autres actes l\u00e9gislatifs de l\u2019UE tels que la loi sur les march\u00e9s publics ou les fonds structurels de l\u2019UE (article 1(3))\u00a0:<\/strong> ce point a \u00e9t\u00e9 adopt\u00e9 et son domaine d\u2019application a \u00e9t\u00e9 \u00e9largi par rapport \u00e0 la proposition initiale de la Commission europ\u00e9enne\u00a0; d\u00e9sormais, toute la l\u00e9gislation europ\u00e9enne qui a trait \u00e0 l\u2019accessibilit\u00e9 devra r\u00e9pondre aux exigences de l\u2019acte en termes d\u2019accessibilit\u00e9.<\/span><\/li>\n<li><span style=\"font-size: 12pt\"><strong>Adoption d\u2019une clause solide et contraignante sur l\u2019environnement b\u00e2ti (article 3(10))\u00a0:<\/strong> ce point a \u00e9t\u00e9 adopt\u00e9 et signifie que les exigences de l\u2019acte en termes d\u2019accessibilit\u00e9 ne s\u2019appliqueront pas seulement aux produits et services mais \u00e9galement \u00e0 l\u2019environnement b\u00e2ti qui les entoure, par exemple, non seulement les distributeurs de billets devront devenir accessibles mais \u00e9galement le b\u00e2timent de la banque dans lequel ils se trouvent. N\u00e9anmoins, ce point ne s\u2019applique que pour les b\u00e2timents nouveaux ou r\u00e9nov\u00e9s dans le secteur des banques, de la t\u00e9l\u00e9phonie et des services de transports.<\/span><\/li>\n<li><span style=\"font-size: 12pt\"><strong>Application des exigences en accessibilit\u00e9 par les microentreprises et les petites et moyennes entreprises (PME) (article 12)\u00a0:<\/strong> Ce point a \u00e9t\u00e9 rejet\u00e9.\u00a0<\/span><span style=\"font-size: 12pt\">Les microentreprises seront exclues de l\u2019acte et, de ce fait, ne seront pas tenues de rendre accessibles leurs produits et services (comme le commerce \u00e9lectronique et les e-books). En ce qui concerne les PME, celles-ci devront aviser les autorit\u00e9s dans le cas o\u00f9 leurs produits et services ne sont pas accessibles.<\/span><\/li>\n<li><span style=\"font-size: 12pt\"><strong>Accessibilit\u00e9 des transports :<\/strong> Il y a eu des am\u00e9liorations mais les demandes les plus importantes concernant les d\u00e9finitions ont \u00e9t\u00e9 rejet\u00e9es. Cela signifie que d\u2019importants modes de transport comme les m\u00e9tros, les trams ou les bus locaux sont exclus de l\u2019acte. Cependant, les exigences en mati\u00e8re de transports contenues dans l\u2019annexe I ont \u00e9t\u00e9 am\u00e9lior\u00e9es (en comparaison avec le rapport initial) par la Commission du march\u00e9 int\u00e9rieur et de la protection des consommateurs (IMCO) et il a \u00e9t\u00e9 confirm\u00e9 que les exigences principales concernant l\u2019accessibilit\u00e9 des transports resteront dans l\u2019acte.<\/span><\/li>\n<li><span style=\"font-size: 12pt\"><strong>Insertion d\u2019exigences sp\u00e9cifiques \u00e0 un secteur en termes l\u2019accessibilit\u00e9 dans l\u2019annexe\u00a0I\u00a0:<\/strong> ce point a b\u00e9n\u00e9fici\u00e9 de quelques am\u00e9liorations.<\/span><\/li>\n<\/ol>\n<p><span style=\"font-size: 12pt\">Autisme-Europe et le FEPH vont examiner les amendements et le texte final et fourniront ult\u00e9rieurement une analyse approfondie.<\/span><\/p>\n<blockquote><p><span style=\"font-size: 12pt\"><strong><a href=\"http:\/\/www.autismeurope.org\/blog\/2016\/02\/04\/autism-europes-response-to-the-proposal-for-a-european-accessibility-act\/\" target=\"_blank\" rel=\"noopener\">Lire la r\u00e9ponse d\u2019Autisme-Europe \u00e0 la proposition d\u2019un acte l\u00e9gislatif europ\u00e9en sur l\u2019accessibilit\u00e9<\/a> (en anglais)<\/strong><\/span><\/p><\/blockquote>\n","protected":false},"excerpt":{"rendered":"<p>Le 14 septembre 2017, les membres du Parlement europ\u00e9en (MPE) ont vot\u00e9 en s\u00e9ance pl\u00e9ni\u00e8re les propositions d\u2019amendements de l\u2019acte l\u00e9gislatif europ\u00e9en sur l\u2019accessibilit\u00e9. Le Parlement a adopt\u00e9 sa position &hellip; <\/p>\n<p class=\"link-more\"><a href=\"https:\/\/www.autismeurope.org\/fr\/blog\/2017\/09\/14\/le-parlement-europeen-a-adopte-sa-position-finale-apres-un-vote-decisif-sur-lacte-europeen-sur-laccessibilite\/\" class=\"more-link\">Continue reading<span class=\"screen-reader-text\"> \u00ab\u00a0Le Parlement europ\u00e9en a adopt\u00e9 sa position finale apr\u00e8s un vote d\u00e9cisif sur l\u2019acte europ\u00e9en sur l\u2019accessibilit\u00e9\u00a0\u00bb<\/span><\/a><\/p>\n","protected":false},"author":32,"featured_media":525,"comment_status":"closed","ping_status":"closed","sticky":false,"template":"","format":"standard","meta":{"_acf_changed":false,"_bbp_topic_count":0,"_bbp_reply_count":0,"_bbp_total_topic_count":0,"_bbp_total_reply_count":0,"_bbp_voice_count":0,"_bbp_anonymous_reply_count":0,"_bbp_topic_count_hidden":0,"_bbp_reply_count_hidden":0,"_bbp_forum_subforum_count":0,"footnotes":""},"categories":[95],"tags":[2698,2773,2771,2777],"class_list":["post-4966","post","type-post","status-publish","format-standard","has-post-thumbnail","hentry","category-news-fr","tag-institutions-europeennes","tag-partenariats-et-reseaux-europeens","tag-plaidoyer","tag-promotion-des-droits"],"acf":[],"_links":{"self":[{"href":"https:\/\/www.autismeurope.org\/fr\/wp-json\/wp\/v2\/posts\/4966","targetHints":{"allow":["GET"]}}],"collection":[{"href":"https:\/\/www.autismeurope.org\/fr\/wp-json\/wp\/v2\/posts"}],"about":[{"href":"https:\/\/www.autismeurope.org\/fr\/wp-json\/wp\/v2\/types\/post"}],"author":[{"embeddable":true,"href":"https:\/\/www.autismeurope.org\/fr\/wp-json\/wp\/v2\/users\/32"}],"replies":[{"embeddable":true,"href":"https:\/\/www.autismeurope.org\/fr\/wp-json\/wp\/v2\/comments?post=4966"}],"version-history":[{"count":3,"href":"https:\/\/www.autismeurope.org\/fr\/wp-json\/wp\/v2\/posts\/4966\/revisions"}],"predecessor-version":[{"id":24449,"href":"https:\/\/www.autismeurope.org\/fr\/wp-json\/wp\/v2\/posts\/4966\/revisions\/24449"}],"wp:featuredmedia":[{"embeddable":true,"href":"https:\/\/www.autismeurope.org\/fr\/wp-json\/wp\/v2\/media\/525"}],"wp:attachment":[{"href":"https:\/\/www.autismeurope.org\/fr\/wp-json\/wp\/v2\/media?parent=4966"}],"wp:term":[{"taxonomy":"category","embeddable":true,"href":"https:\/\/www.autismeurope.org\/fr\/wp-json\/wp\/v2\/categories?post=4966"},{"taxonomy":"post_tag","embeddable":true,"href":"https:\/\/www.autismeurope.org\/fr\/wp-json\/wp\/v2\/tags?post=4966"}],"curies":[{"name":"wp","href":"https:\/\/api.w.org\/{rel}","templated":true}]}}