{"id":49838,"date":"2024-10-17T15:24:32","date_gmt":"2024-10-17T13:24:32","guid":{"rendered":"https:\/\/www.autismeurope.org\/fr\/?p=49838"},"modified":"2024-10-31T15:30:08","modified_gmt":"2024-10-31T14:30:08","slug":"g7-en-italie-la-toute-premiere-reunion-ministerielle-sur-le-handicap-adopte-la-charte-de-solfagnano","status":"publish","type":"post","link":"https:\/\/www.autismeurope.org\/fr\/blog\/2024\/10\/17\/g7-en-italie-la-toute-premiere-reunion-ministerielle-sur-le-handicap-adopte-la-charte-de-solfagnano\/","title":{"rendered":"G7 en Italie : La toute premi\u00e8re r\u00e9union minist\u00e9rielle sur le handicap adopte la Charte de Solfagnano"},"content":{"rendered":"<figure id=\"attachment_49751\" aria-describedby=\"caption-attachment-49751\" style=\"width: 525px\" class=\"wp-caption aligncenter\"><img loading=\"lazy\" decoding=\"async\" class=\"size-large wp-image-49751\" src=\"https:\/\/www.autismeurope.org\/wp-content\/uploads\/2024\/10\/G7-768x1024.jpg\" alt=\"\" width=\"525\" height=\"700\" srcset=\"https:\/\/www.autismeurope.org\/wp-content\/uploads\/2024\/10\/G7-768x1024.jpg 768w, https:\/\/www.autismeurope.org\/wp-content\/uploads\/2024\/10\/G7-225x300.jpg 225w, https:\/\/www.autismeurope.org\/wp-content\/uploads\/2024\/10\/G7-1152x1536.jpg 1152w, https:\/\/www.autismeurope.org\/wp-content\/uploads\/2024\/10\/G7.jpg 1200w\" sizes=\"auto, (max-width: 525px) 100vw, 525px\" \/><figcaption id=\"caption-attachment-49751\" class=\"wp-caption-text\">Picture by: Luna Blu La Spezia<\/figcaption><\/figure>\n<p>&nbsp;<\/p>\n<blockquote><p><span style=\"font-size: 14pt\"><strong>Du 14 au 16 octobre 2024, les villes italiennes d&rsquo;Assise et de Solfagnano ont accueilli une r\u00e9union minist\u00e9rielle du <a href=\"https:\/\/www.g7italy.it\/en\/\">G7<\/a> qui, pour la premi\u00e8re fois, \u00e9tait exclusivement consacr\u00e9e aux th\u00e8mes de l&rsquo;inclusion et du handicap. Le 16 octobre a \u00e9t\u00e9 marqu\u00e9 par l&rsquo;adoption de la Charte de Solfagnano, un document novateur qui contient les engagements des pays du G7 \u00e0 faire progresser la mise en \u0153uvre de la Convention des Nations unies relative aux droits des personnes handicap\u00e9es (CNUDPH). Dans le cadre de cet \u00e9v\u00e9nement, les membres italiens d&rsquo;Autisme-Europe ont tenu des stands, des expositions et prononc\u00e9 des discours. Ils ont m\u00eame eu la chance de d\u00e9montrer leurs comp\u00e9tences professionnelles en assurant la restauration des participants.<\/strong><\/span><\/p><\/blockquote>\n<h2><span style=\"font-size: 14pt;color: #000080\"><strong>La Charte de Solfagnano <\/strong><\/span><\/h2>\n<p><span style=\"font-size: 12pt\">A l&rsquo;ordre du jour de la matin\u00e9e du mercredi 16 octobre figurait l&rsquo;adoption de la \u00ab <a href=\"https:\/\/www.g7italy.it\/wp-content\/uploads\/G7-Inclusion-and-disability_Solfagnano-Charter.def_.pdf\">Charte de Solfagnano<\/a> \u00bb. Cette derni\u00e8re comporte 8 priorit\u00e9s que les pays du G7 s&rsquo;engagent \u00e0 respecter pour soutenir les politiques d&rsquo;inclusion et d&rsquo;autonomisation.<\/span><\/p>\n<p><span style=\"font-size: 12pt\">Autisme-Europe se f\u00e9licite de la port\u00e9e de la charte et de son engagement fort \u00e0 mettre en \u0153uvre la CNUDPH dans les domaines suivants et au-del\u00e0 :<\/span><\/p>\n<ol>\n<li><span style=\"font-size: 12pt\">faire de l&rsquo;inclusion une priorit\u00e9 dans l&rsquo;agenda politique de tous les pays ;<\/span><\/li>\n<li><span style=\"font-size: 12pt\">promouvoir l&rsquo;acc\u00e8s et l&rsquo;accessibilit\u00e9 ;<\/span><\/li>\n<li><span style=\"font-size: 12pt\">favoriser la vie autonome et ind\u00e9pendante ;<\/span><\/li>\n<li><span style=\"font-size: 12pt\">valoriser les talents et promouvoir l\u2019inclusion dans le monde du travail ;<\/span><\/li>\n<li><span style=\"font-size: 12pt\">promouvoir les nouvelles technologies ;<\/span><\/li>\n<li><span style=\"font-size: 12pt\">d\u00e9velopper les dimensions sportives, r\u00e9cr\u00e9atives et culturelles de la vie ;<\/span><\/li>\n<li><span style=\"font-size: 12pt\">permettre aux personnes handicap\u00e9es de vivre dignement gr\u00e2ce aux services de proximit\u00e9 appropri\u00e9s;<\/span><\/li>\n<li><span style=\"font-size: 12pt\">pr\u00e9venir et pr\u00e9parer aux situations d&rsquo;urgence et de post-urgence, y compris les crises climatiques, les conflits arm\u00e9s et les crises humanitaires.<\/span><\/li>\n<\/ol>\n<p><span style=\"font-size: 12pt\">Il est d\u00e9sormais essentiel que les signataires du G7 impliquent les personnes handicap\u00e9es dans toute leur diversit\u00e9 ainsi que leurs organisations de repr\u00e9sentation dans la co-conception et la mise en \u0153uvre d&rsquo;un plan d&rsquo;action clair pour donner suite \u00e0 ces engagements. Des ressources et des financements ad\u00e9quats devraient \u00eatre allou\u00e9s pour soutenir une participation significative des organisations de personnes handicap\u00e9es et promouvoir les mesures n\u00e9cessaires r\u00e9sultant du plan d&rsquo;action.<\/span><\/p>\n<p><span style=\"font-size: 12pt\">Autisme-Europe se r\u00e9jouit de coop\u00e9rer et de partager les priorit\u00e9s de la communaut\u00e9 de l&rsquo;autisme afin de r\u00e9pondre aux besoins des personnes autistes et de leurs familles.<\/span><\/p>\n<h2><span style=\"font-size: 14pt;color: #000080\"><strong>Des membres d&rsquo;AE sont venus repr\u00e9senter les personnes autistes et se sont impliqu\u00e9s \u00e0 montrer leurs comp\u00e9tences<\/strong><\/span><\/h2>\n<p><span style=\"font-size: 12pt\">Les membres italiens d&rsquo;AE, \u00e0 savoir l&rsquo;ANGSA et l&rsquo;ANFASS, \u00e9taient pr\u00e9sents \u00e0 l&rsquo;\u00e9v\u00e9nement de diverses mani\u00e8res. Les jeunes de Luna Blu ont pr\u00e9par\u00e9 de d\u00e9licieux repas et des mets raffin\u00e9s lors de l\u2019\u00e9v\u00e9nement. Il y a dix ans, notre membre affili\u00e9 la Fondation Il Domani dell&rsquo;Autismo avait lanc\u00e9 un vaste programme visant \u00e0 soutenir les adultes autistes d\u00e8s la fin de leur scolarit\u00e9 et aussi longtemps que n\u00e9cessaire en leur donnant acc\u00e8s \u00e0 des activit\u00e9s sportives, professionnelles et de loisirs. Luna Blu La Spezia a \u00e9t\u00e9 cr\u00e9\u00e9e il y a cinq ans dans le cadre du projet Living Life de la Fondation. \u00c0 l&rsquo;\u00e9poque, <a href=\"https:\/\/www.autismeurope.org\/blog\/2019\/05\/05\/ae-members-visit-initiatives-fostering-inclusion-and-employment-in-la-spezia\/\">Autisme-Europe et ses membres ont eu l\u2019honneur de participer au lancement de ce projet<\/a>.<\/span><\/p>\n<p><span style=\"font-size: 12pt\">Ce n&rsquo;est pas la premi\u00e8re fois qu&rsquo;ils ont l&rsquo;occasion de faire montre de leurs talents culinaires sur la sc\u00e8ne internationale. En juin dernier d\u00e9j\u00e0, Luna Blu a pr\u00e9par\u00e9 des p\u00e2tes \u00e0 l\u2019autre bout du monde : sept talents ont pr\u00e9par\u00e9 des <em>caserecce al pesto<\/em> \u00e0 l&rsquo;ONU, \u00e0 New York, lors de la <a href=\"http:\/\/angsa.it\/2024\/06\/10\/i-ragazzi-di-luna-blu-cucineranno-per-i-delegati\/\">17<sup>e<\/sup> conf\u00e9rence des Nations unies sur les droits des personnes handicap\u00e9es<\/a>. En octobre, lors de la r\u00e9union minist\u00e9rielle du G7, ils ont <a href=\"https:\/\/www.facebook.com\/autismeurope.AE\/posts\/pfbid02nnLkahQXCXc4WudiFWxc2qCQ6oLrXgTYeQkv1x13WnqNS9boWcPmvpRMQnMijHNWl\">pr\u00e9par\u00e9 leurs p\u00e2tes au pesto et propos\u00e9 leurs produits \u00e0 Assise et \u00e0 Solfagnano<\/a>. \u00ab Les jeunes autistes \u00e9taient fiers de participer au service de restauration du d\u00eener officiel !\u00a0\u00bb<\/span><\/p>\n","protected":false},"excerpt":{"rendered":"<p>&nbsp; Du 14 au 16 octobre 2024, les villes italiennes d&rsquo;Assise et de Solfagnano ont accueilli une r\u00e9union minist\u00e9rielle du G7 qui, pour la premi\u00e8re fois, \u00e9tait exclusivement consacr\u00e9e aux &hellip; <\/p>\n<p class=\"link-more\"><a href=\"https:\/\/www.autismeurope.org\/fr\/blog\/2024\/10\/17\/g7-en-italie-la-toute-premiere-reunion-ministerielle-sur-le-handicap-adopte-la-charte-de-solfagnano\/\" class=\"more-link\">Continue reading<span class=\"screen-reader-text\"> \u00ab\u00a0G7 en Italie : La toute premi\u00e8re r\u00e9union minist\u00e9rielle sur le handicap adopte la Charte de Solfagnano\u00a0\u00bb<\/span><\/a><\/p>\n","protected":false},"author":32,"featured_media":49751,"comment_status":"closed","ping_status":"closed","sticky":false,"template":"","format":"standard","meta":{"_acf_changed":false,"_bbp_topic_count":0,"_bbp_reply_count":0,"_bbp_total_topic_count":0,"_bbp_total_reply_count":0,"_bbp_voice_count":0,"_bbp_anonymous_reply_count":0,"_bbp_topic_count_hidden":0,"_bbp_reply_count_hidden":0,"_bbp_forum_subforum_count":0,"footnotes":""},"categories":[95],"tags":[],"class_list":["post-49838","post","type-post","status-publish","format-standard","has-post-thumbnail","hentry","category-news-fr"],"acf":[],"_links":{"self":[{"href":"https:\/\/www.autismeurope.org\/fr\/wp-json\/wp\/v2\/posts\/49838","targetHints":{"allow":["GET"]}}],"collection":[{"href":"https:\/\/www.autismeurope.org\/fr\/wp-json\/wp\/v2\/posts"}],"about":[{"href":"https:\/\/www.autismeurope.org\/fr\/wp-json\/wp\/v2\/types\/post"}],"author":[{"embeddable":true,"href":"https:\/\/www.autismeurope.org\/fr\/wp-json\/wp\/v2\/users\/32"}],"replies":[{"embeddable":true,"href":"https:\/\/www.autismeurope.org\/fr\/wp-json\/wp\/v2\/comments?post=49838"}],"version-history":[{"count":5,"href":"https:\/\/www.autismeurope.org\/fr\/wp-json\/wp\/v2\/posts\/49838\/revisions"}],"predecessor-version":[{"id":49843,"href":"https:\/\/www.autismeurope.org\/fr\/wp-json\/wp\/v2\/posts\/49838\/revisions\/49843"}],"wp:featuredmedia":[{"embeddable":true,"href":"https:\/\/www.autismeurope.org\/fr\/wp-json\/wp\/v2\/media\/49751"}],"wp:attachment":[{"href":"https:\/\/www.autismeurope.org\/fr\/wp-json\/wp\/v2\/media?parent=49838"}],"wp:term":[{"taxonomy":"category","embeddable":true,"href":"https:\/\/www.autismeurope.org\/fr\/wp-json\/wp\/v2\/categories?post=49838"},{"taxonomy":"post_tag","embeddable":true,"href":"https:\/\/www.autismeurope.org\/fr\/wp-json\/wp\/v2\/tags?post=49838"}],"curies":[{"name":"wp","href":"https:\/\/api.w.org\/{rel}","templated":true}]}}