{"id":49845,"date":"2024-10-17T15:42:57","date_gmt":"2024-10-17T13:42:57","guid":{"rendered":"https:\/\/www.autismeurope.org\/fr\/?p=49845"},"modified":"2024-10-31T15:50:25","modified_gmt":"2024-10-31T14:50:25","slug":"autisme-et-lia-naviguer-dans-la-nouvelle-loi-europeenne-sur-lia","status":"publish","type":"post","link":"https:\/\/www.autismeurope.org\/fr\/blog\/2024\/10\/17\/autisme-et-lia-naviguer-dans-la-nouvelle-loi-europeenne-sur-lia\/","title":{"rendered":"Autisme et l\u2019IA : Comprendre la nouvelle loi europ\u00e9enne sur l&rsquo;IA"},"content":{"rendered":"<p><img loading=\"lazy\" decoding=\"async\" class=\"aligncenter wp-image-49802\" src=\"https:\/\/www.autismeurope.org\/wp-content\/uploads\/2024\/10\/AI.png\" alt=\"\" width=\"700\" height=\"394\" srcset=\"https:\/\/www.autismeurope.org\/wp-content\/uploads\/2024\/10\/AI.png 600w, https:\/\/www.autismeurope.org\/wp-content\/uploads\/2024\/10\/AI-300x169.png 300w\" sizes=\"auto, (max-width: 700px) 100vw, 700px\" \/><\/p>\n<blockquote><p><span style=\"font-size: 14pt\"><strong>Le 15 octobre 2024, le Forum europ\u00e9en des personnes handicap\u00e9es (FEPH) a organis\u00e9 un webinaire consacr\u00e9 \u00e0 l&rsquo;impact de la <a href=\"https:\/\/eur-lex.europa.eu\/eli\/reg\/2024\/1689\/oj\">loi europ\u00e9enne sur l&rsquo;intelligence artificielle (IA)<\/a> sur les personnes handicap\u00e9es. Dans le cadre de ce webinaire, le FEPH a pr\u00e9sent\u00e9 une nouvelle bo\u00eete \u00e0 outils con\u00e7ue pour aider les organisations de personnes handicap\u00e9es dans leur plaidoyer et \u00e0 assurer le suivi de la mise en \u0153uvre de cette loi au niveau national. Ce nouveau r\u00e8glement de l&rsquo;UE, entr\u00e9 en vigueur le 1er ao\u00fbt 2024, classe les syst\u00e8mes d&rsquo;IA en fonction de leurs risques et impose diverses garanties. Les technologies de l&rsquo;IA \u00e9tant de plus en plus omnipr\u00e9sentes dans la vie quotidienne, leur r\u00e9glementation est devenue indispensable, en particulier pour la communaut\u00e9 des personnes handicap\u00e9es, car elle doit garantir l&rsquo;accessibilit\u00e9 et la non-discrimination.<\/strong><\/span><\/p><\/blockquote>\n<h3><span style=\"font-size: 14pt;color: #000080\"><strong>La loi europ\u00e9enne sur l\u2019IA : guaranties et risques pour la communuat\u00e9 de l\u2019autisme <\/strong><\/span><\/h3>\n<p><span style=\"font-size: 12pt\"><strong>L&rsquo;\u00e9l\u00e9ment central de cette loi est la classification des syst\u00e8mes d&rsquo;IA en quatre cat\u00e9gories de risque : les syst\u00e8mes d&rsquo;IA interdits, \u00e0 haut risque, \u00e0 risque limit\u00e9 et \u00e0 risque faible ou minimal.<\/strong> Les syst\u00e8mes qui pr\u00e9sentent un risque inacceptable pour les droits de l&rsquo;homme sont purement et simplement interdits, tandis que les syst\u00e8mes \u00e0 haut risque, tels que ceux utilis\u00e9s dans les domaines de l&#8217;emploi, de l&rsquo;\u00e9ducation et des soins de sant\u00e9, sont soumis \u00e0 des r\u00e9glementations. Cela est particuli\u00e8rement important pour les personnes autistes, qui peuvent \u00eatre concern\u00e9es par des d\u00e9cisions importantes \u00e9manant des syst\u00e8mes d\u2019IA de reconnaissance des \u00e9motions et susceptibles d\u2019influencer leur vie. La loi souligne la n\u00e9cessit\u00e9 pour ces syst\u00e8mes \u00e0 haut risque de se conformer aux normes d&rsquo;accessibilit\u00e9 et de se soumettre \u00e0 des tests de partialit\u00e9.<\/span><\/p>\n<p><span style=\"font-size: 12pt\">Les participants au webinaire ont exprim\u00e9 leurs pr\u00e9occupations quant aux exceptions pr\u00e9vues par la loi sur l&rsquo;IA pour les forces de l&rsquo;ordre et les services d&rsquo;immigration. Ces exceptions permettent aux autorit\u00e9s d&rsquo;utiliser la reconnaissance faciale et d&rsquo;autres outils d&rsquo;IA, qui risquent de mal interpr\u00e9ter les comportements des personnes autistes, par exemple, l&rsquo;\u00e9vitement du contact visuel ou les diff\u00e9rences dans les expressions faciales. Les syst\u00e8mes d&rsquo;IA utilis\u00e9s par la police et les services d&rsquo;immigration risquent donc de traiter injustement les personnes autistes.<\/span><\/p>\n<h3><span style=\"font-size: 14pt;color: #000080\"><strong>Mise en \u0153uvre de la loi europ\u00e9enne sur l\u2019IA : la boite \u00e0 outils du FEPH<\/strong><\/span><\/h3>\n<p><span style=\"font-size: 12pt\">La bo\u00eete \u00e0 outils du FEPH sert de guide pratique aux organisations pour influencer la mise en \u0153uvre nationale du r\u00e8glement de l&rsquo;UE sur l\u2019IA qui entrera en vigueur en plusieurs \u00e9tapes. La premi\u00e8re \u00e9tape est pr\u00e9vue pour f\u00e9vrier 2025 tandis que le r\u00e8glement complet sera applicable en ao\u00fbt 2026.<\/span><\/p>\n<p><span style=\"font-size: 12pt\">La boite-\u00e0-outil explique comment les organisations peuvent participer au processus national de mise en \u0153uvre, surveiller l&rsquo;utilisation des syst\u00e8mes d&rsquo;IA et plaider en faveur de garanties plus solides. Les principales recommandations portent sur l&rsquo;apport d&rsquo;un retour d&rsquo;information lors des consultations publiques et sur le dialogue avec les autorit\u00e9s nationales pour s&rsquo;assurer que les syst\u00e8mes d&rsquo;IA r\u00e9pondent aux besoins des personnes autistes.<\/span><\/p>\n<p><span style=\"font-size: 12pt\">Une caract\u00e9ristique essentielle de la loi sur l&rsquo;IA est le <strong>droit \u00e0 l&rsquo;explication<\/strong>, qui permet aux personnes concern\u00e9es par des d\u00e9cisions r\u00e9sultant d\u2019un syst\u00e8me d\u2019IA \u00e0 haut risque de comprendre la fa\u00e7on dont ces d\u00e9cisions ont \u00e9t\u00e9 prises. Les organisations de l&rsquo;autisme peuvent jouer un r\u00f4le crucial en sensibilisant \u00e0 ce droit et en aidant les personnes autistes \u00e0 l&rsquo;exercer.<\/span><\/p>\n<h3><span style=\"font-size: 14pt;color: #000080\"><strong>Plaidoyer et collaboration sur le plan national<\/strong><\/span><\/h3>\n<p><span style=\"font-size: 12pt\">Les syst\u00e8mes g\u00e9n\u00e9raux d&rsquo;IA seront largement r\u00e9glement\u00e9s par les politiques de l&rsquo;UE, mais ils seront \u00e9galement soumis \u00e0 des codes de conduite. Les organisations nationales de personnes handicap\u00e9es peuvent participer \u00e0 l&rsquo;\u00e9laboration de ces codes de conduite. Pour ce faire, elles peuvent contacter le minist\u00e8re responsable de l&rsquo;\u00e9laboration du code de conduite national, ainsi que les organisations de <a href=\"https:\/\/www.beuc.eu\/about-beuc\/members?page=0\">consommateurs et de d\u00e9fense des droits num\u00e9riques<\/a> de leur pays.<\/span><\/p>\n<p><span style=\"font-size: 12pt\">Le webinaire a \u00e9galement soulign\u00e9 l&rsquo;importance, pour les organisations de personnes handicap\u00e9es, de se mettre en relation avec les \u00ab <strong>autorit\u00e9s de surveillance du march\u00e9<\/strong> \u00bb, qui seront responsables de l&rsquo;application de la loi sur l&rsquo;IA au niveau national. Ces autorit\u00e9s devront veiller \u00e0 ce que les syst\u00e8mes d&rsquo;IA respectent les exigences en mati\u00e8re d&rsquo;accessibilit\u00e9 et de partialit\u00e9. Il est donc essentiel que les organisations de l&rsquo;autisme \u00e9tablissent des relations \u00e9troites avec elles et d\u00e9posent, par exemple, des plaintes en cas de violation de la loi. Il appartient aux \u00c9tats membres de confier ce r\u00f4le \u00e0 une autorit\u00e9 existante ou d&rsquo;en cr\u00e9er une.<\/span><\/p>\n<p><span style=\"font-size: 12pt\">Il convient \u00e9galement de tenir compte de <strong>l&rsquo;article 77<\/strong> de la loi qui accorde aux autorit\u00e9s et organismes nationaux charg\u00e9s de la protection des droits fondamentaux un droit d&rsquo;acc\u00e8s \u00e0 la documentation produite en vertu de la loi sur l&rsquo;IA, lorsque ces informations sont pertinentes dans le cadre de leur mandat. Les \u00c9tats membres doivent publier une liste de leurs autorit\u00e9s ou organismes respectifs comp\u00e9tents d&rsquo;ici le 2 novembre 2024.\u00a0<\/span><\/p>\n<h3><span style=\"font-size: 14pt;color: #000080\"><strong>La voie \u00e0 suivre<\/strong><\/span><\/h3>\n<p><span style=\"font-size: 12pt\">La bo\u00eete \u00e0 outils d\u00e9velopp\u00e9e par le FEPH sera <strong>r\u00e9guli\u00e8rement mise \u00e0 jour<\/strong> au fur et \u00e0 mesure de la publication de nouvelles lignes directrices de l&rsquo;UE. C&rsquo;est gr\u00e2ce \u00e0 notre implication dans les processus l\u00e9gislatifs, \u00e0 la surveillance des syst\u00e8mes d&rsquo;IA et \u00e0 la cr\u00e9ation d&rsquo;alliances que nous pourrons nous assurer que les technologies d&rsquo;IA favorisent l&rsquo;inclusion et respectent les droits des personnes autistes. Alors que l&rsquo;IA s&rsquo;int\u00e8gre de plus en plus dans des domaines cl\u00e9s de la vie, l&rsquo;implication active des organisations de l&rsquo;autisme sera essentielle pour fa\u00e7onner un avenir juste et accessible \u00e0 tous.<\/span><\/p>\n<p><span style=\"font-size: 12pt\"><a href=\"https:\/\/www.edf-feph.org\/publications\/a-disability-inclusive-artificial-intelligence-act-a-guide-to-monitor-implementation-in-your-country\/\">Lien vers la boite \u00e0 outils du FEPH <\/a>\u00a0<\/span><\/p>\n<p><span style=\"font-size: 12pt\"><a href=\"https:\/\/www.edf-feph.org\/how-to-advocate-for-disability-inclusive-ai\/\">Compte-rendu du webinair<\/a> du FEPH<\/span><\/p>\n<p><span style=\"font-size: 12pt\">Further, the <strong>European AI &amp; Society Fund<\/strong> has launched <a href=\"https:\/\/europeanaifund.org\/newspublications\/launching-two-new-funding-calls\/\">two funding calls for non-profits<\/a>. The first focuses on implementing the AI Act in EU countries or at the EU level, with a deadline of <strong>10th November 2024.<\/strong> The second targets AI system accountability through testing or auditing to ensure fairness.<\/span><\/p>\n<p>&nbsp;<\/p>\n","protected":false},"excerpt":{"rendered":"<p>Le 15 octobre 2024, le Forum europ\u00e9en des personnes handicap\u00e9es (FEPH) a organis\u00e9 un webinaire consacr\u00e9 \u00e0 l&rsquo;impact de la loi europ\u00e9enne sur l&rsquo;intelligence artificielle (IA) sur les personnes handicap\u00e9es. &hellip; <\/p>\n<p class=\"link-more\"><a href=\"https:\/\/www.autismeurope.org\/fr\/blog\/2024\/10\/17\/autisme-et-lia-naviguer-dans-la-nouvelle-loi-europeenne-sur-lia\/\" class=\"more-link\">Continue reading<span class=\"screen-reader-text\"> \u00ab\u00a0Autisme et l\u2019IA : Comprendre la nouvelle loi europ\u00e9enne sur l&rsquo;IA\u00a0\u00bb<\/span><\/a><\/p>\n","protected":false},"author":32,"featured_media":49802,"comment_status":"closed","ping_status":"closed","sticky":false,"template":"","format":"standard","meta":{"_acf_changed":false,"_bbp_topic_count":0,"_bbp_reply_count":0,"_bbp_total_topic_count":0,"_bbp_total_reply_count":0,"_bbp_voice_count":0,"_bbp_anonymous_reply_count":0,"_bbp_topic_count_hidden":0,"_bbp_reply_count_hidden":0,"_bbp_forum_subforum_count":0,"footnotes":""},"categories":[95],"tags":[],"class_list":["post-49845","post","type-post","status-publish","format-standard","has-post-thumbnail","hentry","category-news-fr"],"acf":[],"_links":{"self":[{"href":"https:\/\/www.autismeurope.org\/fr\/wp-json\/wp\/v2\/posts\/49845","targetHints":{"allow":["GET"]}}],"collection":[{"href":"https:\/\/www.autismeurope.org\/fr\/wp-json\/wp\/v2\/posts"}],"about":[{"href":"https:\/\/www.autismeurope.org\/fr\/wp-json\/wp\/v2\/types\/post"}],"author":[{"embeddable":true,"href":"https:\/\/www.autismeurope.org\/fr\/wp-json\/wp\/v2\/users\/32"}],"replies":[{"embeddable":true,"href":"https:\/\/www.autismeurope.org\/fr\/wp-json\/wp\/v2\/comments?post=49845"}],"version-history":[{"count":4,"href":"https:\/\/www.autismeurope.org\/fr\/wp-json\/wp\/v2\/posts\/49845\/revisions"}],"predecessor-version":[{"id":49849,"href":"https:\/\/www.autismeurope.org\/fr\/wp-json\/wp\/v2\/posts\/49845\/revisions\/49849"}],"wp:featuredmedia":[{"embeddable":true,"href":"https:\/\/www.autismeurope.org\/fr\/wp-json\/wp\/v2\/media\/49802"}],"wp:attachment":[{"href":"https:\/\/www.autismeurope.org\/fr\/wp-json\/wp\/v2\/media?parent=49845"}],"wp:term":[{"taxonomy":"category","embeddable":true,"href":"https:\/\/www.autismeurope.org\/fr\/wp-json\/wp\/v2\/categories?post=49845"},{"taxonomy":"post_tag","embeddable":true,"href":"https:\/\/www.autismeurope.org\/fr\/wp-json\/wp\/v2\/tags?post=49845"}],"curies":[{"name":"wp","href":"https:\/\/api.w.org\/{rel}","templated":true}]}}