{"id":49850,"date":"2024-10-30T15:53:53","date_gmt":"2024-10-30T14:53:53","guid":{"rendered":"https:\/\/www.autismeurope.org\/fr\/?p=49850"},"modified":"2024-10-31T15:56:43","modified_gmt":"2024-10-31T14:56:43","slug":"hommage-a-dr-fernando-campilho-membre-portugais-du-conseil-dadministration-dae","status":"publish","type":"post","link":"https:\/\/www.autismeurope.org\/fr\/blog\/2024\/10\/30\/hommage-a-dr-fernando-campilho-membre-portugais-du-conseil-dadministration-dae\/","title":{"rendered":"Hommage \u00e0 Dr. Fernando Campilho, membre portugais du Conseil d\u2019Administration d\u2019AE"},"content":{"rendered":"<p><img loading=\"lazy\" decoding=\"async\" class=\"aligncenter wp-image-49782\" src=\"https:\/\/www.autismeurope.org\/wp-content\/uploads\/2024\/10\/Fernando.jpg\" alt=\"\" width=\"550\" height=\"688\" srcset=\"https:\/\/www.autismeurope.org\/wp-content\/uploads\/2024\/10\/Fernando.jpg 512w, https:\/\/www.autismeurope.org\/wp-content\/uploads\/2024\/10\/Fernando-240x300.jpg 240w\" sizes=\"auto, (max-width: 550px) 100vw, 550px\" \/><\/p>\n<blockquote><p><span style=\"font-size: 14pt\"><strong>Autisme-Europe est profond\u00e9ment attrist\u00e9 par le d\u00e9c\u00e8s du Dr. Fernando Manuel de Castro Campilho, pr\u00e9sident du conseil ex\u00e9cutif de la <\/strong><a href=\"https:\/\/www.fpda.pt\/?fbclid=IwY2xjawGN9AZleHRuA2FlbQIxMAABHeR-2dPQOidGfOuRlPsSvEo9vOmQciwguj0Ad-fPPGrzqycl-PdgqCUTGg_aem_TqqoBnHFVkuxRWH45PRQ4g\"><strong>F\u00e9d\u00e9ration portugaise de l&rsquo;autisme<\/strong><\/a><strong> (2021 \u00e0 2024) et membre du Conseil d&rsquo;administration d&rsquo;Autisme-Europe depuis 2022. Fernando \u00e9tait m\u00e9decin, sp\u00e9cialis\u00e9 en m\u00e9decine interne et en oncologie m\u00e9dicale.<\/strong><\/span><\/p><\/blockquote>\n<p><span style=\"font-size: 12pt\">Fernando a d\u00e9fendu les droits des personnes autistes et plaid\u00e9 en faveur d&rsquo;une soci\u00e9t\u00e9 inclusive pendant plus de 30 ans. Il a activement soutenu l&rsquo;\u00e9volution des concepts et le changement des mentalit\u00e9s \u00e0 l&rsquo;\u00e9gard du handicap dans la soci\u00e9t\u00e9, et encourag\u00e9 l&rsquo;auto-repr\u00e9sentation des personnes autistes.<\/span><\/p>\n<p><span style=\"font-size: 12pt\">Pendant plus de 30 ans, outre son engagement au Portugal, il a activement soutenu et contribu\u00e9 \u00e0 la mission d&rsquo;Autisme-Europe. Il a co-organis\u00e9 le quatri\u00e8me congr\u00e8s international d&rsquo;Autisme-Europe \u00e0 Lisbonne, un \u00e9v\u00e9nement couronn\u00e9 de succ\u00e8s qui a vu l&rsquo;adoption de la \u00ab\u00a0Charte europ\u00e9enne des droits des personnes autistes\u00a0\u00bb en 1992 et sa ratification ult\u00e9rieure par le Parlement europ\u00e9en.<\/span><\/p>\n<p><span style=\"font-size: 12pt\">Concernant la Charte et, plus tard, la Convention des Nations Unies relative aux droits des personnes handicap\u00e9es (CNUDPH), Fernando avait tenu ces propos\u00a0: \u00ab La Charte des droits a \u00e9t\u00e9 la bible qui a guid\u00e9 mon action pendant des ann\u00e9es. Plus r\u00e9cemment, le bond en avant qu&rsquo;a constitu\u00e9 l&rsquo;adoption de la Convention des Nations unies relative aux droits des personnes handicap\u00e9es (UNCRPD) nous a donn\u00e9 un nouveau regard sur la mani\u00e8re dont les personnes handicap\u00e9es doivent \u00eatre incluses dans la soci\u00e9t\u00e9. C&rsquo;est un document qui doit guider la strat\u00e9gie nationale et europ\u00e9enne pour l&rsquo;inclusion des personnes handicap\u00e9es \u00bb.<\/span><\/p>\n<p><span style=\"font-size: 12pt\">Fernando a \u00e9galement \u00e9t\u00e9 pr\u00e9sident du comit\u00e9 d&rsquo;installation de l&rsquo;APPDA &#8211; Nord, pr\u00e9sident du conseil d&rsquo;administration et derni\u00e8rement pr\u00e9sident de l&rsquo;assembl\u00e9e g\u00e9n\u00e9rale. Il a fait partie du comit\u00e9 de cr\u00e9ation de la F\u00e9d\u00e9ration portugaise de l&rsquo;autisme (2001-2003) et a \u00e9t\u00e9 vice-pr\u00e9sident de la Fondation portugaise de l&rsquo;autisme (2004-2020).<\/span><\/p>\n<p><span style=\"font-size: 12pt\">Nous souhaitons t\u00e9moigner de notre profonde gratitude \u00e0 l&rsquo;\u00e9gard de Fernando pour son engagement en faveur de la communaut\u00e9 de l&rsquo;autisme et nous adressons nos sinc\u00e8res condol\u00e9ances \u00e0 son \u00e9pouse, \u00e0 sa fille, ainsi qu&rsquo;aux autres membres de sa famille et \u00e0 ses amis.<\/span><\/p>\n<p>&nbsp;<\/p>\n","protected":false},"excerpt":{"rendered":"<p>Autisme-Europe est profond\u00e9ment attrist\u00e9 par le d\u00e9c\u00e8s du Dr. Fernando Manuel de Castro Campilho, pr\u00e9sident du conseil ex\u00e9cutif de la F\u00e9d\u00e9ration portugaise de l&rsquo;autisme (2021 \u00e0 2024) et membre du &hellip; <\/p>\n<p class=\"link-more\"><a href=\"https:\/\/www.autismeurope.org\/fr\/blog\/2024\/10\/30\/hommage-a-dr-fernando-campilho-membre-portugais-du-conseil-dadministration-dae\/\" class=\"more-link\">Continue reading<span class=\"screen-reader-text\"> \u00ab\u00a0Hommage \u00e0 Dr. Fernando Campilho, membre portugais du Conseil d\u2019Administration d\u2019AE\u00a0\u00bb<\/span><\/a><\/p>\n","protected":false},"author":32,"featured_media":49782,"comment_status":"closed","ping_status":"closed","sticky":false,"template":"","format":"standard","meta":{"_acf_changed":false,"_bbp_topic_count":0,"_bbp_reply_count":0,"_bbp_total_topic_count":0,"_bbp_total_reply_count":0,"_bbp_voice_count":0,"_bbp_anonymous_reply_count":0,"_bbp_topic_count_hidden":0,"_bbp_reply_count_hidden":0,"_bbp_forum_subforum_count":0,"footnotes":""},"categories":[95],"tags":[],"class_list":["post-49850","post","type-post","status-publish","format-standard","has-post-thumbnail","hentry","category-news-fr"],"acf":[],"_links":{"self":[{"href":"https:\/\/www.autismeurope.org\/fr\/wp-json\/wp\/v2\/posts\/49850","targetHints":{"allow":["GET"]}}],"collection":[{"href":"https:\/\/www.autismeurope.org\/fr\/wp-json\/wp\/v2\/posts"}],"about":[{"href":"https:\/\/www.autismeurope.org\/fr\/wp-json\/wp\/v2\/types\/post"}],"author":[{"embeddable":true,"href":"https:\/\/www.autismeurope.org\/fr\/wp-json\/wp\/v2\/users\/32"}],"replies":[{"embeddable":true,"href":"https:\/\/www.autismeurope.org\/fr\/wp-json\/wp\/v2\/comments?post=49850"}],"version-history":[{"count":3,"href":"https:\/\/www.autismeurope.org\/fr\/wp-json\/wp\/v2\/posts\/49850\/revisions"}],"predecessor-version":[{"id":49853,"href":"https:\/\/www.autismeurope.org\/fr\/wp-json\/wp\/v2\/posts\/49850\/revisions\/49853"}],"wp:featuredmedia":[{"embeddable":true,"href":"https:\/\/www.autismeurope.org\/fr\/wp-json\/wp\/v2\/media\/49782"}],"wp:attachment":[{"href":"https:\/\/www.autismeurope.org\/fr\/wp-json\/wp\/v2\/media?parent=49850"}],"wp:term":[{"taxonomy":"category","embeddable":true,"href":"https:\/\/www.autismeurope.org\/fr\/wp-json\/wp\/v2\/categories?post=49850"},{"taxonomy":"post_tag","embeddable":true,"href":"https:\/\/www.autismeurope.org\/fr\/wp-json\/wp\/v2\/tags?post=49850"}],"curies":[{"name":"wp","href":"https:\/\/api.w.org\/{rel}","templated":true}]}}