{"id":50232,"date":"2025-03-01T12:37:01","date_gmt":"2025-03-01T11:37:01","guid":{"rendered":"https:\/\/www.autismeurope.org\/fr\/?p=50232"},"modified":"2025-04-15T12:37:16","modified_gmt":"2025-04-15T10:37:16","slug":"favoriser-linclusion-grace-a-leducation-numerique-la-conference-finale-du-projet-ideal","status":"publish","type":"post","link":"https:\/\/www.autismeurope.org\/fr\/blog\/2025\/03\/01\/favoriser-linclusion-grace-a-leducation-numerique-la-conference-finale-du-projet-ideal\/","title":{"rendered":"Favoriser l\u2019inclusion gr\u00e2ce \u00e0 l\u2019\u00e9ducation num\u00e9rique : la conf\u00e9rence finale du projet IDEAL"},"content":{"rendered":"<blockquote><p><span style=\"font-size: 14pt\"><strong>Le 21 f\u00e9vrier 2025, le Comit\u00e9 \u00e9conomique et social europ\u00e9en (CESE) a accueilli \u00e0 Bruxelles la conf\u00e9rence finale du <\/strong><a href=\"http:\/\/idealearning.eu\/\"><strong>projet IDEAL<\/strong><\/a><strong>, un projet Erasmus+ visant \u00e0 am\u00e9liorer les possibilit\u00e9s d&rsquo;\u00e9ducation et de formation tout au long de la vie pour les personnes autistes gr\u00e2ce \u00e0 l&rsquo;apprentissage num\u00e9rique. L&rsquo;\u00e9v\u00e9nement a rassembl\u00e9 environ 65 d\u00e9cideurs politiques, \u00e9ducateurs, personnes autistes et divers repr\u00e9sentants d&rsquo;organisations de la soci\u00e9t\u00e9 civile actives dans le domaine de l&rsquo;\u00e9galit\u00e9 d&rsquo;acc\u00e8s \u00e0 l&rsquo;apprentissage num\u00e9rique, afin de discuter des r\u00e9alisations du projet et d&rsquo;explorer les \u00e9tapes futures de la promotion de l&rsquo;\u00e9ducation inclusive.<\/strong><\/span><\/p><\/blockquote>\n<h2><span style=\"font-size: 14pt\">Un appel \u00e0 une meilleure inclusion<\/span><\/h2>\n<p><span style=\"font-size: 12pt\">La conf\u00e9rence a d\u00e9but\u00e9 par les remarques d&rsquo;ouverture de <strong>M. Christophe Lefevre, pr\u00e9sident du groupe permanent du CESE sur les droits des personnes handicap\u00e9es<\/strong>, et <strong>d&rsquo;Aur\u00e9lie Baranger<\/strong>, directrice d&rsquo;Autisme-Europe. Ils ont soulign\u00e9 le besoin urgent de combler le foss\u00e9 \u00e9ducatif pour les personnes autistes en Europe et ont insist\u00e9 sur l&rsquo;importance de l&rsquo;apprentissage num\u00e9rique comme moyen de favoriser l&rsquo;inclusion et l&rsquo;accessibilit\u00e9 dans l&rsquo;\u00e9ducation.<\/span><\/p>\n<h2><span style=\"font-size: 14pt\">Le projet IDEAL : Objectifs et impact<\/span><\/h2>\n<p><span style=\"font-size: 12pt\"><strong>Miguel Corbi, de l&rsquo;universit\u00e9 de Burgos<\/strong>, a donn\u00e9 un aper\u00e7u du projet IDEAL, dont la mission est de faire tomber les barri\u00e8res de l&rsquo;enseignement et de la formation professionnels (EFP) auxquelles se heurtent les apprenants autistes. Gr\u00e2ce au d\u00e9veloppement d&rsquo;un syst\u00e8me de gestion de l&rsquo;apprentissage (LMS) accessible et d&rsquo;une m\u00e9thodologie de formation num\u00e9rique sp\u00e9cialis\u00e9e, le projet a permis aux apprenants autistes, \u00e0 leurs familles et aux \u00e9ducateurs de disposer des outils n\u00e9cessaires pour explorer efficacement le paysage de l&rsquo;\u00e9ducation num\u00e9rique.<\/span><\/p>\n<p><span style=\"font-size: 12pt\"><strong>Sandra Nunes de la Federa\u00e7\u00e3o Portuguesa de Autismo (FPDA) <\/strong>a pr\u00e9sent\u00e9 les m\u00e9thodologies utilis\u00e9es pour que la plateforme IDEAL r\u00e9ponde aux besoins sp\u00e9cifiques des apprenants autistes. Elle a expliqu\u00e9 comment les professionnels de l&rsquo;enseignement et de la formation professionnels, les familles et les personnes autistes elles-m\u00eames ont \u00e9t\u00e9 impliqu\u00e9s dans l&rsquo;\u00e9laboration de l&rsquo;approche de l&rsquo;\u00e9ducation num\u00e9rique dans le cadre du projet.<\/span><\/p>\n<h2><span style=\"font-size: 14pt\">Pr\u00e9sentation de la plateforme IDEAL<\/span><\/h2>\n<p><span style=\"font-size: 12pt\"><strong>Marta Arroyo Balb\u00e1s de la Fundaci\u00f3n Miradas<\/strong> a pr\u00e9sent\u00e9 la plateforme en ligne open source, d\u00e9velopp\u00e9e dans le cadre du projet IDEAL. Elle a pr\u00e9sent\u00e9 les principales caract\u00e9ristiques de la plateforme, notamment sa conception conviviale, ses parcours d&rsquo;apprentissage personnalis\u00e9s et ses ressources con\u00e7ues pour soutenir les apprenants autistes dans l&rsquo;enseignement professionnel et au-del\u00e0. <a href=\"https:\/\/tools.idealearning.eu\/\"><strong>La plateforme est accessible \u00e0 tous gratuitement<\/strong><\/a>.<\/span><\/p>\n<p><span style=\"font-size: 12pt\">L&rsquo;un des principaux objectifs de l&rsquo;application est d&rsquo;aider <strong>\u00e0 se retrouver dans la multitude d&rsquo;outils num\u00e9riques et de recommander les meilleurs outils en fonction des diff\u00e9rents domaines de la vie des personnes autistes<\/strong>, sur la base d&rsquo;\u00e9valuations holistiques, en tenant compte des param\u00e8tres de convivialit\u00e9 et de comp\u00e9tence personnelle.<\/span><\/p>\n<p><iframe loading=\"lazy\" title=\"IDEAL project - Digital learning resources for autistic people\" width=\"525\" height=\"295\" src=\"https:\/\/www.youtube.com\/embed\/EamBDcBnrMQ?feature=oembed\" frameborder=\"0\" allow=\"accelerometer; autoplay; clipboard-write; encrypted-media; gyroscope; picture-in-picture; web-share\" referrerpolicy=\"strict-origin-when-cross-origin\" allowfullscreen><\/iframe><\/p>\n<h2><span style=\"font-size: 14pt\">Ce qu\u2019en pensent les partenaires du projet<\/span><\/h2>\n<p><span style=\"font-size: 12pt\">L&rsquo;un des temps forts de la conf\u00e9rence a \u00e9t\u00e9 la session au cours de laquelle les partenaires du projet de diff\u00e9rents pays ont partag\u00e9 leurs exp\u00e9riences. Des repr\u00e9sentants de la <strong>Fondation Hiljadu Zelja<\/strong> (Serbie), de <strong>Tady to m\u00e1m r\u00e1d<\/strong> (R\u00e9publique tch\u00e8que) et de <strong>CATNESS<\/strong> (Espagne) ont \u00e9voqu\u00e9 les d\u00e9fis et les succ\u00e8s rencontr\u00e9s au cours de la mise en \u0153uvre du projet. Martina, une praticienne travaillant avec des personnes autistes, a soulign\u00e9 l&rsquo;importance de l&rsquo;accessibilit\u00e9 num\u00e9rique : \u00ab Nos clients autistes aiment beaucoup utiliser des tablettes et des applications pour leur formation continue, et nous avons constat\u00e9 qu&rsquo;il nous manquait des outils pour rendre l&rsquo;\u00e9ducation num\u00e9rique accessible. \u00bb Elle a \u00e9galement fait l&rsquo;\u00e9loge de l&rsquo;\u00e9l\u00e9ment interactif de la plateforme : \u00ab C&rsquo;est un espace formidable pour partager des opinions et s&rsquo;entraider. \u00bb<\/span><\/p>\n<p><span style=\"font-size: 12pt\"><strong>Suncica Petrovi\u0107<\/strong> a r\u00e9sum\u00e9 l&rsquo;impact de la plateforme : \u00ab La plateforme comble le foss\u00e9 entre les \u00e9ducateurs, les parents et les personnes autistes, cr\u00e9ant ainsi un syst\u00e8me d&rsquo;apprentissage plus inclusif et plus efficace. \u00bb<\/span><\/p>\n<h2><span style=\"font-size: 14pt\">Discussion en panel : Promouvoir l&rsquo;apprentissage inclusif tout au long de la vie<\/span><\/h2>\n<p><span style=\"font-size: 12pt\">La conf\u00e9rence s&rsquo;est achev\u00e9e par une table ronde r\u00e9unissant les principales parties prenantes pour discuter de l&rsquo;avenir de l&rsquo;\u00e9ducation num\u00e9rique inclusive. La session a comport\u00e9 des contributions de <strong>Willem Schoors<\/strong> (minist\u00e8re flamand de l&rsquo;\u00e9ducation et projet EMPOWERED ED), <strong>Veronica Arduino<\/strong> (Life Long Learning Platform), <strong>David Mekkaoui<\/strong> (All Digital), <strong>Sun\u010dica Petrovi\u0107<\/strong> (Fondacija Hiljadu Zelja), et <strong>Miguel Corbi<\/strong> (Universidad de Burgos). <strong>L&rsquo;eurod\u00e9put\u00e9e Chiara Gemma<\/strong> a \u00e9galement partag\u00e9 ses id\u00e9es en tant qu&rsquo;ancienne professionnelle de l&rsquo;\u00e9ducation via une d\u00e9claration vid\u00e9o.<\/span><\/p>\n<p><iframe loading=\"lazy\" title=\"MEP Chiara Gemma addresses the final conference of the IDEAL project\" width=\"525\" height=\"394\" src=\"https:\/\/www.youtube.com\/embed\/knpd67i3bcM?feature=oembed\" frameborder=\"0\" allow=\"accelerometer; autoplay; clipboard-write; encrypted-media; gyroscope; picture-in-picture; web-share\" referrerpolicy=\"strict-origin-when-cross-origin\" allowfullscreen><\/iframe><\/p>\n<p><span style=\"font-size: 12pt\">Le panel de discussion a appel\u00e9 \u00e0 passer des bonnes pratiques isol\u00e9es \u00e0 l&rsquo;inclusion de l&rsquo;\u00e9ducation num\u00e9rique dans l&rsquo;ensemble du syst\u00e8me. Les participants ont explor\u00e9 des strat\u00e9gies cl\u00e9s, telles que faire de l&rsquo;accessibilit\u00e9 une exigence de financement de base, renforcer la formation des enseignants sur les outils d&rsquo;assistance, et co-concevoir des plateformes num\u00e9riques avec les apprenants pour s&rsquo;assurer qu&rsquo;elles r\u00e9pondent vraiment \u00e0 leurs besoins. Willem Schoors a soulign\u00e9 le potentiel de transformation des outils num\u00e9riques dans l&rsquo;\u00e9laboration d&rsquo;une \u00e9ducation inclusive, saluant l&rsquo;impact positif de la plateforme IDEAL. Veronica Arduino a partag\u00e9 des informations sur le projet iBox, qui permet aux \u00e9ducateurs d&rsquo;acqu\u00e9rir les comp\u00e9tences n\u00e9cessaires pour favoriser l&rsquo;\u00e9galit\u00e9, la diversit\u00e9 et l&rsquo;inclusion dans les environnements d&rsquo;apprentissage. David Mekkaoui a insist\u00e9 sur l&rsquo;importance d&rsquo;int\u00e9grer l&rsquo;accessibilit\u00e9 dans les politiques \u00e9ducatives, en faisant de l&rsquo;inclusion une norme plut\u00f4t qu&rsquo;une r\u00e9flexion apr\u00e8s coup.<\/span><\/p>\n<p><span style=\"font-size: 12pt\">\u00c0 l&rsquo;issue du d\u00e9bat, les participants ont appel\u00e9 \u00e0 une plus grande collaboration entre les d\u00e9cideurs politiques, les \u00e9ducateurs et les innovateurs num\u00e9riques, afin de garantir aux personnes autistes un acc\u00e8s \u00e9gal \u00e0 l&rsquo;apprentissage tout au long de la vie.<\/span><\/p>\n<p><span style=\"font-size: 12pt\"><strong>Pour en savoir plus sur le projet IDEAL et ses r\u00e9sultats, visitez le site <\/strong><a href=\"https:\/\/idealearning.eu\/\"><strong>Site Web d\u00e9di\u00e9 au projet.<\/strong><\/a><\/span><\/p>\n<p><span style=\"font-size: 12pt\">Liens pertinents\/en lien avec le sujet :<\/span><\/p>\n<ul>\n<li><span style=\"font-size: 12pt\">Plateforme d\u2019apprentissage en ligne <a href=\"https:\/\/platform.alldigitalacademy.eu\/registration\/\">iBox <\/a>(instructions sur la fa\u00e7on de s\u2019inscrire <a href=\"https:\/\/043d9157-1555-4eae-b4ad-87f18463e331.usrfiles.com\/ugd\/043d91_e475e6f59d8641158a39aaff9d747d8a.pdf\">ICI<\/a>)<\/span><\/li>\n<li><span style=\"font-size: 12pt\"><a href=\"https:\/\/all-digital.org\/\">All Digital<\/a><\/span><\/li>\n<li><span style=\"font-size: 12pt\">Site du projet <a href=\"https:\/\/www.edtecheurope.org\/empower-ed-project\">EMPOWER ED<\/a><\/span><\/li>\n<\/ul>\n","protected":false},"excerpt":{"rendered":"<p>Le 21 f\u00e9vrier 2025, le Comit\u00e9 \u00e9conomique et social europ\u00e9en (CESE) a accueilli \u00e0 Bruxelles la conf\u00e9rence finale du projet IDEAL, un projet Erasmus+ visant \u00e0 am\u00e9liorer les possibilit\u00e9s d&rsquo;\u00e9ducation &hellip; <\/p>\n<p class=\"link-more\"><a href=\"https:\/\/www.autismeurope.org\/fr\/blog\/2025\/03\/01\/favoriser-linclusion-grace-a-leducation-numerique-la-conference-finale-du-projet-ideal\/\" class=\"more-link\">Continue reading<span class=\"screen-reader-text\"> \u00ab\u00a0Favoriser l\u2019inclusion gr\u00e2ce \u00e0 l\u2019\u00e9ducation num\u00e9rique : la conf\u00e9rence finale du projet IDEAL\u00a0\u00bb<\/span><\/a><\/p>\n","protected":false},"author":32,"featured_media":50100,"comment_status":"closed","ping_status":"closed","sticky":false,"template":"","format":"standard","meta":{"_acf_changed":false,"_bbp_topic_count":0,"_bbp_reply_count":0,"_bbp_total_topic_count":0,"_bbp_total_reply_count":0,"_bbp_voice_count":0,"_bbp_anonymous_reply_count":0,"_bbp_topic_count_hidden":0,"_bbp_reply_count_hidden":0,"_bbp_forum_subforum_count":0,"footnotes":""},"categories":[95],"tags":[],"class_list":["post-50232","post","type-post","status-publish","format-standard","has-post-thumbnail","hentry","category-news-fr"],"acf":[],"_links":{"self":[{"href":"https:\/\/www.autismeurope.org\/fr\/wp-json\/wp\/v2\/posts\/50232","targetHints":{"allow":["GET"]}}],"collection":[{"href":"https:\/\/www.autismeurope.org\/fr\/wp-json\/wp\/v2\/posts"}],"about":[{"href":"https:\/\/www.autismeurope.org\/fr\/wp-json\/wp\/v2\/types\/post"}],"author":[{"embeddable":true,"href":"https:\/\/www.autismeurope.org\/fr\/wp-json\/wp\/v2\/users\/32"}],"replies":[{"embeddable":true,"href":"https:\/\/www.autismeurope.org\/fr\/wp-json\/wp\/v2\/comments?post=50232"}],"version-history":[{"count":1,"href":"https:\/\/www.autismeurope.org\/fr\/wp-json\/wp\/v2\/posts\/50232\/revisions"}],"predecessor-version":[{"id":50233,"href":"https:\/\/www.autismeurope.org\/fr\/wp-json\/wp\/v2\/posts\/50232\/revisions\/50233"}],"wp:featuredmedia":[{"embeddable":true,"href":"https:\/\/www.autismeurope.org\/fr\/wp-json\/wp\/v2\/media\/50100"}],"wp:attachment":[{"href":"https:\/\/www.autismeurope.org\/fr\/wp-json\/wp\/v2\/media?parent=50232"}],"wp:term":[{"taxonomy":"category","embeddable":true,"href":"https:\/\/www.autismeurope.org\/fr\/wp-json\/wp\/v2\/categories?post=50232"},{"taxonomy":"post_tag","embeddable":true,"href":"https:\/\/www.autismeurope.org\/fr\/wp-json\/wp\/v2\/tags?post=50232"}],"curies":[{"name":"wp","href":"https:\/\/api.w.org\/{rel}","templated":true}]}}