{"id":50246,"date":"2024-12-24T11:46:55","date_gmt":"2024-12-24T10:46:55","guid":{"rendered":"https:\/\/www.autismeurope.org\/fr\/?p=50246"},"modified":"2025-04-17T11:47:27","modified_gmt":"2025-04-17T09:47:27","slug":"la-commissaire-europeenne-a-legalite-lahbib-sengage-a-mettre-en-oeuvre-de-nouvelles-actions-dans-le-cadre-de-la-strategie-en-faveur-des-droits-des-personnes-handicapees-lors-dun-debat-avec-des-m","status":"publish","type":"post","link":"https:\/\/www.autismeurope.org\/fr\/blog\/2024\/12\/24\/la-commissaire-europeenne-a-legalite-lahbib-sengage-a-mettre-en-oeuvre-de-nouvelles-actions-dans-le-cadre-de-la-strategie-en-faveur-des-droits-des-personnes-handicapees-lors-dun-debat-avec-des-m\/","title":{"rendered":"La commissaire europ\u00e9enne \u00e0 l&rsquo;\u00e9galit\u00e9 Lahbib s&rsquo;engage \u00e0 mettre en \u0153uvre de nouvelles actions dans le cadre de la strat\u00e9gie en faveur des droits des personnes handicap\u00e9es lors d&rsquo;un d\u00e9bat avec des membres du Parlement europ\u00e9en"},"content":{"rendered":"<blockquote><p><span style=\"font-size: 14pt\"><strong>Le 19 d\u00e9cembre 2024, les membres du Parlement europ\u00e9en (MEP) ont d\u00e9battu \u00e0 Strasbourg, France, avec Hadja Lahbib (Belgique), commissaire europ\u00e9enne pour l&rsquo;\u00e9galit\u00e9, la pr\u00e9paration et la gestion des crises de la n\u00e9cessit\u00e9 de mettre \u00e0 jour la Strat\u00e9gie en faveur des droits des personnes handicap\u00e9es 2021-2030. La commissaire Lahbib s&rsquo;est engag\u00e9e \u00e0 prendre des mesures pour la dur\u00e9e restante de la strat\u00e9gie dans les domaines de l&#8217;emploi des personnes handicap\u00e9es ainsi que de l&rsquo;accessibilit\u00e9, de la vie autonome et du logement accessible pour les personnes handicap\u00e9es. Les d\u00e9put\u00e9s ont \u00e9galement soulign\u00e9 la n\u00e9cessit\u00e9 d&rsquo;un financement ad\u00e9quat de l&rsquo;Union europ\u00e9enne pour les personnes autistes et ont attir\u00e9 l&rsquo;attention sur le travail pertinent d&rsquo;Adam Harris, directeur de l&rsquo;association irlandaise AsIAm, membre d&rsquo;Autism-Europe.<\/strong><\/span><\/p><\/blockquote>\n<p><span style=\"font-size: 12pt\">Au cours de ce d\u00e9bat d&rsquo;une heure et demie, 47 d\u00e9put\u00e9s europ\u00e9ens de 23 pays de l&rsquo;Union europ\u00e9enne ont pris la parole pour r\u00e9clamer l&rsquo;inclusion, l&#8217;emploi, l&rsquo;accessibilit\u00e9, la vie autonome, le logement et les soins de sant\u00e9 pour les personnes handicap\u00e9es. Dans son discours d&rsquo;ouverture, la commissaire Lahbib s&rsquo;est pr\u00e9sent\u00e9e comme une alli\u00e9e de poids pour les droits et les besoins des personnes handicap\u00e9es. Elle a indiqu\u00e9 que la Commission europ\u00e9enne \u00e9valuait actuellement les actions entreprises jusqu&rsquo;\u00e0 pr\u00e9sent dans le cadre de la strat\u00e9gie en faveur des droits des personnes handicap\u00e9es 2021-2030. Elle a assur\u00e9 que la strat\u00e9gie soutenait la mise en \u0153uvre de <strong>la convention des Nations Unies relative aux droits des personnes handicap\u00e9es et du socle europ\u00e9en des droits sociaux<\/strong>. Elle a affirm\u00e9 que la Commission europ\u00e9enne attendait avec impatience le dialogue avec le Comit\u00e9 de l&rsquo;ONU pour les droits des personnes handicap\u00e9es qui aura lieu l&rsquo;ann\u00e9e prochaine. Elle a confirm\u00e9 que la Commission continuerait \u00e0 suivre le d\u00e9ploiement de <strong>l&rsquo;acte europ\u00e9en sur l&rsquo;accessibilit\u00e9<\/strong> d&rsquo;ici l&rsquo;ann\u00e9e prochaine, de la <strong>directive sur l&rsquo;accessibilit\u00e9 du web<\/strong> en place depuis 2018, ainsi que de la <strong>carte europ\u00e9enne du handicap<\/strong> et de la <strong>carte de stationnement <\/strong><\/span><span style=\"font-size: 12pt\">pour les personnes handicap\u00e9es, qui devraient \u00eatre op\u00e9rationnelles d&rsquo;ici 2028. Elle a promis un financement de l&rsquo;Union europ\u00e9enne pour la promotion de la vie ind\u00e9pendante des personnes handicap\u00e9es.<\/span><\/p>\n<p><span style=\"font-size: 12pt\">Au cours du d\u00e9bat qui a dur\u00e9 une heure et demie, 47 d\u00e9put\u00e9s europ\u00e9ens issus de 23 \u00c9tats membres de l&rsquo;Union europ\u00e9enne ont pris la parole.<\/span><\/p>\n<p><span style=\"font-size: 12pt\">La plupart d&rsquo;entre eux ont appel\u00e9 \u00e0 l&rsquo;am\u00e9lioration des programmes d&#8217;emploi pour les personnes handicap\u00e9es, comme le d\u00e9put\u00e9 hongrois P\u00e1l Szekeres (l&rsquo;un des trois d\u00e9put\u00e9s europ\u00e9ens handicap\u00e9s), qui estime que cela est important pour l&rsquo;inclusion sociale et l&rsquo;ind\u00e9pendance des personnes handicap\u00e9es. L&rsquo;Italienne Chiara Gemma est convaincue que des mesures contraignantes et des sanctions contribueraient \u00e0 mettre en \u0153uvre les actions futures de la strat\u00e9gie pour les droits des personnes handicap\u00e9es. Elle a appel\u00e9 \u00e0 une approche bas\u00e9e sur les droits pour guider les actions futures de la strat\u00e9gie. Katrin Langensiepen d&rsquo;Allemagne (une autre des trois d\u00e9put\u00e9s europ\u00e9ens handicap\u00e9s) s&rsquo;est exprim\u00e9e sur l&rsquo;institutionnalisation en cours des personnes handicap\u00e9es. Elle a d\u00e9plor\u00e9 que les fonds agricoles de l&rsquo;Union europ\u00e9enne soient encore utilis\u00e9s pour employer des personnes handicap\u00e9es pour une somme d\u00e9risoire, ce qu&rsquo;elle appelle une forme de dumping social. L&rsquo;eurod\u00e9put\u00e9 grec Nikos Pappas s&rsquo;est inqui\u00e9t\u00e9 de l&rsquo;accessibilit\u00e9 des infrastructures sportives aux personnes handicap\u00e9es. Le d\u00e9put\u00e9 hongrois Andras Tivadar Kulja a abord\u00e9 les besoins des jeunes handicap\u00e9s. La d\u00e9put\u00e9e portugaise Catarina Martins s&rsquo;est inqui\u00e9t\u00e9e du fait que son pays autorise encore la st\u00e9rilisation forc\u00e9e des femmes handicap\u00e9es. L&rsquo;Espagnole Rosa Estar\u00e0s a demand\u00e9 une garantie d&#8217;emploi pour les personnes handicap\u00e9es. L&rsquo;eurod\u00e9put\u00e9 su\u00e9dois Abir Al-Sahlani a critiqu\u00e9 le fait que les personnes handicap\u00e9es soient tr\u00e8s expos\u00e9es \u00e0 la violence et \u00e0 la criminalit\u00e9. L&rsquo;Espagnole Idoia Mendia a demand\u00e9 la cr\u00e9ation d&rsquo;une agence europ\u00e9enne sur le handicap. L&rsquo;Italien <strong>Michele Picaro souhaite que l&rsquo;UE accorde une attention particuli\u00e8re \u00e0 l&rsquo;autisme. Il a constat\u00e9 que les familles des personnes autistes supportaient la plupart des co\u00fbts des traitements et a estim\u00e9 que l&rsquo;UE devait soutenir les Etats membres pour un financement ad\u00e9quat<\/strong> des personnes autistes. L&rsquo;eurod\u00e9put\u00e9 irlandais <strong>Sean Kelly a soulign\u00e9 le r\u00f4le essentiel d&rsquo;Adam Harris, directeur g\u00e9n\u00e9ral d&rsquo;AsIAm, membre irlandais d&rsquo;Autism-Europe, dans la d\u00e9fense des droits des personnes autistes.<\/strong> Le d\u00e9put\u00e9 europ\u00e9en Vytenis Andriukaitis est particuli\u00e8rement pr\u00e9occup\u00e9 par les soins de sant\u00e9 des personnes handicap\u00e9es, notamment les soins dentaires.<\/span><\/p>\n<p><span style=\"font-size: 12pt\">La commissaire Lahbib a cl\u00f4tur\u00e9 le d\u00e9bat en rappelant le risque plus \u00e9lev\u00e9 de pauvret\u00e9, d&rsquo;exclusion sociale, de solitude et de violence auquel sont expos\u00e9es les personnes handicap\u00e9es. Mme Lahbib a annonc\u00e9 une \u00e9tude de la Commission europ\u00e9enne sur l&#8217;emploi prot\u00e9g\u00e9 pour les personnes handicap\u00e9es. Elle a affirm\u00e9 que le d\u00e9bat ainsi que le rapport int\u00e9rimaire sur les mesures de la strat\u00e9gie en faveur des droits des personnes handicap\u00e9es \u00e9claireront les actions futures dans le cadre de cette strat\u00e9gie.<\/span><\/p>\n<p><span style=\"font-size: 12pt\">Revoir le d\u00e9bat <a href=\"https:\/\/www.europarl.europa.eu\/plenary\/en\/vod.html?mode=chapter&amp;vodLanguage=EN&amp;internalEPId=2017009058458&amp;providerMeetingId=eb53bade-b51e-4af8-0941-08dd0ad84c78\">ici<\/a>.<\/span><br \/>\n<span style=\"font-size: 12pt\">Relire le d\u00e9bat <a href=\"https:\/\/www.europarl.europa.eu\/doceo\/document\/CRE-10-2024-12-19-ITM-002_EN.html\">ici<\/a>.<\/span><\/p>\n<h2><span style=\"font-size: 14pt\">A quoi a servi le d\u00e9bat ?<\/span><\/h2>\n<p><span style=\"font-size: 12pt\">En mars 2021, la Commission europ\u00e9enne a annonc\u00e9 la Strat\u00e9gie en faveur des droits des personnes handicap\u00e9es 2021-2030 et s&rsquo;est engag\u00e9e \u00e0 mener des actions concr\u00e8tes, dont 6 initiatives phares, jusqu&rsquo;en 2024, date de la fin du mandat de la derni\u00e8re Commission europ\u00e9enne. Cependant, la Commission europ\u00e9enne n&rsquo;a pr\u00e9vu aucune action au-del\u00e0 de 2024. Par cons\u00e9quent, il n&rsquo;\u00e9tait pas clair de savoir ce que la Commission allait d\u00e9cider pour poursuivre la pleine mise en \u0153uvre de la Convention des Nations Unies relatives aux droits des personnes handicap\u00e9es. Apr\u00e8s l&rsquo;entr\u00e9e en fonction de la Belge Hadja Lahbib en tant que commissaire europ\u00e9enne \u00e0 l&rsquo;\u00e9galit\u00e9, \u00e0 la pr\u00e9paration et \u00e0 la gestion des crises le 1er d\u00e9cembre 2024 dans le cadre du nouveau coll\u00e8ge de commissaires, les organisations europ\u00e9ennes de personnes handicap\u00e9es ont exig\u00e9 la poursuite des actions en faveur de l&rsquo;inclusion des personnes en situation de handicap. En outre, le Parlement europ\u00e9en, en tant que co-l\u00e9gislateur du droit europ\u00e9en, a soutenu cet appel et a organis\u00e9 un d\u00e9bat sur la question. La prochaine \u00e9tape consistera, pour la Commission europ\u00e9enne, \u00e0 pr\u00e9senter le nouveau plan d&rsquo;action pour la Strat\u00e9gie relative aux droits des personnes handicap\u00e9es 2021-2030.<\/span><\/p>\n","protected":false},"excerpt":{"rendered":"<p>Le 19 d\u00e9cembre 2024, les membres du Parlement europ\u00e9en (MEP) ont d\u00e9battu \u00e0 Strasbourg, France, avec Hadja Lahbib (Belgique), commissaire europ\u00e9enne pour l&rsquo;\u00e9galit\u00e9, la pr\u00e9paration et la gestion des crises &hellip; <\/p>\n<p class=\"link-more\"><a href=\"https:\/\/www.autismeurope.org\/fr\/blog\/2024\/12\/24\/la-commissaire-europeenne-a-legalite-lahbib-sengage-a-mettre-en-oeuvre-de-nouvelles-actions-dans-le-cadre-de-la-strategie-en-faveur-des-droits-des-personnes-handicapees-lors-dun-debat-avec-des-m\/\" class=\"more-link\">Continue reading<span class=\"screen-reader-text\"> \u00ab\u00a0La commissaire europ\u00e9enne \u00e0 l&rsquo;\u00e9galit\u00e9 Lahbib s&rsquo;engage \u00e0 mettre en \u0153uvre de nouvelles actions dans le cadre de la strat\u00e9gie en faveur des droits des personnes handicap\u00e9es lors d&rsquo;un d\u00e9bat avec des membres du Parlement europ\u00e9en\u00a0\u00bb<\/span><\/a><\/p>\n","protected":false},"author":32,"featured_media":50026,"comment_status":"closed","ping_status":"closed","sticky":false,"template":"","format":"standard","meta":{"_acf_changed":false,"_bbp_topic_count":0,"_bbp_reply_count":0,"_bbp_total_topic_count":0,"_bbp_total_reply_count":0,"_bbp_voice_count":0,"_bbp_anonymous_reply_count":0,"_bbp_topic_count_hidden":0,"_bbp_reply_count_hidden":0,"_bbp_forum_subforum_count":0,"footnotes":""},"categories":[95],"tags":[],"class_list":["post-50246","post","type-post","status-publish","format-standard","has-post-thumbnail","hentry","category-news-fr"],"acf":[],"_links":{"self":[{"href":"https:\/\/www.autismeurope.org\/fr\/wp-json\/wp\/v2\/posts\/50246","targetHints":{"allow":["GET"]}}],"collection":[{"href":"https:\/\/www.autismeurope.org\/fr\/wp-json\/wp\/v2\/posts"}],"about":[{"href":"https:\/\/www.autismeurope.org\/fr\/wp-json\/wp\/v2\/types\/post"}],"author":[{"embeddable":true,"href":"https:\/\/www.autismeurope.org\/fr\/wp-json\/wp\/v2\/users\/32"}],"replies":[{"embeddable":true,"href":"https:\/\/www.autismeurope.org\/fr\/wp-json\/wp\/v2\/comments?post=50246"}],"version-history":[{"count":1,"href":"https:\/\/www.autismeurope.org\/fr\/wp-json\/wp\/v2\/posts\/50246\/revisions"}],"predecessor-version":[{"id":50247,"href":"https:\/\/www.autismeurope.org\/fr\/wp-json\/wp\/v2\/posts\/50246\/revisions\/50247"}],"wp:featuredmedia":[{"embeddable":true,"href":"https:\/\/www.autismeurope.org\/fr\/wp-json\/wp\/v2\/media\/50026"}],"wp:attachment":[{"href":"https:\/\/www.autismeurope.org\/fr\/wp-json\/wp\/v2\/media?parent=50246"}],"wp:term":[{"taxonomy":"category","embeddable":true,"href":"https:\/\/www.autismeurope.org\/fr\/wp-json\/wp\/v2\/categories?post=50246"},{"taxonomy":"post_tag","embeddable":true,"href":"https:\/\/www.autismeurope.org\/fr\/wp-json\/wp\/v2\/tags?post=50246"}],"curies":[{"name":"wp","href":"https:\/\/api.w.org\/{rel}","templated":true}]}}