{"id":50418,"date":"2025-05-15T17:09:53","date_gmt":"2025-05-15T15:09:53","guid":{"rendered":"https:\/\/www.autismeurope.org\/fr\/?p=50418"},"modified":"2025-07-02T17:38:14","modified_gmt":"2025-07-02T15:38:14","slug":"autisme-europe-tient-son-assemblee-generale-a-cagliari","status":"publish","type":"post","link":"https:\/\/www.autismeurope.org\/fr\/blog\/2025\/05\/15\/autisme-europe-tient-son-assemblee-generale-a-cagliari\/","title":{"rendered":"Autisme-Europe tient son Assembl\u00e9e G\u00e9n\u00e9rale \u00e0 Cagliari"},"content":{"rendered":"<blockquote><p><span style=\"font-size: 14pt\"><strong>Autisme-Europe a tenu son Assembl\u00e9e g\u00e9n\u00e9rale annuelle (AGA) et son Conseil d&rsquo;administration (CA) les 10 et 11 mai 2025 \u00e0 Cagliari, en Italie. L&rsquo;\u00e9v\u00e9nement a \u00e9t\u00e9 accueilli par son membre local, l\u2019association Diversamente ODV.<\/strong><\/span><\/p>\n<p><span style=\"font-size: 14pt\"><strong>Les points forts de ces deux r\u00e9unions ont \u00e9t\u00e9 l&rsquo;admission de nouveaux membres au sein d&rsquo;Autisme-Europe et la s\u00e9lection de la ville h\u00f4te du Congr\u00e8s international de 2028.<\/strong><\/span><\/p><\/blockquote>\n<p><span style=\"font-size: 12pt\">De nombreux membres d&rsquo;AE sont arriv\u00e9s la veille des r\u00e9unions pour visiter la Casa Saddi, un centre culturel situ\u00e9 dans un b\u00e2timent historique du quartier de Pirri. Les membres ont assist\u00e9 \u00e0 une repr\u00e9sentation th\u00e9\u00e2trale jou\u00e9e par une troupe inclusive compos\u00e9e d&rsquo;acteurs autistes. Ce spectacle offrait un aper\u00e7u d&rsquo;une production plus ambitieuse pr\u00e9vue dans le cadre du projet SDIT &#8211; \u00ab <a href=\"https:\/\/www.inclusionbytheatre.org\/\">Autod\u00e9termination et inclusion par le th\u00e9\u00e2tre<\/a> \u00bb, dont <a href=\"https:\/\/www.diversamenteonlus.org\/\">Diversamente ODV<\/a> et Autisme-Europe sont partenaires.<\/span><\/p>\n<h3><span style=\"font-size: 12pt\"><strong>Regarder en arri\u00e8re pour planifier l\u2019avenir<\/strong><\/span><\/h3>\n<p><span style=\"font-size: 12pt\">Samedi (10 mai), l&rsquo;AGA a adopt\u00e9 le programme de travail et le budget 2025 d&rsquo;AE, ainsi que le rapport d&rsquo;activit\u00e9s de 2024. Aur\u00e9lie Baranger, directrice d&rsquo;AE, a \u00e9galement pr\u00e9sent\u00e9 des mises \u00e0 jour sur tous les projets financ\u00e9s par l&rsquo;UE dont AE est actuellement partenaire.<\/span><\/p>\n<p><span style=\"font-size: 12pt\">Le personnel d&rsquo;AE a donn\u00e9 une session de formation sur le plaidoyer au niveau europ\u00e9en. La formation s&rsquo;est concentr\u00e9e sur les r\u00e9centes observations finales du comit\u00e9 CRPD de l&rsquo;ONU et sur la mani\u00e8re dont elles peuvent \u00eatre exploit\u00e9es pour de nouvelles actions. Les membres ont \u00e9galement re\u00e7u une mise \u00e0 jour sur la <a href=\"https:\/\/not-invisible.org\/\">campagne d&rsquo;AE \u00ab Not invisible \u00bb<\/a> et sur la mani\u00e8re de s&rsquo;impliquer.<\/span><\/p>\n<p><span style=\"font-size: 12pt\">L&rsquo;apr\u00e8s-midi, les membres ont discut\u00e9 de la strat\u00e9gie d&rsquo;AE pour les ann\u00e9es \u00e0 venir et de la mani\u00e8re de faciliter l&rsquo;int\u00e9gration des nouveaux membres au sein du groupe. Ils ont \u00e9galement assist\u00e9 \u00e0 une pr\u00e9sentation de <a href=\"https:\/\/www.sportelliautismoitalia.it\/\">Sportelli Autismo Italia<\/a> sur l&rsquo;inclusion des \u00e9l\u00e8ves autistes et \u00e0 une mise \u00e0 jour du membre irlandais AsIAm sur le <a href=\"https:\/\/autismcongress2025.org\/\">congr\u00e8s international<\/a> de cette ann\u00e9e, qui se tiendra \u00e0 Dublin du 11 au 13 septembre.<\/span><\/p>\n<h3><span style=\"font-size: 12pt\"><strong>Nouveaux membres<\/strong><\/span><\/h3>\n<p><span style=\"font-size: 12pt\">Entre ces pr\u00e9sentations, l&rsquo;AGA a accueilli de nouveaux membres : <a href=\"https:\/\/www.inovarautismo.pt\/\">Inovar Autismo<\/a> (Portugal) en tant que membre affili\u00e9 et <a href=\"https:\/\/www.libertytrust.org.uk\/\">Liberty Academy Trust<\/a> (Royaume-Uni) en tant que membre associ\u00e9. (Pour consulter la liste des membres d\u2019AE, cliquez <a href=\"https:\/\/www.autismeurope.org\/wp-content\/uploads\/2025\/05\/Members-associations-of-Autism-Europe_May2025.pdf\">ici<\/a>).<\/span><\/p>\n<p><span style=\"font-size: 12pt\">La journ\u00e9e s&rsquo;est termin\u00e9e par une session de r\u00e9seautage entre les membres, au cours de laquelle ils ont \u00e9chang\u00e9 leurs plans de travail, leurs questions cl\u00e9s et leurs plus grandes r\u00e9alisations.<\/span><\/p>\n<h3><span style=\"font-size: 12pt\"><strong>APNABI s\u00e9lectionn\u00e9e pour accueillir le Congr\u00e8s de 2028 \u00e0 Bilbao<\/strong><\/span><\/h3>\n<p><span style=\"font-size: 12pt\">Le dimanche (11 mai), pendant le CA, les membres ont discut\u00e9 de la nomination des conseillers du comit\u00e9 d&rsquo;\u00e9thique scientifique de l&rsquo;organisation. Le moment fort de la journ\u00e9e a \u00e9t\u00e9 la pr\u00e9sentation des villes en lice pour accueillir le congr\u00e8s international d\u2019AE en 2028. Les \u00e9quipes de Sofia (Bulgarie), Copenhague (Danemark) et Bilbao (Espagne) ont chacune pr\u00e9sent\u00e9 leur dossier et leurs projets pour l&rsquo;\u00e9v\u00e9nement, mettant en valeur la beaut\u00e9 et l&rsquo;accessibilit\u00e9 de leur site.<\/span><\/p>\n<p><span style=\"font-size: 12pt\">Compte tenu de la grande qualit\u00e9 des trois candidatures, les membres ont \u00e9t\u00e9 confront\u00e9s \u00e0 une d\u00e9cision difficile. Finalement, \u00e0 l&rsquo;issue d&rsquo;un vote \u00e0 bulletin secret, Bilbao a \u00e9t\u00e9 s\u00e9lectionn\u00e9e pour accueillir les 2 000 \u00e0 3 000 visiteurs attendus au Congr\u00e8s international de 2028.<\/span><\/p>\n<p><span style=\"font-size: 12pt\">AE tient \u00e0 remercier chaleureusement ses membres pour leur participation aux r\u00e9unions en personne et en ligne, ainsi que pour leurs efforts continus en faveur des droits des personnes autistes dans toute l&rsquo;Europe.<\/span><\/p>\n","protected":false},"excerpt":{"rendered":"<p>Autisme-Europe a tenu son Assembl\u00e9e g\u00e9n\u00e9rale annuelle (AGA) et son Conseil d&rsquo;administration (CA) les 10 et 11 mai 2025 \u00e0 Cagliari, en Italie. L&rsquo;\u00e9v\u00e9nement a \u00e9t\u00e9 accueilli par son membre &hellip; <\/p>\n<p class=\"link-more\"><a href=\"https:\/\/www.autismeurope.org\/fr\/blog\/2025\/05\/15\/autisme-europe-tient-son-assemblee-generale-a-cagliari\/\" class=\"more-link\">Continue reading<span class=\"screen-reader-text\"> \u00ab\u00a0Autisme-Europe tient son Assembl\u00e9e G\u00e9n\u00e9rale \u00e0 Cagliari\u00a0\u00bb<\/span><\/a><\/p>\n","protected":false},"author":32,"featured_media":50329,"comment_status":"closed","ping_status":"closed","sticky":false,"template":"","format":"standard","meta":{"_acf_changed":false,"_bbp_topic_count":0,"_bbp_reply_count":0,"_bbp_total_topic_count":0,"_bbp_total_reply_count":0,"_bbp_voice_count":0,"_bbp_anonymous_reply_count":0,"_bbp_topic_count_hidden":0,"_bbp_reply_count_hidden":0,"_bbp_forum_subforum_count":0,"footnotes":""},"categories":[95],"tags":[],"class_list":["post-50418","post","type-post","status-publish","format-standard","has-post-thumbnail","hentry","category-news-fr"],"acf":[],"_links":{"self":[{"href":"https:\/\/www.autismeurope.org\/fr\/wp-json\/wp\/v2\/posts\/50418","targetHints":{"allow":["GET"]}}],"collection":[{"href":"https:\/\/www.autismeurope.org\/fr\/wp-json\/wp\/v2\/posts"}],"about":[{"href":"https:\/\/www.autismeurope.org\/fr\/wp-json\/wp\/v2\/types\/post"}],"author":[{"embeddable":true,"href":"https:\/\/www.autismeurope.org\/fr\/wp-json\/wp\/v2\/users\/32"}],"replies":[{"embeddable":true,"href":"https:\/\/www.autismeurope.org\/fr\/wp-json\/wp\/v2\/comments?post=50418"}],"version-history":[{"count":2,"href":"https:\/\/www.autismeurope.org\/fr\/wp-json\/wp\/v2\/posts\/50418\/revisions"}],"predecessor-version":[{"id":50420,"href":"https:\/\/www.autismeurope.org\/fr\/wp-json\/wp\/v2\/posts\/50418\/revisions\/50420"}],"wp:featuredmedia":[{"embeddable":true,"href":"https:\/\/www.autismeurope.org\/fr\/wp-json\/wp\/v2\/media\/50329"}],"wp:attachment":[{"href":"https:\/\/www.autismeurope.org\/fr\/wp-json\/wp\/v2\/media?parent=50418"}],"wp:term":[{"taxonomy":"category","embeddable":true,"href":"https:\/\/www.autismeurope.org\/fr\/wp-json\/wp\/v2\/categories?post=50418"},{"taxonomy":"post_tag","embeddable":true,"href":"https:\/\/www.autismeurope.org\/fr\/wp-json\/wp\/v2\/tags?post=50418"}],"curies":[{"name":"wp","href":"https:\/\/api.w.org\/{rel}","templated":true}]}}