{"id":50429,"date":"2025-05-02T17:31:45","date_gmt":"2025-05-02T15:31:45","guid":{"rendered":"https:\/\/www.autismeurope.org\/fr\/?p=50429"},"modified":"2025-07-02T17:39:15","modified_gmt":"2025-07-02T15:39:15","slug":"autisme-europe-soumet-un-rapport-a-lonu-sur-la-prise-en-charge-familiale-des-enfants-handicapes","status":"publish","type":"post","link":"https:\/\/www.autismeurope.org\/fr\/blog\/2025\/05\/02\/autisme-europe-soumet-un-rapport-a-lonu-sur-la-prise-en-charge-familiale-des-enfants-handicapes\/","title":{"rendered":"Autisme-Europe soumet un rapport \u00e0 l&rsquo;ONU sur la prise en charge familiale des enfants handicap\u00e9s"},"content":{"rendered":"<blockquote><p><span style=\"font-size: 14pt\"><strong>Le 30 avril 2025, Autisme-Europe a soumis un rapport au Rapporteur sp\u00e9cial des Nations Unies sur les droits des personnes handicap\u00e9es en r\u00e9ponse \u00e0 l&rsquo;appel \u00e0 contribution intitul\u00e9 \u00ab\u00a0Care and support for children with disabilities within the family environment and it gendered dimensions \u00bb (Soins et soutien aux enfants handicap\u00e9s dans le milieu familial et ses dimensions sexosp\u00e9cifiques). Cette contribution met en lumi\u00e8re les d\u00e9fis importants auxquels sont confront\u00e9es les familles qui s&rsquo;occupent d&rsquo;enfants et d&rsquo;adultes autistes en Europe et souligne la charge disproportionn\u00e9e et souvent n\u00e9glig\u00e9e qui p\u00e8se sur les m\u00e8res et les autres aidants informels.<\/strong><\/span><\/p><\/blockquote>\n<p><span style=\"font-size: 12pt\">Le rapport combine les donn\u00e9es d&rsquo;une enqu\u00eate men\u00e9e par Autisme-Europe aupr\u00e8s de ses membres et l&rsquo;analyse des r\u00e9cents rapports nationaux sur les soins de longue dur\u00e9e soumis par les \u00c9tats membres de l&rsquo;UE dans le cadre de <strong>la recommandation du Conseil de 2022 sur les soins de longue dur\u00e9e abordables et de qualit\u00e9<\/strong>. Cette recommandation s&rsquo;inscrit dans le cadre des obligations internationales en mati\u00e8re de droits de l&rsquo;homme \u00e9nonc\u00e9es dans la Convention relative aux droits des personnes handicap\u00e9es (<strong>CDPF<\/strong>), la Convention relative aux droits de l&rsquo;enfant (<strong>CDE<\/strong>) et la Convention sur l&rsquo;\u00e9limination de toutes les formes de discrimination \u00e0 l&rsquo;\u00e9gard des femmes (<strong>CEDAW<\/strong>), et offre une image compl\u00e8te de l&rsquo;exp\u00e9rience v\u00e9cue et des lacunes syst\u00e9miques dans la fourniture de soins.<\/span><\/p>\n<h3><span style=\"font-size: 12pt\"><strong>Un d\u00e9s\u00e9quilibre manifeste entre les sexes dans les soins<\/strong><\/span><\/h3>\n<p><span style=\"font-size: 12pt\">Sur les 159 personnes qui ont r\u00e9pondu \u00e0 l&rsquo;enqu\u00eate en tant qu&rsquo;aidant informel, 83 % \u00e9taient des femmes. Les m\u00e8res ont \u00e9t\u00e9 le plus souvent identifi\u00e9es comme les principaux prestataires de soins, seule une petite minorit\u00e9 de familles faisant \u00e9tat de responsabilit\u00e9s partag\u00e9es ou dirig\u00e9es par le p\u00e8re. Cette disparit\u00e9 flagrante entre les sexes renforce les conclusions d&rsquo;autres rapports europ\u00e9ens et r\u00e9v\u00e8le comment des r\u00f4les sexosp\u00e9cifiques bien ancr\u00e9s continuent de fa\u00e7onner les responsabilit\u00e9s en mati\u00e8re de soins, souvent au d\u00e9triment de la s\u00e9curit\u00e9 \u00e9conomique et de la sant\u00e9 mentale des femmes.<\/span><\/p>\n<p><span style=\"font-size: 12pt\">Plus de 85 % des familles ont d\u00e9clar\u00e9 que la prise en charge des personnes d\u00e9pendantes avait un impact n\u00e9gatif sur le revenu du m\u00e9nage. De nombreuses m\u00e8res ont \u00e9t\u00e9 contraintes de r\u00e9duire leur temps de travail, d&rsquo;accepter des postes moins bien r\u00e9mun\u00e9r\u00e9s voire de quitter compl\u00e8tement le march\u00e9 du travail. Ces ajustements ont eu des cons\u00e9quences \u00e0 long terme sur les droits \u00e0 la pension, l&rsquo;\u00e9volution de carri\u00e8re et la stabilit\u00e9 familiale.<\/span><\/p>\n<h3><span style=\"font-size: 12pt\"><strong>Stress \u00e9motionnel et manque de soutien<\/strong><\/span><\/h3>\n<p><span style=\"font-size: 12pt\">Les aidants ont \u00e9galement fait \u00e9tat de graves r\u00e9percussions sur leur bien-\u00eatre \u00e9motionnel et physique. Plus de 70 % d&rsquo;entre eux ont d\u00e9clar\u00e9 que la prestation de soins avait eu des r\u00e9percussions sur leur sant\u00e9, beaucoup d\u00e9crivant des sentiments d&rsquo;isolement, de stress chronique et d&rsquo;\u00e9puisement. Plusieurs aidants ont fait part de r\u00e9flexions personnelles illustrant la charge \u00e9motionnelle d&rsquo;une prise en charge 24 heures sur 24 sans soutien ad\u00e9quat ni r\u00e9pit. Pourtant, le soutien aux aidants en mati\u00e8re de sant\u00e9 mentale s&rsquo;est av\u00e9r\u00e9 rare ou inaccessible.<\/span><\/p>\n<p><span style=\"font-size: 12pt\">Les familles qui s&rsquo;occupent de leurs proches autistes ont d\u00e9crit un sentiment persistant d&rsquo;invisibilit\u00e9 \u00e0 la fois dans la soci\u00e9t\u00e9 et dans la communaut\u00e9 plus large des personnes handicap\u00e9es, en particulier celles qui s&rsquo;occupent de personnes ayant d&rsquo;importants besoins de soutien. Beaucoup ont d\u00e9clar\u00e9 que la stigmatisation sociale continuait de renforcer l&rsquo;exclusion et d&rsquo;aggraver la pression \u00e0 laquelle sont confront\u00e9s les aidants.<\/span><\/p>\n<h3><span style=\"font-size: 12pt\"><strong>Obstacles aux services tout au long de la vie<\/strong><\/span><\/h3>\n<p><span style=\"font-size: 12pt\">Le rapport r\u00e9v\u00e8le des lacunes importantes dans l&rsquo;acc\u00e8s aux soins et aux services de soutien. Bien qu&rsquo;il existe des programmes d&rsquo;intervention pr\u00e9coce et de th\u00e9rapie, les familles soulignent syst\u00e9matiquement les longs d\u00e9lais d&rsquo;attente, les obstacles bureaucratiques et les disparit\u00e9s r\u00e9gionales. Ce manque de soutien appropri\u00e9, abordable et en temps voulu, ajoute au stress des aidants pendant les p\u00e9riodes les plus critiques du d\u00e9veloppement de leur enfant.<\/span><\/p>\n<p><span style=\"font-size: 12pt\">Ces difficult\u00e9s deviennent encore plus aigu\u00ebs lorsque les jeunes autistes passent \u00e0 l&rsquo;\u00e2ge adulte. Les familles ont indiqu\u00e9 que les services s&rsquo;arr\u00eatent souvent ou diminuent fortement apr\u00e8s l&rsquo;\u00e2ge de dix-huit ans, malgr\u00e9 des besoins d&rsquo;aide continus et parfois croissants. Dans de nombreux cas, des mod\u00e8les institutionnels d\u00e9pass\u00e9s dominent encore, laissant les familles assumer la totalit\u00e9 des soins.<\/span><\/p>\n<h3><span style=\"font-size: 12pt\"><strong>Lacunes politiques et manque d\u2019inclusion<\/strong><\/span><\/h3>\n<p><span style=\"font-size: 12pt\">Seule une minorit\u00e9 de familles a d\u00e9clar\u00e9 avoir re\u00e7u un soutien financier significatif. Les proc\u00e9dures de demande d&rsquo;allocations pour les aidants ou de prestations d&rsquo;invalidit\u00e9 ont souvent \u00e9t\u00e9 d\u00e9crites comme complexes, lourdes et incoh\u00e9rentes. Le rapport souligne \u00e9galement l&rsquo;implication limit\u00e9e des aidants et des personnes autistes dans les processus d&rsquo;\u00e9laboration et d&rsquo;\u00e9valuation des politiques. Peu de personnes interrog\u00e9es ont \u00e9t\u00e9 consult\u00e9es ou invit\u00e9es \u00e0 donner leur avis sur les services, et les efforts de collecte de donn\u00e9es sur les soins informels ont \u00e9t\u00e9 jug\u00e9s insuffisants et mal ventil\u00e9s en fonction du sexe ou du handicap.<\/span><\/p>\n<h3><span style=\"font-size: 12pt\"><strong>Recommandations du rapport<\/strong><\/span><\/h3>\n<p><span style=\"font-size: 12pt\">Autisme-Europe appelle \u00e0 une action urgente pour relever ces d\u00e9fis par le biais de r\u00e9formes concr\u00e8tes et fond\u00e9es sur les droits. Les recommandations suivantes ont \u00e9t\u00e9 pr\u00e9sent\u00e9es au rapporteur sp\u00e9cial :<\/span><\/p>\n<ul>\n<li><span style=\"font-size: 12pt\">Les \u00c9tats doivent \u00e9laborer et mettre en \u0153uvre des <strong>services de soutien complets ainsi que des politiques qui tiennent compte des besoins des aidants informels<\/strong> en veillant \u00e0 ce que les responsabilit\u00e9s des aidants ne s&rsquo;exercent pas au d\u00e9triment de leur s\u00e9curit\u00e9 financi\u00e8re, de leur bien-\u00eatre ou de l&rsquo;\u00e9galit\u00e9 entre les hommes et les femmes.<\/span><\/li>\n<li><span style=\"font-size: 12pt\">Des r\u00e9formes l\u00e9gislatives sont n\u00e9cessaires pour <strong>renforcer le droit au cong\u00e9 de soins et \u00e9tendre les r\u00e9gimes de protection sociale.<\/strong> Celles-ci devraient inclure une aide financi\u00e8re directe, des soins de r\u00e9pit et des options d&#8217;emploi flexibles pour aider les aidants \u00e0 rester \u00e9conomiquement et socialement actifs.<\/span><\/li>\n<li><span style=\"font-size: 12pt\"><strong>Les personnes autistes et leurs familles doivent \u00eatre v\u00e9ritablement impliqu\u00e9es<\/strong> dans la conception, le suivi et l&rsquo;\u00e9valuation des politiques et des services de soins. Leur exp\u00e9rience v\u00e9cue est une ressource essentielle qui devrait \u00e9clairer la prise de d\u00e9cision publique \u00e0 tous les niveaux.<\/span><\/li>\n<li><span style=\"font-size: 12pt\">Les \u00c9tats devraient investir dans des <strong>syst\u00e8mes de soins \u00e0 long terme, centr\u00e9s sur la personne<\/strong>, qui commencent par un acc\u00e8s \u00e9quitable aux interventions pr\u00e9coces et se poursuivent jusqu&rsquo;\u00e0 l&rsquo;\u00e2ge adulte, en accordant une attention particuli\u00e8re aux besoins des personnes ayant des besoins de grande d\u00e9pendance.<\/span><\/li>\n<li><span style=\"font-size: 12pt\">La collecte de <strong>donn\u00e9es nationales doit \u00eatre renforc\u00e9e et ventil\u00e9e en fonction du handicap, du sexe et de l&rsquo;\u00e2ge<\/strong>, afin de garantir que les politiques de soins sont fond\u00e9es sur des donn\u00e9es probantes et r\u00e9pondent aux besoins r\u00e9els des familles.<\/span><\/li>\n<li><span style=\"font-size: 12pt\">Les gouvernements doivent adopter <strong>une approche sexosp\u00e9cifique de la politique de soins<\/strong>, en reconnaissant l&rsquo;impact disproportionn\u00e9 sur les femmes et en promouvant la redistribution des prestations de soins non r\u00e9mun\u00e9r\u00e9es.<\/span><\/li>\n<\/ul>\n<p><span style=\"font-size: 12pt\">Nous adressons nos plus sinc\u00e8res remerciements \u00e0 tous nos membres qui ont particip\u00e9 \u00e0 l&rsquo;enqu\u00eate et ont rendu ce rapport possible. Vos contributions ont \u00e9t\u00e9 essentielles pour garantir que les voix des aidants au sein de la communaut\u00e9 de l&rsquo;autisme soient entendues au niveau international.<\/span><\/p>\n<p><span style=\"font-size: 12pt\">Le lien vers l&rsquo;appel \u00e0 contribution du rapporteur sp\u00e9cial est disponible <a href=\"https:\/\/www.ohchr.org\/en\/calls-for-input\/2025\/call-inputs-care-and-support-children-disabilities-within-family-environment\"><strong>ici<\/strong><\/a>.<\/span><\/p>\n<p><span style=\"font-size: 12pt\">Le rapport complet est disponible <a href=\"https:\/\/www.autismeurope.org\/wp-content\/uploads\/2025\/05\/Report-to-the-UN-Special-Rapporteur-on-the-rights-of-persons-with-disabilities_Family-Care_30.04.2025.pdf\"><strong>ici<\/strong><\/a>.<\/span><\/p>\n<p><span style=\"font-size: 12pt\">Autisme-Europe reste engag\u00e9e dans la d\u00e9fense d&rsquo;une Europe plus inclusive et plus solidaire, o\u00f9 les droits et la dignit\u00e9 des personnes autistes et de leurs familles sont pleinement respect\u00e9s.<\/span><\/p>\n<p><span style=\"font-size: 12pt\">Photo de <a href=\"https:\/\/unsplash.com\/@seitamaaphotography?utm_content=creditCopyText&amp;utm_medium=referral&amp;utm_source=unsplash\">Sandra Seitamaa<\/a> sur <a href=\"https:\/\/unsplash.com\/photos\/girl-in-pink-jacket-holding-her-hair-FWfTtCvgm_8?utm_content=creditCopyText&amp;utm_medium=referral&amp;utm_source=unsplash\">Unsplash<\/a>.<\/span><\/p>\n","protected":false},"excerpt":{"rendered":"<p>Le 30 avril 2025, Autisme-Europe a soumis un rapport au Rapporteur sp\u00e9cial des Nations Unies sur les droits des personnes handicap\u00e9es en r\u00e9ponse \u00e0 l&rsquo;appel \u00e0 contribution intitul\u00e9 \u00ab\u00a0Care and &hellip; <\/p>\n<p class=\"link-more\"><a href=\"https:\/\/www.autismeurope.org\/fr\/blog\/2025\/05\/02\/autisme-europe-soumet-un-rapport-a-lonu-sur-la-prise-en-charge-familiale-des-enfants-handicapes\/\" class=\"more-link\">Continue reading<span class=\"screen-reader-text\"> \u00ab\u00a0Autisme-Europe soumet un rapport \u00e0 l&rsquo;ONU sur la prise en charge familiale des enfants handicap\u00e9s\u00a0\u00bb<\/span><\/a><\/p>\n","protected":false},"author":32,"featured_media":50362,"comment_status":"closed","ping_status":"closed","sticky":false,"template":"","format":"standard","meta":{"_acf_changed":false,"_bbp_topic_count":0,"_bbp_reply_count":0,"_bbp_total_topic_count":0,"_bbp_total_reply_count":0,"_bbp_voice_count":0,"_bbp_anonymous_reply_count":0,"_bbp_topic_count_hidden":0,"_bbp_reply_count_hidden":0,"_bbp_forum_subforum_count":0,"footnotes":""},"categories":[95],"tags":[],"class_list":["post-50429","post","type-post","status-publish","format-standard","has-post-thumbnail","hentry","category-news-fr"],"acf":[],"_links":{"self":[{"href":"https:\/\/www.autismeurope.org\/fr\/wp-json\/wp\/v2\/posts\/50429","targetHints":{"allow":["GET"]}}],"collection":[{"href":"https:\/\/www.autismeurope.org\/fr\/wp-json\/wp\/v2\/posts"}],"about":[{"href":"https:\/\/www.autismeurope.org\/fr\/wp-json\/wp\/v2\/types\/post"}],"author":[{"embeddable":true,"href":"https:\/\/www.autismeurope.org\/fr\/wp-json\/wp\/v2\/users\/32"}],"replies":[{"embeddable":true,"href":"https:\/\/www.autismeurope.org\/fr\/wp-json\/wp\/v2\/comments?post=50429"}],"version-history":[{"count":2,"href":"https:\/\/www.autismeurope.org\/fr\/wp-json\/wp\/v2\/posts\/50429\/revisions"}],"predecessor-version":[{"id":50431,"href":"https:\/\/www.autismeurope.org\/fr\/wp-json\/wp\/v2\/posts\/50429\/revisions\/50431"}],"wp:featuredmedia":[{"embeddable":true,"href":"https:\/\/www.autismeurope.org\/fr\/wp-json\/wp\/v2\/media\/50362"}],"wp:attachment":[{"href":"https:\/\/www.autismeurope.org\/fr\/wp-json\/wp\/v2\/media?parent=50429"}],"wp:term":[{"taxonomy":"category","embeddable":true,"href":"https:\/\/www.autismeurope.org\/fr\/wp-json\/wp\/v2\/categories?post=50429"},{"taxonomy":"post_tag","embeddable":true,"href":"https:\/\/www.autismeurope.org\/fr\/wp-json\/wp\/v2\/tags?post=50429"}],"curies":[{"name":"wp","href":"https:\/\/api.w.org\/{rel}","templated":true}]}}