{"id":50433,"date":"2025-05-14T17:35:39","date_gmt":"2025-05-14T15:35:39","guid":{"rendered":"https:\/\/www.autismeurope.org\/fr\/?p=50433"},"modified":"2025-07-02T17:38:43","modified_gmt":"2025-07-02T15:38:43","slug":"promouvoir-linclusion-des-personnes-autistes-dans-le-sport-decouvrez-les-resultats-et-outils-du-projet-sacree","status":"publish","type":"post","link":"https:\/\/www.autismeurope.org\/fr\/blog\/2025\/05\/14\/promouvoir-linclusion-des-personnes-autistes-dans-le-sport-decouvrez-les-resultats-et-outils-du-projet-sacree\/","title":{"rendered":"Promouvoir l\u2019inclusion des personnes autistes dans le sport : d\u00e9couvrez les r\u00e9sultats et outils du projet SACREE"},"content":{"rendered":"<blockquote><p><span style=\"font-size: 14pt\"><strong>Lors d&rsquo;un \u00e9v\u00e9nement remarquable organis\u00e9 au Parlement europ\u00e9en, sous l&rsquo;\u00e9gide de l&rsquo;eurod\u00e9put\u00e9e Chiara Gemma, le projet Sacree a c\u00e9l\u00e9br\u00e9 ses r\u00e9alisations en mati\u00e8re d&rsquo;inclusion des personnes autistes par le biais du sport. L&rsquo;atmosph\u00e8re \u00e9tait empreinte d&rsquo;enthousiasme lorsque les partenaires du projet, les experts invit\u00e9s et les principales parties prenantes se sont rassembl\u00e9s pour discuter de l&rsquo;impact du projet et de l&rsquo;importance de l&rsquo;accessibilit\u00e9 dans les sports.<\/strong><\/span><\/p><\/blockquote>\n<p><span style=\"font-size: 12pt\">Les recherches de Sacree ont mis en lumi\u00e8re un point important : plus de 75 % des personnes autistes ont fait \u00e9tat d&rsquo;un acc\u00e8s limit\u00e9 aux sports en raison d&rsquo;un manque d&rsquo;am\u00e9nagements ou de possibilit\u00e9s d&rsquo;accueil. Cette r\u00e9alit\u00e9 souligne le besoin urgent d&rsquo;initiatives telles que Sacree qui a su d\u00e9velopper un mod\u00e8le centr\u00e9 sur la personne pour s&rsquo;assurer que chacun puisse participer et s&rsquo;\u00e9panouir dans le monde du sport.<\/span><\/p>\n<p><span style=\"font-size: 12pt\">L&rsquo;\u00e9v\u00e9nement a permis de pr\u00e9senter les travaux scientifiques men\u00e9s dans le cadre du projet et les r\u00e9sultats encourageants qui en d\u00e9coulent. Les partenaires ont partag\u00e9 des preuves convaincantes de l&rsquo;impact positif du sport sur les personnes autistes, d\u00e9montrant qu&rsquo;une activit\u00e9 sportive pouvait favoriser l&rsquo;acceptation et l&rsquo;inclusion dans la communaut\u00e9 du fait que la discrimination et les pr\u00e9jug\u00e9s n&rsquo;y ont pas leur place. Le projet, qui a d\u00e9but\u00e9 en juin 2022, a permis d&rsquo;approfondir la recherche sur l&rsquo;intersection entre le sport et l&rsquo;autisme, qui \u00e9tait jusqu&rsquo;alors limit\u00e9e, ce qui constitue une contribution importante dans ce domaine.<\/span><\/p>\n<p><span style=\"font-size: 12pt\">Des personnalit\u00e9s du monde du sport, dont Christo Velkov de Special Olympics, l&rsquo;entra\u00eeneur autiste Jean Philippe Piat et le champion paralympique de natation Marc Evers, ont partag\u00e9 leurs points de vue et leurs exp\u00e9riences. Ils ont affirm\u00e9 que les r\u00e9sultats de Sacree offraient un cadre solide pour favoriser l&rsquo;inclusion dans le sport tout en soulignant le potentiel de transformation de ce projet. Les discussions et les conclusion d&rsquo;Autisme-Europe et de l&rsquo;Eurod\u00e9put\u00e9e Chiara Gemma ont renforc\u00e9 l&rsquo;importance d&rsquo;efforts soutenus pour cr\u00e9er un paysage sportif plus inclusif pour tous.<\/span><\/p>\n<h3><span style=\"font-size: 12pt\"><strong>D\u00e9couvrez les principaux outils d\u00e9velopp\u00e9s par Sacree :<\/strong><\/span><\/h3>\n<ul>\n<li><span style=\"font-size: 12pt\">Un cours d&rsquo;apprentissage en ligne d&rsquo;une heure pour sensibiliser \u00e0 l&rsquo;autisme dans le secteur du sport :\u00a0<a href=\"https:\/\/sacree.eu\/fr\/e-learning\/\">Sacree E-learning<\/a><\/span><\/li>\n<li><span style=\"font-size: 12pt\">A guide to help the sports sector welcome autistic people:\u00a0<a href=\"https:\/\/sacree.eu\/wp-content\/uploads\/2025\/04\/FV_FR_GUIDE-FOR-SPORT-SECTOR_MARCH-2025.pdf\">Guide for the Sport Sector<\/a><\/span><\/li>\n<li><span style=\"font-size: 12pt\">Un guide pour aider le secteur du sport \u00e0 accueillir les personnes autistes\u00a0:\u00a0<a href=\"https:\/\/sacree.eu\/wp-content\/uploads\/2025\/04\/FV_FR_GUIDE-FOR-AUTISTIC-PEOPLE.pdf\">Guide for Autistic People<\/a><\/span><\/li>\n<li><span style=\"font-size: 12pt\">A\u00a0<a href=\"https:\/\/sacree.eu\/wp-content\/uploads\/2025\/04\/FV_FR_DELIVERABLE_MODEL_SACREE_MARCH-2025.pdf\">Mod\u00e8le de programme sportif\u00a0<\/a><\/span><\/li>\n<\/ul>\n<p><span style=\"font-size: 12pt\"><a href=\"https:\/\/sacree.eu\/\">Visitez le site web de Sacree<\/a>\u00a0pour de plus amples informations.<\/span><\/p>\n","protected":false},"excerpt":{"rendered":"<p>Lors d&rsquo;un \u00e9v\u00e9nement remarquable organis\u00e9 au Parlement europ\u00e9en, sous l&rsquo;\u00e9gide de l&rsquo;eurod\u00e9put\u00e9e Chiara Gemma, le projet Sacree a c\u00e9l\u00e9br\u00e9 ses r\u00e9alisations en mati\u00e8re d&rsquo;inclusion des personnes autistes par le biais &hellip; <\/p>\n<p class=\"link-more\"><a href=\"https:\/\/www.autismeurope.org\/fr\/blog\/2025\/05\/14\/promouvoir-linclusion-des-personnes-autistes-dans-le-sport-decouvrez-les-resultats-et-outils-du-projet-sacree\/\" class=\"more-link\">Continue reading<span class=\"screen-reader-text\"> \u00ab\u00a0Promouvoir l\u2019inclusion des personnes autistes dans le sport : d\u00e9couvrez les r\u00e9sultats et outils du projet SACREE\u00a0\u00bb<\/span><\/a><\/p>\n","protected":false},"author":32,"featured_media":50317,"comment_status":"closed","ping_status":"closed","sticky":false,"template":"","format":"standard","meta":{"_acf_changed":false,"_bbp_topic_count":0,"_bbp_reply_count":0,"_bbp_total_topic_count":0,"_bbp_total_reply_count":0,"_bbp_voice_count":0,"_bbp_anonymous_reply_count":0,"_bbp_topic_count_hidden":0,"_bbp_reply_count_hidden":0,"_bbp_forum_subforum_count":0,"footnotes":""},"categories":[95],"tags":[],"class_list":["post-50433","post","type-post","status-publish","format-standard","has-post-thumbnail","hentry","category-news-fr"],"acf":[],"_links":{"self":[{"href":"https:\/\/www.autismeurope.org\/fr\/wp-json\/wp\/v2\/posts\/50433","targetHints":{"allow":["GET"]}}],"collection":[{"href":"https:\/\/www.autismeurope.org\/fr\/wp-json\/wp\/v2\/posts"}],"about":[{"href":"https:\/\/www.autismeurope.org\/fr\/wp-json\/wp\/v2\/types\/post"}],"author":[{"embeddable":true,"href":"https:\/\/www.autismeurope.org\/fr\/wp-json\/wp\/v2\/users\/32"}],"replies":[{"embeddable":true,"href":"https:\/\/www.autismeurope.org\/fr\/wp-json\/wp\/v2\/comments?post=50433"}],"version-history":[{"count":2,"href":"https:\/\/www.autismeurope.org\/fr\/wp-json\/wp\/v2\/posts\/50433\/revisions"}],"predecessor-version":[{"id":50435,"href":"https:\/\/www.autismeurope.org\/fr\/wp-json\/wp\/v2\/posts\/50433\/revisions\/50435"}],"wp:featuredmedia":[{"embeddable":true,"href":"https:\/\/www.autismeurope.org\/fr\/wp-json\/wp\/v2\/media\/50317"}],"wp:attachment":[{"href":"https:\/\/www.autismeurope.org\/fr\/wp-json\/wp\/v2\/media?parent=50433"}],"wp:term":[{"taxonomy":"category","embeddable":true,"href":"https:\/\/www.autismeurope.org\/fr\/wp-json\/wp\/v2\/categories?post=50433"},{"taxonomy":"post_tag","embeddable":true,"href":"https:\/\/www.autismeurope.org\/fr\/wp-json\/wp\/v2\/tags?post=50433"}],"curies":[{"name":"wp","href":"https:\/\/api.w.org\/{rel}","templated":true}]}}