{"id":50488,"date":"2025-09-23T12:24:59","date_gmt":"2025-09-23T10:24:59","guid":{"rendered":"https:\/\/www.autismeurope.org\/fr\/?p=50488"},"modified":"2025-09-24T14:12:37","modified_gmt":"2025-09-24T12:12:37","slug":"autism-europe-appelle-les-dirigeants-internationaux-a-soutenir-la-communaute-autiste-au-lieu-de-propager-de-la-desinformation","status":"publish","type":"post","link":"https:\/\/www.autismeurope.org\/fr\/blog\/2025\/09\/23\/autism-europe-appelle-les-dirigeants-internationaux-a-soutenir-la-communaute-autiste-au-lieu-de-propager-de-la-desinformation\/","title":{"rendered":"Autisme-Europe appelle les dirigeants internationaux \u00e0 soutenir la communaut\u00e9 autiste au lieu de propager de la d\u00e9sinformation"},"content":{"rendered":"<blockquote><p><span style=\"font-size: 14pt\"><strong>Contrairement \u00e0 ce qu&rsquo;a affirm\u00e9 le pr\u00e9sident am\u00e9ricain Donald Trump, il n&rsquo;existe aucune preuve scientifique qu&rsquo;un antidouleur fr\u00e9quemment utilis\u00e9 soit une cause de l&rsquo;autisme.<\/strong><\/span><\/p><\/blockquote>\n<p><span style=\"font-size: 12pt\">Trump, en collaboration avec le Secr\u00e9taire \u00e0 la Sant\u00e9 et aux Services sociaux Robert F. Kennedy Jr., a annonc\u00e9 hier des d\u00e9couvertes suppos\u00e9es sur un lien entre l&rsquo;utilisation du <em>Tylenol<\/em> pendant la grossesse et l&rsquo;autisme, et a d\u00e9clar\u00e9 que l&rsquo;Agence am\u00e9ricaine des produits alimentaires et m\u00e9dicamenteux (FDA) publierait un avis aux m\u00e9decins sur le risque potentiel li\u00e9 \u00e0 la prise de cet antidouleur pendant la grossesse.<\/span><\/p>\n<p><span style=\"font-size: 12pt\"><em>Tylenol<\/em> est le nom commercial du m\u00e9dicament ac\u00e9taminoph\u00e8ne, connu sous le nom de parac\u00e9tamol en Europe.<\/span><\/p>\n<p><span style=\"font-size: 12pt\">De nombreux scientifiques ont imm\u00e9diatement r\u00e9fut\u00e9 cette all\u00e9gation et ont mis en avant des preuves scientifiques du contraire. En insistant sur ce lien, le gouvernement am\u00e9ricain propage activement de la d\u00e9sinformation.<\/span><\/p>\n<p><strong><span style=\"font-size: 12pt\">Le consensus scientifique est clair : il n&rsquo;existe aucune preuve permettant d&rsquo;\u00e9tablir un lien entre le parac\u00e9tamol et l&rsquo;autisme.<\/span><\/strong><\/p>\n<p><span style=\"font-size: 12pt\">Une \u00e9tude r\u00e9alis\u00e9e en 2024, financ\u00e9e par les <em>National Institutes of Health<\/em> et men\u00e9e par le Karolinska Institute et par la <em>Drexel University<\/em>, a analys\u00e9 les donn\u00e9es de pr\u00e8s de 2,5 millions d&rsquo;enfants su\u00e9dois, ce qui en fait la plus grande \u00e9tude de ce type. Alors que les premiers r\u00e9sultats sugg\u00e9raient un lien possible entre l&rsquo;exposition pr\u00e9natale au parac\u00e9tamol et l&rsquo;autisme, le TDAH ou les handicaps intellectuels, des \u00e9tudes ult\u00e9rieures men\u00e9es sur des fr\u00e8res et s\u0153urs ont montr\u00e9 qu&rsquo;aucun lien de ce type n&rsquo;existait. Les \u00e9tudes sur les fratries tiennent compte de la g\u00e9n\u00e9tique et de l&rsquo;environnement partag\u00e9s, et sont consid\u00e9r\u00e9es comme la meilleure m\u00e9thodologie.<\/span><\/p>\n<p><span style=\"font-size: 12pt\">En revanche, les recherches cit\u00e9es dans l&rsquo;\u00e9tude de 2024 ont montr\u00e9 que certains parents pr\u00e9sentant des traits g\u00e9n\u00e9tiques li\u00e9s au TDAH et \u00e0 l&rsquo;autisme peuvent \u00eatre plus susceptibles de souffrir de migraines et d&rsquo;autres douleurs pendant la grossesse, ce qui peut les amener \u00e0 prendre des antidouleurs, notamment du parac\u00e9tamol. La science qui sous-tend ce ph\u00e9nom\u00e8ne est tr\u00e8s complexe, et aucun g\u00e8ne ou facteur environnemental unique n&rsquo;est connu pour \u00eatre \u00e0 l&rsquo;origine de l&rsquo;autisme. Mais pour simplifier au mieux : le parac\u00e9tamol ne cause pas l&rsquo;autisme ; les m\u00e8res qui ont de toute fa\u00e7on des g\u00e8nes li\u00e9s \u00e0 l&rsquo;autisme peuvent avoir tendance \u00e0 prendre plus souvent des antidouleurs que les autres. Il s&rsquo;agit d&rsquo;un cas classique de corr\u00e9lation, et non de causalit\u00e9.<\/span><\/p>\n<p><span style=\"font-size: 12pt\">Les auteurs de l&rsquo;\u00e9tude de 2024 l&rsquo;ont clairement indiqu\u00e9 dans leur conclusion : \u00ab La prise d&rsquo;ac\u00e9taminoph\u00e8ne pendant la grossesse n&rsquo;\u00e9tait pas associ\u00e9e au risque d&rsquo;autisme, de TDAH ou de d\u00e9ficience intellectuelle chez les enfants [&#8230;] \u00bb.<\/span><\/p>\n<p><span style=\"font-size: 12pt\">Les principales organisations m\u00e9dicales, notamment l&rsquo;<em>American College of Obstetricians and Gynecologists<\/em>, se sont prononc\u00e9es contre l&rsquo;annonce de Trump et continuent de recommander le parac\u00e9tamol comme un antidouleur s\u00fbr pendant la grossesse lorsqu&rsquo;il est utilis\u00e9 conform\u00e9ment aux instructions.<\/span><\/p>\n<p><span style=\"font-size: 12pt\">Cette tentative de lier l&rsquo;autisme chez les enfants \u00e0 l&rsquo;utilisation du parac\u00e9tamol pendant la grossesse semble avoir pour but d&rsquo;attiser la peur plut\u00f4t que de prot\u00e9ger la sant\u00e9 publique. Le parac\u00e9tamol reste l&rsquo;option la plus s\u00fbre et la plus largement recommand\u00e9e pour soulager la douleur pendant la grossesse, d&rsquo;autant plus que des alternatives telles que l&rsquo;ibuprof\u00e8ne ont \u00e9t\u00e9 associ\u00e9es \u00e0 des risques de fausse couche et de malformations cong\u00e9nitales. Le fait de pointer du doigt le parac\u00e9tamol ne fait qu&rsquo;accro\u00eetre l&rsquo;anxi\u00e9t\u00e9, alourdir le fardeau des personnes enceintes et \u00e0 les culpabiliser.<\/span><\/p>\n<p><span style=\"font-size: 12pt\">L&rsquo;autisme fait partie de la diversit\u00e9 humaine, et les personnes autistes m\u00e9ritent d&rsquo;\u00eatre accept\u00e9es, incluses et soutenues de mani\u00e8re ad\u00e9quate. Cette d\u00e9sinformation, ainsi que les d\u00e9clarations d\u00e9nigrantes pr\u00e9c\u00e9dentes de RFK Jr. \u00e0 l&rsquo;encontre des personnes autistes, ne font que diviser la soci\u00e9t\u00e9 et perp\u00e9tuer une stigmatisation blessante. Il est essentiel de noter que le fait d&rsquo;orienter les efforts des administrations publiques vers la poursuite de th\u00e9ories d\u00e9j\u00e0 r\u00e9fut\u00e9es gaspille des ressources pr\u00e9cieuses et d\u00e9j\u00e0 trop rares.<\/span><\/p>\n<p><span style=\"font-size: 12pt\">Heureusement, de nombreux l\u00e9gislateurs europ\u00e9ens ont promis leur soutien \u00e0 la communaut\u00e9 autiste. Nous ne pouvons qu&rsquo;esp\u00e9rer que la derni\u00e8re vague de d\u00e9sinformation transatlantique n&rsquo;\u00e9branlera pas leur engagement \u00e0 am\u00e9liorer concr\u00e8tement la vie des personnes autistes, conform\u00e9ment \u00e0 leurs obligations en vertu de la Convention des Nations Unies relative aux droits des personnes handicap\u00e9es.<\/span><\/p>\n<p><span style=\"font-size: 12pt\"><strong>Autisme-Europe appelle le public et les d\u00e9cideurs politiques \u00e0 s&rsquo;appuyer sur les meilleures preuves disponibles.<\/strong> Repr\u00e9sentant plus de 90 associations \u00e0 travers l&rsquo;Europe, <strong>Autisme-Europe s&rsquo;oppose fermement \u00e0 cette rh\u00e9torique alarmiste et n\u00e9gative qui cherche \u00e0 stigmatiser les personnes autistes et \u00e0 r\u00e9duire l&rsquo;autisme \u00e0 un probl\u00e8me \u00e0 r\u00e9soudre<\/strong>. Nous appelons les dirigeants internationaux \u00e0 concentrer leurs efforts et leurs investissements sur des <strong>r\u00e9ponses politiques holistiques et intersectorielles, fond\u00e9es sur les droits,\u00a0 afin de lutter contre la discrimination dont sont victimes les personnes autistes dans tous les domaines de la vie.<\/strong><\/span><\/p>\n","protected":false},"excerpt":{"rendered":"<p>Contrairement \u00e0 ce qu&rsquo;a affirm\u00e9 le pr\u00e9sident am\u00e9ricain Donald Trump, il n&rsquo;existe aucune preuve scientifique qu&rsquo;un antidouleur fr\u00e9quemment utilis\u00e9 soit une cause de l&rsquo;autisme. Trump, en collaboration avec le Secr\u00e9taire &hellip; <\/p>\n<p class=\"link-more\"><a href=\"https:\/\/www.autismeurope.org\/fr\/blog\/2025\/09\/23\/autism-europe-appelle-les-dirigeants-internationaux-a-soutenir-la-communaute-autiste-au-lieu-de-propager-de-la-desinformation\/\" class=\"more-link\">Continue reading<span class=\"screen-reader-text\"> \u00ab\u00a0Autisme-Europe appelle les dirigeants internationaux \u00e0 soutenir la communaut\u00e9 autiste au lieu de propager de la d\u00e9sinformation\u00a0\u00bb<\/span><\/a><\/p>\n","protected":false},"author":32,"featured_media":50496,"comment_status":"closed","ping_status":"closed","sticky":false,"template":"","format":"standard","meta":{"_acf_changed":false,"_bbp_topic_count":0,"_bbp_reply_count":0,"_bbp_total_topic_count":0,"_bbp_total_reply_count":0,"_bbp_voice_count":0,"_bbp_anonymous_reply_count":0,"_bbp_topic_count_hidden":0,"_bbp_reply_count_hidden":0,"_bbp_forum_subforum_count":0,"footnotes":""},"categories":[95],"tags":[],"class_list":["post-50488","post","type-post","status-publish","format-standard","has-post-thumbnail","hentry","category-news-fr"],"acf":[],"_links":{"self":[{"href":"https:\/\/www.autismeurope.org\/fr\/wp-json\/wp\/v2\/posts\/50488","targetHints":{"allow":["GET"]}}],"collection":[{"href":"https:\/\/www.autismeurope.org\/fr\/wp-json\/wp\/v2\/posts"}],"about":[{"href":"https:\/\/www.autismeurope.org\/fr\/wp-json\/wp\/v2\/types\/post"}],"author":[{"embeddable":true,"href":"https:\/\/www.autismeurope.org\/fr\/wp-json\/wp\/v2\/users\/32"}],"replies":[{"embeddable":true,"href":"https:\/\/www.autismeurope.org\/fr\/wp-json\/wp\/v2\/comments?post=50488"}],"version-history":[{"count":7,"href":"https:\/\/www.autismeurope.org\/fr\/wp-json\/wp\/v2\/posts\/50488\/revisions"}],"predecessor-version":[{"id":50499,"href":"https:\/\/www.autismeurope.org\/fr\/wp-json\/wp\/v2\/posts\/50488\/revisions\/50499"}],"wp:featuredmedia":[{"embeddable":true,"href":"https:\/\/www.autismeurope.org\/fr\/wp-json\/wp\/v2\/media\/50496"}],"wp:attachment":[{"href":"https:\/\/www.autismeurope.org\/fr\/wp-json\/wp\/v2\/media?parent=50488"}],"wp:term":[{"taxonomy":"category","embeddable":true,"href":"https:\/\/www.autismeurope.org\/fr\/wp-json\/wp\/v2\/categories?post=50488"},{"taxonomy":"post_tag","embeddable":true,"href":"https:\/\/www.autismeurope.org\/fr\/wp-json\/wp\/v2\/tags?post=50488"}],"curies":[{"name":"wp","href":"https:\/\/api.w.org\/{rel}","templated":true}]}}