{"id":50761,"date":"2025-12-08T18:02:41","date_gmt":"2025-12-08T17:02:41","guid":{"rendered":"https:\/\/www.autismeurope.org\/fr\/?p=50761"},"modified":"2025-12-19T18:05:20","modified_gmt":"2025-12-19T17:05:20","slug":"autism-europe-a-mis-en-avant-les-preoccupations-de-la-communaute-autiste-liees-a-la-vie-independante-et-la-preparation-aux-crises-lors-de-la-journee-europeenne-des-personnes-handicapees-2025","status":"publish","type":"post","link":"https:\/\/www.autismeurope.org\/fr\/blog\/2025\/12\/08\/autism-europe-a-mis-en-avant-les-preoccupations-de-la-communaute-autiste-liees-a-la-vie-independante-et-la-preparation-aux-crises-lors-de-la-journee-europeenne-des-personnes-handicapees-2025\/","title":{"rendered":"Autism-Europe a mis en avant les pr\u00e9occupations de la communaut\u00e9 autiste li\u00e9es \u00e0 la vie ind\u00e9pendante et la pr\u00e9paration aux crises lors de la Journ\u00e9e europ\u00e9enne des personnes handicap\u00e9es 2025"},"content":{"rendered":"<blockquote><p><span style=\"font-size: 14pt\"><strong>Les 4 et 5 d\u00e9cembre 2025, la Commission europ\u00e9enne, en collaboration avec le Forum europ\u00e9en des personnes handicap\u00e9es (FEPH), a organis\u00e9 la Journ\u00e9e europ\u00e9enne des personnes handicap\u00e9es (JEPH) 2025, un \u00e9v\u00e9nement phare r\u00e9unissant des centaines de d\u00e9cideurs politiques europ\u00e9ens, d\u2019organisations de personnes handicap\u00e9es, de d\u00e9fenseurs des droits et d\u2019experts, afin de promouvoir l\u2019inclusion au sein de l\u2019Union europ\u00e9enne.<br \/>\nLa d\u00e9l\u00e9gation d\u2019Autisme-Europe (AE) a mis en avant les pr\u00e9occupations majeures de la communaut\u00e9 autiste li\u00e9es \u00e0 la vie ind\u00e9pendante et \u00e0 la pr\u00e9paration aux situations de crise, tout en saluant l\u2019engagement continu de la Commission en faveur des droits des personnes handicap\u00e9es dans l\u2019UE.<\/strong><\/span><\/p><\/blockquote>\n<p><span style=\"font-size: 12pt\">La Journ\u00e9e europ\u00e9enne des personnes handicap\u00e9es 2025 a d\u00e9but\u00e9 le 4 d\u00e9cembre dans un contexte de fort engagement politique. \u00c0 cette occasion, Hadja Lahbib, commissaire europ\u00e9enne \u00e0 l\u2019\u00c9galit\u00e9, \u00e0 la Pr\u00e9paration et \u00e0 la Gestion des crises, a r\u00e9affirm\u00e9 l\u2019engagement de l\u2019Union europ\u00e9enne vis-\u00e0-vis de la Strat\u00e9gie 2021-2030 en faveur des droits des personnes handicap\u00e9es, notamment \u00e0 travers la proposition du programme Agora UE qui serait dot\u00e9 d\u2019un budget de 3,6 milliards d\u2019euros. Le pr\u00e9sident sortant du FEPH Ioannis Vardakastanis a salu\u00e9 l\u2019impact de l\u2019action collective de la communaut\u00e9 du handicap au fil des ann\u00e9es. Il a toutefois averti que les coupes propos\u00e9es dans les fonds sociaux du prochain budget de l\u2019Union europ\u00e9enne risquaient d\u2019affecter la communaut\u00e9 du handicap, tout en appelant la Commission europ\u00e9enne \u00e0 envoyer un signal clair de soutien.<\/span><\/p>\n<h2><span style=\"font-size: 14pt\"><strong>Discussion sur la prochaine phase de la Strat\u00e9gie europ\u00e9enne pour les droits des personnes handicap\u00e9es<\/strong><\/span><\/h2>\n<p><span style=\"font-size: 12pt\">Le premier panel a abord\u00e9 la mani\u00e8re de traduire la prochaine phase de la Strat\u00e9gie en faveur des droits des personnes handicap\u00e9es 2021\u20112030 en am\u00e9liorations concr\u00e8tes en mati\u00e8re d\u2019accessibilit\u00e9, de vie ind\u00e9pendante et de participation \u00e9quitable des personnes handicap\u00e9es au sein de l\u2019Union europ\u00e9enne. Markus Schefer, expert en handicap aupr\u00e8s du comit\u00e9 de suivi de la Convention des Nations Unies relative aux droits des personnes handicap\u00e9es (CNUDPH), a soulign\u00e9 les <strong>\u00ab <\/strong>d\u00e9dales administratifs<strong> \u00bb<\/strong> auxquels les personnes handicap\u00e9es sont confront\u00e9es pour exercer leur libert\u00e9 de circulation dans l\u2019UE, en raison de la non-portabilit\u00e9 des prestations et de l\u2019absence de reconnaissance mutuelle du statut de personne handicap\u00e9e. Il s\u2019agit d\u2019un enjeu crucial pour les personnes autistes, compte tenu des fortes disparit\u00e9s d\u2019acc\u00e8s au diagnostic et \u00e0 la reconnaissance de l\u2019autisme dans les \u00c9tats membres de l\u2019UE. Ettore Focardi, membre du Conseil d\u2019administration d\u2019Autisme-Europe, a exhort\u00e9 l\u2019UE \u00e0 agir de fa\u00e7on d\u00e9cisive. Il a averti que, sans financement sp\u00e9cifique pour soutenir la d\u00e9sinstitutionalisation et la formation du personnel, la s\u00e9gr\u00e9gation continuerait, surtout pour les personnes autistes ayant des besoins de grande d\u00e9pendance. Il a soulign\u00e9 l\u2019importance de plans individualis\u00e9s pour une vie ind\u00e9pendante.<\/span><\/p>\n<h2><span style=\"font-size: 14pt\"><strong>Exemple d\u2019utilisation significative des fonds europ\u00e9ens pour soutenir les personnes autistes et leurs familles<\/strong><\/span><\/h2>\n<p><span style=\"font-size: 12pt\">Le deuxi\u00e8me panel a abord\u00e9 la mani\u00e8re de rendre le financement \u00e0 long terme de l\u2019UE inclusif pour les personnes handicap\u00e9es, en soulignant le r\u00f4le crucial des instruments financiers europ\u00e9ens pour atteindre les objectifs de la Strat\u00e9gie en faveur des droits des personnes handicap\u00e9es 2021\u20112030.<\/span><\/p>\n<p><span style=\"font-size: 12pt\">Le Centre chypriote d\u2019intervention et de soutien familial, financ\u00e9 \u00e0 95\u202f% par le Fonds social europ\u00e9en+ (FSE+) jusqu\u2019en 2027, a \u00e9t\u00e9 pr\u00e9sent\u00e9. Ce centre propose un soutien innovant, individualis\u00e9, \u00e0 domicile et dans la communaut\u00e9, montrant que l\u2019aide cibl\u00e9e de l\u2019UE peut fournir un accompagnement global et transformateur.<\/span><\/p>\n<p><span style=\"font-size: 12pt\">Un t\u00e9moignage vid\u00e9o d\u2019une m\u00e8re d\u2019un enfant autiste a mis en \u00e9vidence le r\u00f4le du centre, dans lequel elle explique qu\u2019elle ne se sent d\u00e9sormais plus seule. Maria Toumazou, attach\u00e9e \u00e0 la politique sociale aupr\u00e8s de la repr\u00e9sentation permanente de Chypre aupr\u00e8s de l\u2019UE \u00e0 Bruxelles, a pr\u00e9cis\u00e9 que le centre d\u2019intervention et de soutien familial s\u2019inscrit dans la premi\u00e8re strat\u00e9gie s\u00e9par\u00e9e et le plan d\u2019action national pour l\u2019autisme \u00e0 Chypre. Approuv\u00e9 en avril 2024, ce plan couvre l\u2019ensemble du cycle de vie et propose des interventions personnalis\u00e9es pour les personnes autistes, en compl\u00e9ment de la Strat\u00e9gie nationale globale sur le handicap.<\/span><\/p>\n<p><span style=\"font-size: 12pt\">Franck Conrad de la Direction g\u00e9n\u00e9rale du Budget de la Commission europ\u00e9enne a expliqu\u00e9 que l\u2019ancrage de la Charte europ\u00e9enne des droits fondamentaux en tant que condition horizontale dans le prochain budget de l\u2019UE permet d\u2019\u00e9largir sa couverture et d\u2019assurer une application plus stricte. Cela combine la suspension \u00e9ventuelle des financements avec des incitations \u00e0 la conformit\u00e9 pour les \u00c9tats membres, transformant le syst\u00e8me en m\u00e9canisme \u00e0 la fois contraignant et encourageant. Thomas Bignal, secr\u00e9taire g\u00e9n\u00e9ral de l\u2019Association europ\u00e9enne des prestataires de services pour personnes handicap\u00e9es, a averti que simplifier ou mettre de c\u00f4t\u00e9 la CNUDPH risquerait de fausser sa finalit\u00e9 : loin de constituer une charge bureaucratique, elle permet un usage efficace des fonds publics au b\u00e9n\u00e9fice des personnes handicap\u00e9es.<\/span><\/p>\n<h2><span style=\"font-size: 14pt\"><strong>Zaragoza, en Espagne, remporte le Prix Access City 2026<\/strong><\/span><\/h2>\n<p><span style=\"font-size: 12pt\">Le 5 d\u00e9cembre 2025, l\u2019accessibilit\u00e9 urbaine pour les personnes handicap\u00e9es a \u00e9t\u00e9 mise \u00e0 l\u2019honneur, tandis que la ville de Zaragoza recevait le Prix Access City 2026 pour ses investissements, sa l\u00e9gislation et sa planification \u00e0 long terme, qui pr\u00e9voient des normes claires pour les rues, les transports, les b\u00e2timents publics et les services. Valence, arriv\u00e9e deuxi\u00e8me gr\u00e2ce \u00e0 son leadership fort et sa collaboration significative avec les personnes handicap\u00e9es qui ont permis de rendre le bus et le m\u00e9tro enti\u00e8rement accessibles, de garantir que 96\u202f% des rues et espaces publics soient sans obstacles, et de fournir des outils num\u00e9riques guidant les conducteurs de voiture vers des places de stationnement accessibles pour favoriser les d\u00e9placements autonomes. Valence a \u00e9galement re\u00e7u une mention sp\u00e9ciale pour l\u2019accessibilit\u00e9 dans la pr\u00e9paration aux situations d\u2019urgence.<\/span><\/p>\n<h2><span style=\"font-size: 14pt\"><strong>Pr\u00e9paration et gestion des crises<\/strong><\/span><\/h2>\n<p><span style=\"font-size: 12pt\">Le dernier panel \u00e9tait consacr\u00e9 \u00e0 la pr\u00e9paration et \u00e0 la gestion des crises. Pietro Cirrincione, membre du Conseil d\u2019administration d\u2019Autisme-Europe, a soulign\u00e9 les lacunes importantes au sein de l\u2019UE en mati\u00e8re de gestion des urgences adapt\u00e9e aux personnes autistes. Ruslan Topchan, v\u00e9t\u00e9ran ukrainien, a \u00e9voqu\u00e9 les d\u00e9fis de r\u00e9adaptation en Ukraine, notamment le manque d\u2019abris accessibles, de syst\u00e8mes d\u2019alerte inclusifs, de soins de proximit\u00e9 et d\u2019acc\u00e8s aux soins m\u00e9dicaux, en insistant sur le fait que \u00ab l\u2019inclusion n\u2019est pas un privil\u00e8ge, mais une condition n\u00e9cessaire pour sauver des vies \u00bb. Hans Das de la Direction g\u00e9n\u00e9rale de la Commission europ\u00e9enne pour la Protection civile europ\u00e9enne et les op\u00e9rations d\u2019aide humanitaire a r\u00e9affirm\u00e9 l\u2019engagement de l\u2019UE selon lequel \u00ab la pr\u00e9paration aux crises est pour tous \u00bb, notamment au moyen de lignes directrices int\u00e9grant les besoins des personnes handicap\u00e9es dans les services et formations d\u2019urgence.<\/span><\/p>\n<p><span style=\"font-size: 12pt\">Autisme-Europe se f\u00e9licite de cette attention port\u00e9e aux besoins des personnes handicap\u00e9es et appelle \u00e0 une collaboration avec les personnes autistes et les autres communaut\u00e9s de handicap afin de garantir que tous les plans d\u2019urgence soient inclusifs, en citant des bonnes pratiques existantes <a href=\"https:\/\/www.autismeurope.org\/wp-content\/uploads\/2025\/12\/2_Civil-Protection_adaptation_messages_Catalonia-compressed.pdf\">comme le programme r\u00e9gional de Catalogne<\/a>, qui adapte les messages de protection civile en coop\u00e9ration avec la communaut\u00e9 autiste.<\/span><\/p>\n<p><span style=\"font-size: 12pt\"><a href=\"https:\/\/commission.europa.eu\/get-involved\/events\/european-day-persons-disabilities-2025-2025-12-04_en\">En savoir plus.<\/a><\/span><\/p>\n<p><span style=\"font-size: 12pt\">Revoir la conf\u00e9rence JEPH <a href=\"https:\/\/webcast.ec.europa.eu\/the-european-day-of-persons-with-disabilities-2025-12-04\">ici<\/a> et <a href=\"https:\/\/webcast.ec.europa.eu\/the-european-day-of-persons-with-disabilities-2025-12-05\">ici<\/a>.<\/span><\/p>\n","protected":false},"excerpt":{"rendered":"<p>Les 4 et 5 d\u00e9cembre 2025, la Commission europ\u00e9enne, en collaboration avec le Forum europ\u00e9en des personnes handicap\u00e9es (FEPH), a organis\u00e9 la Journ\u00e9e europ\u00e9enne des personnes handicap\u00e9es (JEPH) 2025, un &hellip; <\/p>\n<p class=\"link-more\"><a href=\"https:\/\/www.autismeurope.org\/fr\/blog\/2025\/12\/08\/autism-europe-a-mis-en-avant-les-preoccupations-de-la-communaute-autiste-liees-a-la-vie-independante-et-la-preparation-aux-crises-lors-de-la-journee-europeenne-des-personnes-handicapees-2025\/\" class=\"more-link\">Continue reading<span class=\"screen-reader-text\"> \u00ab\u00a0Autism-Europe a mis en avant les pr\u00e9occupations de la communaut\u00e9 autiste li\u00e9es \u00e0 la vie ind\u00e9pendante et la pr\u00e9paration aux crises lors de la Journ\u00e9e europ\u00e9enne des personnes handicap\u00e9es 2025\u00a0\u00bb<\/span><\/a><\/p>\n","protected":false},"author":32,"featured_media":50744,"comment_status":"closed","ping_status":"closed","sticky":false,"template":"","format":"standard","meta":{"_acf_changed":false,"_bbp_topic_count":0,"_bbp_reply_count":0,"_bbp_total_topic_count":0,"_bbp_total_reply_count":0,"_bbp_voice_count":0,"_bbp_anonymous_reply_count":0,"_bbp_topic_count_hidden":0,"_bbp_reply_count_hidden":0,"_bbp_forum_subforum_count":0,"footnotes":""},"categories":[95],"tags":[],"class_list":["post-50761","post","type-post","status-publish","format-standard","has-post-thumbnail","hentry","category-news-fr"],"acf":[],"_links":{"self":[{"href":"https:\/\/www.autismeurope.org\/fr\/wp-json\/wp\/v2\/posts\/50761","targetHints":{"allow":["GET"]}}],"collection":[{"href":"https:\/\/www.autismeurope.org\/fr\/wp-json\/wp\/v2\/posts"}],"about":[{"href":"https:\/\/www.autismeurope.org\/fr\/wp-json\/wp\/v2\/types\/post"}],"author":[{"embeddable":true,"href":"https:\/\/www.autismeurope.org\/fr\/wp-json\/wp\/v2\/users\/32"}],"replies":[{"embeddable":true,"href":"https:\/\/www.autismeurope.org\/fr\/wp-json\/wp\/v2\/comments?post=50761"}],"version-history":[{"count":4,"href":"https:\/\/www.autismeurope.org\/fr\/wp-json\/wp\/v2\/posts\/50761\/revisions"}],"predecessor-version":[{"id":50765,"href":"https:\/\/www.autismeurope.org\/fr\/wp-json\/wp\/v2\/posts\/50761\/revisions\/50765"}],"wp:featuredmedia":[{"embeddable":true,"href":"https:\/\/www.autismeurope.org\/fr\/wp-json\/wp\/v2\/media\/50744"}],"wp:attachment":[{"href":"https:\/\/www.autismeurope.org\/fr\/wp-json\/wp\/v2\/media?parent=50761"}],"wp:term":[{"taxonomy":"category","embeddable":true,"href":"https:\/\/www.autismeurope.org\/fr\/wp-json\/wp\/v2\/categories?post=50761"},{"taxonomy":"post_tag","embeddable":true,"href":"https:\/\/www.autismeurope.org\/fr\/wp-json\/wp\/v2\/tags?post=50761"}],"curies":[{"name":"wp","href":"https:\/\/api.w.org\/{rel}","templated":true}]}}