{"id":50819,"date":"2026-02-04T18:02:23","date_gmt":"2026-02-04T17:02:23","guid":{"rendered":"https:\/\/www.autismeurope.org\/fr\/?p=50819"},"modified":"2026-02-05T08:44:02","modified_gmt":"2026-02-05T07:44:02","slug":"repondre-a-la-consultation-sur-la-deuxieme-phase-de-la-mise-en-oeuvre-de-la-strategie-en-faveur-des-droits-des-personnes-handicapees-2021-2030","status":"publish","type":"post","link":"https:\/\/www.autismeurope.org\/fr\/blog\/2026\/02\/04\/repondre-a-la-consultation-sur-la-deuxieme-phase-de-la-mise-en-oeuvre-de-la-strategie-en-faveur-des-droits-des-personnes-handicapees-2021-2030\/","title":{"rendered":"Participez \u00e0 la consultation sur la deuxi\u00e8me phase de la mise en \u0153uvre de la strat\u00e9gie en faveur des droits des personnes handicap\u00e9es 2021\u20132030"},"content":{"rendered":"<blockquote><p><span style=\"font-size: 14pt\"><strong>La strat\u00e9gie de l\u2019UE en faveur les droits des personnes handicap\u00e9es 2021\u20132030 a permis des avanc\u00e9es importantes, notamment l\u2019adoption d\u2019une nouvelle l\u00e9gislation sur la carte europ\u00e9enne du handicap et la carte europ\u00e9enne de stationnement, ainsi que la cr\u00e9ation du centre AccessibleEU. Afin de pr\u00e9parer la prochaine phase de la strat\u00e9gie, la Commission europ\u00e9enne a lanc\u00e9 une consultation publique ouverte jusqu\u2019au 6 f\u00e9vrier 2026. Autisme-Europe se f\u00e9licite de cette opportunit\u00e9 et a soumis sa contribution, fond\u00e9e sur les priorit\u00e9s et les exp\u00e9riences v\u00e9cues de ses organisations membres.<\/strong><\/span><\/p>\n<p><span style=\"font-size: 14pt\"><strong>Pour acc\u00e9der au document de position d\u2019Autisme-Europe, cliquer <\/strong><a href=\"https:\/\/www.autismeurope.org\/wp-content\/uploads\/2026\/02\/AE-response-public-consultation-ESRP.pdf\"><strong>ici<\/strong><\/a><strong>.<\/strong><\/span><\/p><\/blockquote>\n<h2><span style=\"font-size: 14pt\"><strong>En quoi cette consultation est-elle importante\u00a0?<\/strong><\/span><\/h2>\n<p><span style=\"font-size: 12pt\">La prochaine \u00e9tape de la mise en \u0153uvre de la strat\u00e9gie en faveur des droits des personnes handicap\u00e9es 2021\u20132030 intervient \u00e0 un moment crucial. En avril 2025, le Comit\u00e9 de l\u2019ONU pour les droits des personnes handicap\u00e9es a mis en \u00e9vidence la persistance des discriminations \u00e0 l\u2019encontre des personnes autistes dans l\u2019Union europ\u00e9enne et a appel\u00e9 \u00e0 des actions cibl\u00e9es. Malgr\u00e9 les avanc\u00e9es politiques, les personnes autistes continuent de faire face \u00e0 des obstacles majeurs dans les domaines de l\u2019\u00e9ducation, de l\u2019emploi, des soins de sant\u00e9, de la vie autonome et de la libert\u00e9 de circulation. Les \u00e9carts persistants d\u2019esp\u00e9rance de vie, le taux \u00e9lev\u00e9 de ch\u00f4mage et la poursuite de l\u2019institutionnalisation montrent que les progr\u00e8s restent in\u00e9gaux.<\/span><\/p>\n<p><span style=\"font-size: 12pt\">La consultation de la Commission europ\u00e9enne sur la prochaine phase de la mise en \u0153uvre la strat\u00e9gie en faveur des droits des personnes handicap\u00e9es est plus qu\u2019une simple \u00e9tape proc\u00e9durale : elle constitue une occasion essentielle de fa\u00e7onner la politique europ\u00e9enne du handicap jusqu\u2019en 2030 et de traduire les engagements par des changements r\u00e9els et effectifs fond\u00e9s sur les droits. Une large participation \u00e0 cette consultation contribuera \u00e0 rendre l\u2019autisme visible au sein de la strat\u00e9gie et \u00e0 garantir que l\u2019Union europ\u00e9enne et ses \u00c9tats membres respectent leurs obligations au titre de la Convention de l\u2019ONU relative aux droits des personnes handicap\u00e9es.<\/span><\/p>\n<h2><span style=\"font-size: 14pt\"><strong>Les demandes principales de la communaut\u00e9 de l\u2019autisme<\/strong><\/span><\/h2>\n<p><span style=\"font-size: 12pt\">Autisme-Europe appelle \u00e0 une prochaine phase renforc\u00e9e et cibl\u00e9e de la mise en \u0153uvre de la strat\u00e9gie en faveur des droits des personnes handicap\u00e9es, qui tienne compte des r\u00e9alit\u00e9s des personnes autistes de toute l\u2019Union europ\u00e9enne. Les priorit\u00e9s cl\u00e9s comprennent\u00a0:<\/span><\/p>\n<ul>\n<li><span style=\"font-size: 12pt\">Sensibilisation et formation : initiatives \u00e0 l\u2019\u00e9chelle de l\u2019UE pour lutter contre la stigmatisation, ainsi que des formations obligatoires sur l\u2019autisme et les droits des personnes handicap\u00e9es \u00e0 destination des professionnels, tant dans les services sp\u00e9cifiques \u00e0 l\u2019autisme que dans l\u2019ensemble des secteurs publics de droit commun\u00a0: \u00e9ducation, sant\u00e9, emploi et services publics.<\/span><\/li>\n<li><span style=\"font-size: 12pt\">Vie autonome et soutien de proximit\u00e9 : promotion de la d\u00e9sinstitutionnalisation\u00a0; augmentation des investissements dans des services implant\u00e9s dans la communaut\u00e9, centr\u00e9s sur la personne\u00a0; et renforcement du suivi des fonds de l\u2019UE afin de garantir l\u2019inclusion plut\u00f4t que la s\u00e9gr\u00e9gation.<\/span><\/li>\n<li><span style=\"font-size: 12pt\">Prise de d\u00e9cision accompagn\u00e9e : soutien au niveau de l\u2019UE pour aider les \u00c9tats membres \u00e0 passer des r\u00e9gimes de tutelle \u00e0 des syst\u00e8mes respectant l\u2019autonomie, la volont\u00e9 et les pr\u00e9f\u00e9rences des personnes autistes.<\/span><\/li>\n<li><span style=\"font-size: 12pt\">Libert\u00e9 de circulation et reconnaissance mutuelle : harmonisation des \u00e9valuations du handicap et reconnaissance mutuelle des diagnostics d\u2019autisme entre les pays de l\u2019UE afin de garantir pleinement les droits \u00e0 la mobilit\u00e9.<\/span><\/li>\n<li><span style=\"font-size: 12pt\">\u00c9ducation et emploi inclusifs : action de l\u2019UE pour promouvoir une \u00e9ducation inclusive, r\u00e9duire les disparit\u00e9s r\u00e9gionales et s\u2019attaquer aux taux extr\u00eamement faibles d\u2019emploi des adultes autistes.<\/span><\/li>\n<li><span style=\"font-size: 12pt\">Renforcement de l\u2019application des r\u00e8gles en mati\u00e8re d\u2019accessibilit\u00e9 : int\u00e9gration syst\u00e9matique de l\u2019accessibilit\u00e9 cognitive, sensorielle et de la communication, notamment par la cr\u00e9ation d\u2019une agence europ\u00e9enne permanente pour l\u2019accessibilit\u00e9<\/span><\/li>\n<li><span style=\"font-size: 12pt\">Participation et responsabilit\u00e9 : participation r\u00e9elle des personnes autistes et des organisations repr\u00e9sentatives \u00e0 la conception, \u00e0 la mise en \u0153uvre et \u00e0 l\u2019\u00e9valuation de la strat\u00e9gie, appuy\u00e9e par un suivi transparent et la collecte de donn\u00e9es.<\/span><\/li>\n<\/ul>\n<h2><span style=\"font-size: 12pt\"><strong><span style=\"font-size: 14pt\">Comment participer<\/span> <\/strong><\/span><\/h2>\n<p><span style=\"font-size: 12pt\">Vous pouvez r\u00e9pondre \u00e0 la consultation en tant qu\u2019individu ou en tant qu\u2019organisation (ou les deux\u00a0!). Pour soumettre votre r\u00e9ponse, il vous suffit de :<\/span><\/p>\n<ol>\n<li><span style=\"font-size: 12pt\">Cr\u00e9er un compte et de vous connecter au portail de la consultation : <a href=\"https:\/\/ec.europa.eu\/info\/law\/better-regulation\/have-your-say\/initiatives\/15452-Renforcement-de-la-strategie-en-faveur-des-droits-des-personnes-handicapees-jusquen-2030_fr\">Renforcement de la strat\u00e9gie en faveur des droits des personnes handicap\u00e9es jusqu\u2019en 2030<\/a> ;<\/span><\/li>\n<li><span style=\"font-size: 12pt\">S\u00e9lectionner votre choix de langue ;<\/span><\/li>\n<li><span style=\"font-size: 12pt\">R\u00e9pondez \u00e0 une ou aux deux parties de la consultation\u00a0:<\/span><\/li>\n<\/ol>\n<ul>\n<li><span style=\"font-size: 12pt\"><a href=\"https:\/\/ec.europa.eu\/info\/law\/better-regulation\/have-your-say\/initiatives\/15452-Renforcement-de-la-strategie-en-faveur-des-droits-des-personnes-handicapees-jusquen-2030\/addFeedback_fr?p_id=21209\">Soumettre des commentaires dans le cadre de l\u2019appel \u00e0 contributions <\/a>(court texte). Vous pouvez \u00e9galement joindre un document de position. N\u2019h\u00e9sitez pas \u00e0 t\u00e9l\u00e9charger le <a href=\"https:\/\/www.autismeurope.org\/wp-content\/uploads\/2026\/02\/AE-response-public-consultation-ESRP.pdf\">document de position d\u2019Autism-Europe<\/a> <\/span>et\/ou<\/li>\n<li><span style=\"font-size: 12pt\"><a href=\"https:\/\/ec.europa.eu\/eusurvey\/runner\/Enhancing_Disability_Strategy_2030?surveylanguage=fr\">compl\u00e9ter le questionnaire.<\/a><\/span><\/li>\n<\/ul>\n<p><span style=\"font-size: 12pt\">Il n\u2019est pas indispensable de compl\u00e9ter les deux parties de la consultation bien qu\u2019il soit vivement recommand\u00e9 de le faire.<\/span><\/p>\n<p><span style=\"font-size: 12pt\">Une forte mobilisation permettra non seulement d\u2019influencer la prochaine phase de la mise en \u0153uvre de la strat\u00e9gie, mais aussi de transmettre un message fort\u00a0: que les droits des personnes handicap\u00e9es, y compris des personnes autistes, comptent vraiment\u00a0!<\/span><\/p>\n<p><span style=\"font-size: 12pt\">Aller \u00e0 la\u00a0<a href=\"https:\/\/ec.europa.eu\/info\/law\/better-regulation\/have-your-say\/initiatives\/15452-Renforcement-de-la-strategie-en-faveur-des-droits-des-personnes-handicapees-jusquen-2030_fr\"><strong>page principale pour r\u00e9pondre \u00e0 la consultation<\/strong><\/a><strong>.<\/strong><\/span><\/p>\n","protected":false},"excerpt":{"rendered":"<p>La strat\u00e9gie de l\u2019UE en faveur les droits des personnes handicap\u00e9es 2021\u20132030 a permis des avanc\u00e9es importantes, notamment l\u2019adoption d\u2019une nouvelle l\u00e9gislation sur la carte europ\u00e9enne du handicap et la &hellip; <\/p>\n<p class=\"link-more\"><a href=\"https:\/\/www.autismeurope.org\/fr\/blog\/2026\/02\/04\/repondre-a-la-consultation-sur-la-deuxieme-phase-de-la-mise-en-oeuvre-de-la-strategie-en-faveur-des-droits-des-personnes-handicapees-2021-2030\/\" class=\"more-link\">Continue reading<span class=\"screen-reader-text\"> \u00ab\u00a0Participez \u00e0 la consultation sur la deuxi\u00e8me phase de la mise en \u0153uvre de la strat\u00e9gie en faveur des droits des personnes handicap\u00e9es 2021\u20132030\u00a0\u00bb<\/span><\/a><\/p>\n","protected":false},"author":32,"featured_media":50820,"comment_status":"closed","ping_status":"closed","sticky":false,"template":"","format":"standard","meta":{"_acf_changed":false,"_bbp_topic_count":0,"_bbp_reply_count":0,"_bbp_total_topic_count":0,"_bbp_total_reply_count":0,"_bbp_voice_count":0,"_bbp_anonymous_reply_count":0,"_bbp_topic_count_hidden":0,"_bbp_reply_count_hidden":0,"_bbp_forum_subforum_count":0,"footnotes":""},"categories":[95],"tags":[],"class_list":["post-50819","post","type-post","status-publish","format-standard","has-post-thumbnail","hentry","category-news-fr"],"acf":[],"_links":{"self":[{"href":"https:\/\/www.autismeurope.org\/fr\/wp-json\/wp\/v2\/posts\/50819","targetHints":{"allow":["GET"]}}],"collection":[{"href":"https:\/\/www.autismeurope.org\/fr\/wp-json\/wp\/v2\/posts"}],"about":[{"href":"https:\/\/www.autismeurope.org\/fr\/wp-json\/wp\/v2\/types\/post"}],"author":[{"embeddable":true,"href":"https:\/\/www.autismeurope.org\/fr\/wp-json\/wp\/v2\/users\/32"}],"replies":[{"embeddable":true,"href":"https:\/\/www.autismeurope.org\/fr\/wp-json\/wp\/v2\/comments?post=50819"}],"version-history":[{"count":3,"href":"https:\/\/www.autismeurope.org\/fr\/wp-json\/wp\/v2\/posts\/50819\/revisions"}],"predecessor-version":[{"id":50823,"href":"https:\/\/www.autismeurope.org\/fr\/wp-json\/wp\/v2\/posts\/50819\/revisions\/50823"}],"wp:featuredmedia":[{"embeddable":true,"href":"https:\/\/www.autismeurope.org\/fr\/wp-json\/wp\/v2\/media\/50820"}],"wp:attachment":[{"href":"https:\/\/www.autismeurope.org\/fr\/wp-json\/wp\/v2\/media?parent=50819"}],"wp:term":[{"taxonomy":"category","embeddable":true,"href":"https:\/\/www.autismeurope.org\/fr\/wp-json\/wp\/v2\/categories?post=50819"},{"taxonomy":"post_tag","embeddable":true,"href":"https:\/\/www.autismeurope.org\/fr\/wp-json\/wp\/v2\/tags?post=50819"}],"curies":[{"name":"wp","href":"https:\/\/api.w.org\/{rel}","templated":true}]}}