{"id":50935,"date":"2026-01-30T11:16:58","date_gmt":"2026-01-30T10:16:58","guid":{"rendered":"https:\/\/www.autismeurope.org\/fr\/?p=50935"},"modified":"2026-04-08T11:18:02","modified_gmt":"2026-04-08T09:18:02","slug":"lassemblee-parlementaire-du-conseil-de-leurope-appelle-a-lunanimite-au-retrait-du-projet-de-protocole-additionnel-sur-les-soins-psychiatriques-non-volontaires","status":"publish","type":"post","link":"https:\/\/www.autismeurope.org\/fr\/blog\/2026\/01\/30\/lassemblee-parlementaire-du-conseil-de-leurope-appelle-a-lunanimite-au-retrait-du-projet-de-protocole-additionnel-sur-les-soins-psychiatriques-non-volontaires\/","title":{"rendered":"L\u2019Assembl\u00e9e parlementaire du Conseil de l\u2019Europe appelle \u00e0 l\u2019unanimit\u00e9 au retrait du projet de protocole additionnel sur les soins psychiatriques non volontaires"},"content":{"rendered":"<blockquote><p><span style=\"font-size: 14pt\"><strong>Le 28 janvier 2026, l\u2019Assembl\u00e9e parlementaire du Conseil de l\u2019Europe (APCE), l\u2019organe parlementaire paneurop\u00e9en r\u00e9unissant les repr\u00e9sentants \u00e9lus des 46 \u00c9tats membres du Conseil de l\u2019Europe \u00e0 Strasbourg, en France, a rejet\u00e9 \u00e0 l\u2019unanimit\u00e9 le projet de protocole additionnel \u00e0 la Convention d\u2019Oviedo de 1997 sur les droits de l\u2019homme et la biom\u00e9decine, qui visait \u00e0 encadrer le placement et le traitement involontaires dans les services de sant\u00e9 mentale.<\/strong><\/span><\/p><\/blockquote>\n<p><span style=\"font-size: 12pt\">L\u2019APCE avait \u00e9t\u00e9 saisie par le Comit\u00e9 des Ministres du Conseil de l\u2019Europe, repr\u00e9sentant les 46 \u00c9tats membres, afin d\u2019obtenir son avis sur le projet de protocole \u00e0 la Convention d\u2019Oviedo sur les droits de l\u2019homme et la biom\u00e9decine, \u00e9labor\u00e9 par des experts intergouvernementaux. Dans sa d\u00e9cision, l\u2019Assembl\u00e9e a averti qu\u2019adopter un tel protocole <strong>\u00ab\u00a0rendrait plus difficile l\u2019abolition des pratiques coercitives\u00a0\u00bb<\/strong>\u00a0dans les services de sant\u00e9 mentale.<\/span><\/p>\n<p><span style=\"font-size: 12pt\">L\u2019avis, adopt\u00e9 par 63 voix pour et 3 abstentions (comme r\u00e9dig\u00e9 par la rapporteure <strong>Carmen Leyte<\/strong>, Espagne), reconna\u00eet la n\u00e9cessit\u00e9 de disposer de cadres clairs pour encadrer les <strong>mesures exceptionnelles et de dernier recours<\/strong>. Cependant, l\u2019APCE recommande vivement au Comit\u00e9 des Ministres <strong>d\u2019abandonner l\u2019approche par protocole<\/strong> et d\u2019envisager \u00e0 la place <strong>un instrument plus flexible<\/strong>, comme une recommandation. Il est indispensable que tout nouvel instrument soit enti\u00e8rement align\u00e9 sur la Convention des Nations Unies relative aux droits des personnes handicap\u00e9es (CDPH), y compris ses observations g\u00e9n\u00e9rales et lignes directrices.<\/span><\/p>\n<p><span style=\"font-size: 12pt\">Comme l\u2019a soulign\u00e9 l\u2019Assembl\u00e9e, <strong>tous les \u00c9tats membres du Conseil de l\u2019Europe ont ratifi\u00e9 la CDPH<\/strong> des Nations Unies, qui marque un v\u00e9ritable <strong>changement de paradigme<\/strong> en faveur du respect de l\u2019ind\u00e9pendance, de la dignit\u00e9 et de la capacit\u00e9 juridique des personnes handicap\u00e9es.<\/span><\/p>\n<h2><span style=\"font-size: 14pt\"><strong>Autisme\u2011Europe salue cette d\u00e9cision historique<\/strong><\/span><\/h2>\n<p><span style=\"font-size: 12pt\">Cet avis confirme ce qu\u2019<strong>Autisme-Europe<\/strong>, aux c\u00f4t\u00e9s de nombreuses organisations du secteur du handicap et de la sant\u00e9 mentale, affirme depuis des ann\u00e9es : le <strong>protocole propos\u00e9 n\u2019est pas conforme \u00e0 la CDPH des Nations Unies<\/strong>.<\/span><\/p>\n<p><span style=\"font-size: 12pt\">L\u2019Assembl\u00e9e parlementaire rejoint ainsi <a href=\"https:\/\/www.edf-feph.org\/publications\/open-letter-to-the-council-of-europes-committee-of-ministers-and-ministers-deputies-regarding-the-draft-additional-protocol-to-the-oviedo-convention\/\">l\u2019opposition ferme de la soci\u00e9t\u00e9 civile<\/a>, des <a href=\"http:\/\/onlinelibrary.wiley.com\/journal\/10.1002\/%28ISSN%292051-5545\">professionnels de la sant\u00e9 mentale<\/a>, <a href=\"https:\/\/rm.coe.int\/hearing-on-deinstitutionalisation-of-persons-with-disabilities-organis\/1680a1c779\">du Commissaire aux droits de l\u2019homme<\/a> du Conseil de l\u2019Europe, du <a href=\"https:\/\/www.ohchr.org\/sites\/default\/files\/documents\/hrbodies\/crpd\/statements\/update-description-open_letter_add_prot_ovi_conv-15_01-2025.docx\">Comit\u00e9 des Nations unies sur les droits des personnes handicap\u00e9es<\/a>, ainsi que de certains \u00c9tats membres du Conseil de l\u2019Europe, comme la <a href=\"https:\/\/www.hrw.org\/news\/2018\/09\/06\/bulgaria-stands-rights-people-disabilities#:~:text=The%20country's%20key%20message%20was,truly%20be%20a%20happy%20end.\">Bulgarie<\/a>.<\/span><\/p>\n<p><span style=\"font-size: 12pt\">Autisme-Europe s\u2019est activement impliqu\u00e9e dans la campagne <strong>\u00ab Withdraw Oviedo \u00bb<\/strong> visant l\u2019abandon du projet de protocole additionnel, aux c\u00f4t\u00e9s de Mental Health Europe (MHE), du Forum europ\u00e9en sur le handicap (EDF), d\u2019Inclusion Europe (IE) et de nombreuses autres organisations, veillant \u00e0 ce que les voix des personnes handicap\u00e9es (sur le plan psychosocial ou autre) restent au c\u0153ur des d\u00e9cisions qui impactent directement leur vie.<\/span><\/p>\n<p><span style=\"font-size: 12pt\">L\u2019opposition au projet de protocole additionnel repose sur le fait qu\u2019il <a href=\"https:\/\/pace.coe.int\/en\/files\/27701\/html#_TOC_d30e181\">risquerait de consolider et d\u2019accroitre l\u2019incidence des placements et traitements psychiatriques involontaires.<\/a> Le traitement et le placement forc\u00e9s, ou toute forme de coercition fond\u00e9e sur le handicap, constituent une violation grave des droits humains. En outre, cela risque de p\u00e9renniser l\u2019institutionnalisation des personnes en situation de handicap. Le protocole viole directement des accords internationaux relatifs aux droits humains tels que la CDPH des Nations Unies, ce qui pose de s\u00e9rieux conflits juridiques.<\/span><\/p>\n<p><span style=\"font-size: 12pt\">Ceux qui cherchent \u00e0 promouvoir ce protocole ignorent ses pr\u00e9judices in\u00e9vitables ainsi que les alternatives viables \u00e0 la coercition, telles que pr\u00e9sent\u00e9es dans l\u2019initiative <a href=\"https:\/\/www.who.int\/publications\/i\/item\/who-qualityrights-guidance-and-training-tools\">QualityRights de l\u2019OMS<\/a> et dans le rapport Compendium du Conseil de l\u2019Europe : <a href=\"https:\/\/www.coe.int\/en\/web\/human-rights-and-biomedicine\/compendium-report-good-practices-in-the-council-of-europe-to-promote-voluntary-measures-in-mental-health-\"><em>Bonnes pratiques pour promouvoir les mesures volontaires dans les services de sant\u00e9 mentale<\/em><\/a>.<\/span><\/p>\n<h2><span style=\"font-size: 14pt\"><strong>L\u2019Europe d\u00e9livre un message clair<\/strong><\/span><\/h2>\n<p><span style=\"font-size: 12pt\">Autism-Europe se joint \u00e0 l\u2019appel lanc\u00e9 par d\u2019autres associations de d\u00e9fense des droits des personnes handicap\u00e9es et de la sant\u00e9 mentale aupr\u00e8s du Comit\u00e9 des Ministres du Conseil de l\u2019Europe, afin qu\u2019il retire le projet de protocole additionnel lors de sa prochaine r\u00e9union. <strong>Nous sommes particuli\u00e8rement pr\u00e9occup\u00e9s par le fait que les derni\u00e8res informations re\u00e7ues indiquent que le Comit\u00e9 des Ministres pourrait ignorer cet avis et adopter malgr\u00e9 tout le protocole additionnel<\/strong>.<\/span><\/p>\n<p><span style=\"font-size: 12pt\">L\u2019adoption de ce protocole serait pr\u00e9judiciable pour les personnes \u00e0 travers l\u2019Europe. Son retrait permettrait au continent de s\u2019inscrire dans le mouvement en faveur de services et de syst\u00e8mes de sant\u00e9 mentale bas\u00e9s sur les droits humains.<\/span><\/p>\n<h2><span style=\"font-size: 14pt\"><strong>La voie \u00e0 suivre : investir dans un soutien implant\u00e9 dans la communaut\u00e9 et fond\u00e9 sur les droits<\/strong><\/span><\/h2>\n<p><span style=\"font-size: 12pt\">L\u2019Europe a d\u00e9sormais l\u2019opportunit\u00e9 de choisir une voie diff\u00e9rente : celle qui investit, en sant\u00e9 mentale, dans du soutien <strong>volontaire, implant\u00e9 dans la communaut\u00e9 et centr\u00e9 sur la personne<\/strong> et qui respecte l\u2019autonomie, la dignit\u00e9 et la capacit\u00e9 juridique.<\/span><\/p>\n<p><span style=\"font-size: 12pt\">Tout compromis en de\u00e7\u00e0 de cela repr\u00e9senterait un recul pour les droits humains.<\/span><\/p>\n<p><span style=\"font-size: 12pt\">Autisme-Europe continuera de travailler avec ses partenaires pour veiller \u00e0 ce que les politiques et pratiques en mati\u00e8re de sant\u00e9 mentale \u00e0 travers l\u2019Europe soient conformes \u00e0 la CDPH des Nations Unies et tiennent compte des exp\u00e9riences v\u00e9cues par les personnes handicap\u00e9es.<\/span><\/p>\n<p><span style=\"font-size: 12pt\">Regarder le d\u00e9bat de l\u2019APCE <a href=\"https:\/\/vodmanager.coe.int\/coe\/webcast\/coe\/2026-01-28-2\/en\/48\">ici<\/a>.<\/span><\/p>\n<p><span style=\"font-size: 12pt\">Lire l\u2019avis adopt\u00e9 par l\u2019APCE <a href=\"https:\/\/pace.coe.int\/en\/files\/35875\/html\">ici<\/a>.<\/span><\/p>\n","protected":false},"excerpt":{"rendered":"<p>Le 28 janvier 2026, l\u2019Assembl\u00e9e parlementaire du Conseil de l\u2019Europe (APCE), l\u2019organe parlementaire paneurop\u00e9en r\u00e9unissant les repr\u00e9sentants \u00e9lus des 46 \u00c9tats membres du Conseil de l\u2019Europe \u00e0 Strasbourg, en France, &hellip; <\/p>\n<p class=\"link-more\"><a href=\"https:\/\/www.autismeurope.org\/fr\/blog\/2026\/01\/30\/lassemblee-parlementaire-du-conseil-de-leurope-appelle-a-lunanimite-au-retrait-du-projet-de-protocole-additionnel-sur-les-soins-psychiatriques-non-volontaires\/\" class=\"more-link\">Continue reading<span class=\"screen-reader-text\"> \u00ab\u00a0L\u2019Assembl\u00e9e parlementaire du Conseil de l\u2019Europe appelle \u00e0 l\u2019unanimit\u00e9 au retrait du projet de protocole additionnel sur les soins psychiatriques non volontaires\u00a0\u00bb<\/span><\/a><\/p>\n","protected":false},"author":32,"featured_media":50791,"comment_status":"closed","ping_status":"closed","sticky":false,"template":"","format":"standard","meta":{"_acf_changed":false,"_bbp_topic_count":0,"_bbp_reply_count":0,"_bbp_total_topic_count":0,"_bbp_total_reply_count":0,"_bbp_voice_count":0,"_bbp_anonymous_reply_count":0,"_bbp_topic_count_hidden":0,"_bbp_reply_count_hidden":0,"_bbp_forum_subforum_count":0,"footnotes":""},"categories":[95],"tags":[],"class_list":["post-50935","post","type-post","status-publish","format-standard","has-post-thumbnail","hentry","category-news-fr"],"acf":[],"_links":{"self":[{"href":"https:\/\/www.autismeurope.org\/fr\/wp-json\/wp\/v2\/posts\/50935","targetHints":{"allow":["GET"]}}],"collection":[{"href":"https:\/\/www.autismeurope.org\/fr\/wp-json\/wp\/v2\/posts"}],"about":[{"href":"https:\/\/www.autismeurope.org\/fr\/wp-json\/wp\/v2\/types\/post"}],"author":[{"embeddable":true,"href":"https:\/\/www.autismeurope.org\/fr\/wp-json\/wp\/v2\/users\/32"}],"replies":[{"embeddable":true,"href":"https:\/\/www.autismeurope.org\/fr\/wp-json\/wp\/v2\/comments?post=50935"}],"version-history":[{"count":2,"href":"https:\/\/www.autismeurope.org\/fr\/wp-json\/wp\/v2\/posts\/50935\/revisions"}],"predecessor-version":[{"id":50937,"href":"https:\/\/www.autismeurope.org\/fr\/wp-json\/wp\/v2\/posts\/50935\/revisions\/50937"}],"wp:featuredmedia":[{"embeddable":true,"href":"https:\/\/www.autismeurope.org\/fr\/wp-json\/wp\/v2\/media\/50791"}],"wp:attachment":[{"href":"https:\/\/www.autismeurope.org\/fr\/wp-json\/wp\/v2\/media?parent=50935"}],"wp:term":[{"taxonomy":"category","embeddable":true,"href":"https:\/\/www.autismeurope.org\/fr\/wp-json\/wp\/v2\/categories?post=50935"},{"taxonomy":"post_tag","embeddable":true,"href":"https:\/\/www.autismeurope.org\/fr\/wp-json\/wp\/v2\/tags?post=50935"}],"curies":[{"name":"wp","href":"https:\/\/api.w.org\/{rel}","templated":true}]}}