{"id":5151,"date":"2016-09-30T12:21:37","date_gmt":"2016-09-30T10:21:37","guid":{"rendered":"http:\/\/www.autismeurope.org\/fr\/?p=5151"},"modified":"2018-08-13T15:31:09","modified_gmt":"2018-08-13T13:31:09","slug":"le-vice-presidente-dautisme-europe-donne-des-formations-en-pologne","status":"publish","type":"post","link":"https:\/\/www.autismeurope.org\/fr\/blog\/2016\/09\/30\/le-vice-presidente-dautisme-europe-donne-des-formations-en-pologne\/","title":{"rendered":"Le Vice-pr\u00e9sidente d\u2019Autisme-Europe donne des  formations en Pologne"},"content":{"rendered":"<blockquote><p><strong><span style=\"font-size: 12pt\">En septembre 2016, le Vice-pr\u00e9sident d\u2019Autisme-Europe Pietro Cirrincione, a donn\u00e9 deux formations \u00e0 des repr\u00e9sentants d\u2019organisations de personnes handicap\u00e9es \u00e0 Varsovie et Bratislava dans le cadre du projet \u00ab\u00a0Implementation of the UN Convention on the Rights of Persons with Disabilities \u2013 a common cause\u00a0\u00bb (Mise en \u0153uvre de la Convention de l\u2019ONU relative aux Droits des Personnes Handicap\u00e9es\u00a0: une cause commune). Cette formation visait \u00e0 aider les organisations de la soci\u00e9t\u00e9 civile \u00e0 mieux repr\u00e9senter les int\u00e9r\u00eats des personnes avec autisme lors du suivi de la mise en \u0153uvre de la CNUDPH en Pologne.<\/span><\/strong><\/p><\/blockquote>\n<p><span style=\"font-size: 12pt\">La CNUDPH a \u00e9t\u00e9 ratifi\u00e9e par la Pologne en septembre 2012. Le projet, g\u00e9r\u00e9 par le Conseil polonais sur le handicap, vise \u00e0 promouvoir une mise en \u0153uvre optimale de la CNUDPH en encourageant la participation des personnes handicap\u00e9es dans le suivi de la convention et, d\u2019une mani\u00e8re plus globale, en encourageant leur participation dans la vie publique et politique.<\/span><\/p>\n<p><span style=\"font-size: 12pt\">Le projet est mis en \u0153uvre dans le cadre du Programme op\u00e9rationnel consacr\u00e9 \u00e0 la connaissance, \u00e0 l\u2019\u00e9ducation et au d\u00e9veloppement 2014-2020, axe prioritaire II.<\/span><\/p>\n<blockquote><p><span style=\"font-size: 12pt\"><strong><a href=\"http:\/\/autismeurope.akimedia.eu\/what-we-do\/rights-promotion\/un-crpd-monitoring\/\" target=\"_blank\" rel=\"noopener\">Plus d&rsquo;information<\/a><\/strong><\/span><\/p>\n<p><span style=\"font-size: 12pt\"><strong><a href=\"http:\/\/autismeurope.akimedia.eu\/wp-content\/uploads\/2017\/09\/implementing-uncrpd-for-autism-spectrum-conference-pdf.pdf\" target=\"_blank\" rel=\"noopener\">T\u00e9l\u00e9charger la pr\u00e9sentation de Pietro Cirrincione<\/a><\/strong><\/span><\/p><\/blockquote>\n","protected":false},"excerpt":{"rendered":"<p>En septembre 2016, le Vice-pr\u00e9sident d\u2019Autisme-Europe Pietro Cirrincione, a donn\u00e9 deux formations \u00e0 des repr\u00e9sentants d\u2019organisations de personnes handicap\u00e9es \u00e0 Varsovie et Bratislava dans le cadre du projet \u00ab\u00a0Implementation of &hellip; <\/p>\n<p class=\"link-more\"><a href=\"https:\/\/www.autismeurope.org\/fr\/blog\/2016\/09\/30\/le-vice-presidente-dautisme-europe-donne-des-formations-en-pologne\/\" class=\"more-link\">Continue reading<span class=\"screen-reader-text\"> \u00ab\u00a0Le Vice-pr\u00e9sidente d\u2019Autisme-Europe donne des  formations en Pologne\u00a0\u00bb<\/span><\/a><\/p>\n","protected":false},"author":32,"featured_media":3429,"comment_status":"closed","ping_status":"closed","sticky":false,"template":"","format":"standard","meta":{"_acf_changed":false,"_bbp_topic_count":0,"_bbp_reply_count":0,"_bbp_total_topic_count":0,"_bbp_total_reply_count":0,"_bbp_voice_count":0,"_bbp_anonymous_reply_count":0,"_bbp_topic_count_hidden":0,"_bbp_reply_count_hidden":0,"_bbp_forum_subforum_count":0,"footnotes":""},"categories":[95],"tags":[2720,2774,2773,2771,2777],"class_list":["post-5151","post","type-post","status-publish","format-standard","has-post-thumbnail","hentry","category-news-fr","tag-cnudph","tag-evenements-et-formations","tag-partenariats-et-reseaux-europeens","tag-plaidoyer","tag-promotion-des-droits"],"acf":[],"_links":{"self":[{"href":"https:\/\/www.autismeurope.org\/fr\/wp-json\/wp\/v2\/posts\/5151","targetHints":{"allow":["GET"]}}],"collection":[{"href":"https:\/\/www.autismeurope.org\/fr\/wp-json\/wp\/v2\/posts"}],"about":[{"href":"https:\/\/www.autismeurope.org\/fr\/wp-json\/wp\/v2\/types\/post"}],"author":[{"embeddable":true,"href":"https:\/\/www.autismeurope.org\/fr\/wp-json\/wp\/v2\/users\/32"}],"replies":[{"embeddable":true,"href":"https:\/\/www.autismeurope.org\/fr\/wp-json\/wp\/v2\/comments?post=5151"}],"version-history":[{"count":2,"href":"https:\/\/www.autismeurope.org\/fr\/wp-json\/wp\/v2\/posts\/5151\/revisions"}],"predecessor-version":[{"id":27382,"href":"https:\/\/www.autismeurope.org\/fr\/wp-json\/wp\/v2\/posts\/5151\/revisions\/27382"}],"wp:featuredmedia":[{"embeddable":true,"href":"https:\/\/www.autismeurope.org\/fr\/wp-json\/wp\/v2\/media\/3429"}],"wp:attachment":[{"href":"https:\/\/www.autismeurope.org\/fr\/wp-json\/wp\/v2\/media?parent=5151"}],"wp:term":[{"taxonomy":"category","embeddable":true,"href":"https:\/\/www.autismeurope.org\/fr\/wp-json\/wp\/v2\/categories?post=5151"},{"taxonomy":"post_tag","embeddable":true,"href":"https:\/\/www.autismeurope.org\/fr\/wp-json\/wp\/v2\/tags?post=5151"}],"curies":[{"name":"wp","href":"https:\/\/api.w.org\/{rel}","templated":true}]}}