{"id":5162,"date":"2016-09-20T11:09:35","date_gmt":"2016-09-20T09:09:35","guid":{"rendered":"http:\/\/www.autismeurope.org\/fr\/?p=5162"},"modified":"2018-08-13T15:35:14","modified_gmt":"2018-08-13T13:35:14","slug":"les-partenaires-du-projet-asdeu-presentent-leur-progres","status":"publish","type":"post","link":"https:\/\/www.autismeurope.org\/fr\/blog\/2016\/09\/20\/les-partenaires-du-projet-asdeu-presentent-leur-progres\/","title":{"rendered":"Les partenaires du projet ASDEU pr\u00e9sentent leur progr\u00e8s"},"content":{"rendered":"<p><span style=\"font-size: 12pt\"><img loading=\"lazy\" decoding=\"async\" class=\"aligncenter wp-image-1244 size-full\" src=\"http:\/\/autismeurope.akimedia.eu\/wp-content\/uploads\/2017\/08\/ASDEU_logo.jpg\" alt=\"\" width=\"720\" height=\"204\" srcset=\"https:\/\/www.autismeurope.org\/wp-content\/uploads\/2017\/08\/ASDEU_logo.jpg 720w, https:\/\/www.autismeurope.org\/wp-content\/uploads\/2017\/08\/ASDEU_logo-300x85.jpg 300w\" sizes=\"auto, (max-width: 720px) 100vw, 720px\" \/><\/span><\/p>\n<blockquote><p><strong><span style=\"font-size: 12pt\">Un peu plus d\u2019un an et demi apr\u00e8s la cr\u00e9ation du programme ASDEU (Autism Spectrum Disorders in Europe), les partenaires du projets se sont rendus au Congr\u00e8s international d\u2019Autisme-Europe pour y pr\u00e9senter leurs avanc\u00e9es jusqu\u2019\u00e0 ce jour et les attentes futures dans un colloque intitul\u00e9 \u00ab\u00a0<a href=\"http:\/\/programme.exordo.com\/autismeurope2016\/delegates\/keynote\/10\/\"><em>ASDEU and EU AIMS research projects: results and future impact<\/em>\u00a0\u00bb<\/a> (Projets de recherche ASDEU et EU AIMS\u00a0: r\u00e9sultats et incidence future).<\/span><\/strong><\/p><\/blockquote>\n<p><span style=\"font-size: 12pt\">Ce programme de trois ans, financ\u00e9 par la Commission europ\u00e9enne et g\u00e9r\u00e9 par un <a href=\"http:\/\/asdeu.eu\/all-partners\/\">consortium de 20 groupes issus de 14 pays<\/a>, esp\u00e8re contribuer \u00e0 une meilleure compr\u00e9hension de l\u2019autisme\u00a0 et \u00e0 une r\u00e9ponse plus ad\u00e9quate vis-\u00e0-vis de cette condition.\u00a0 Pour ce faire, le programme \u00e9tudie la pr\u00e9valence de l\u2019autisme en Europe\u00a0; analyse les co\u00fbts \u00e9conomiques et sociaux\u00a0; r\u00e9examine les dispositions existantes et les propositions d\u2019\u00e9laboration pour les programmes de d\u00e9tection pr\u00e9coce\u00a0; forme les professionnels\u00a0; favorise une meilleure connaissance du diagnostic, des comorbidit\u00e9s et de ce en quoi consiste une prise en charge et un soutien efficaces pour les adultes et les personnes \u00e2g\u00e9es avec autisme.<\/span><\/p>\n<p><span style=\"font-size: 12pt\">Autisme-Europe est responsable de la phase de travail 4 qui consiste \u00e0 relever les politiques au sein de l\u2019UE, ce qui a permis de fournir une revue compl\u00e8te des politiques actuelles mise en place \u00e0 travers l\u2019UE pour le b\u00e9n\u00e9fice des personnes avec autisme et de leurs familles. Ce travail de recherche comportait une consultation des parties prenantes, laquelle a eu lieu dans le cadre de l\u2019Assembl\u00e9e G\u00e9n\u00e9rale d\u2019Autisme-Europe en mai 2016, ainsi qu\u2019un vaste sondage en ligne \u00e0 l\u2019intention des parents, des auto-repr\u00e9sentants et des professionnels auquel ont r\u00e9pondu presqu\u2019un milier de personnes \u00e0 travers l\u2019Europe. <\/span><\/p>\n<p><span style=\"font-size: 12pt\">Dans la prochaine phase du projet, Autisme-Europe identifiera les meilleures pratiques dans les politiques en faveur des personnes avec autisme et leurs familles, ainsi que la mani\u00e8re dont le Programme de sant\u00e9 de l\u2019UE peut r\u00e9pondre aux besoins communs et combler les lacunes.<\/span><\/p>\n<p><span style=\"font-size: 12pt\">Outre la pr\u00e9sentation au colloque, diff\u00e9rents partenaires ont aussi pr\u00e9sent\u00e9 les r\u00e9sultats des activit\u00e9s ASDEU sur poster et par communications orales.<\/span><\/p>\n<blockquote><p><span style=\"font-size: 12pt\"> <strong><a href=\"http:\/\/asdeu.eu\/\" target=\"_blank\" rel=\"noopener\">En savoir plus<\/a> (anglais et espagnol)<\/strong><\/span><\/p><\/blockquote>\n","protected":false},"excerpt":{"rendered":"<p>Un peu plus d\u2019un an et demi apr\u00e8s la cr\u00e9ation du programme ASDEU (Autism Spectrum Disorders in Europe), les partenaires du projets se sont rendus au Congr\u00e8s international d\u2019Autisme-Europe pour &hellip; <\/p>\n<p class=\"link-more\"><a href=\"https:\/\/www.autismeurope.org\/fr\/blog\/2016\/09\/20\/les-partenaires-du-projet-asdeu-presentent-leur-progres\/\" class=\"more-link\">Continue reading<span class=\"screen-reader-text\"> \u00ab\u00a0Les partenaires du projet ASDEU pr\u00e9sentent leur progr\u00e8s\u00a0\u00bb<\/span><\/a><\/p>\n","protected":false},"author":32,"featured_media":243,"comment_status":"closed","ping_status":"closed","sticky":false,"template":"","format":"standard","meta":{"_acf_changed":false,"_bbp_topic_count":0,"_bbp_reply_count":0,"_bbp_total_topic_count":0,"_bbp_total_reply_count":0,"_bbp_voice_count":0,"_bbp_anonymous_reply_count":0,"_bbp_topic_count_hidden":0,"_bbp_reply_count_hidden":0,"_bbp_forum_subforum_count":0,"footnotes":""},"categories":[95],"tags":[2770,2686,2698,2771,2699,2777],"class_list":["post-5162","post","type-post","status-publish","format-standard","has-post-thumbnail","hentry","category-news-fr","tag-actions-por-le-bien-etre","tag-activites-ae","tag-institutions-europeennes","tag-plaidoyer","tag-projets-europeens","tag-promotion-des-droits"],"acf":[],"_links":{"self":[{"href":"https:\/\/www.autismeurope.org\/fr\/wp-json\/wp\/v2\/posts\/5162","targetHints":{"allow":["GET"]}}],"collection":[{"href":"https:\/\/www.autismeurope.org\/fr\/wp-json\/wp\/v2\/posts"}],"about":[{"href":"https:\/\/www.autismeurope.org\/fr\/wp-json\/wp\/v2\/types\/post"}],"author":[{"embeddable":true,"href":"https:\/\/www.autismeurope.org\/fr\/wp-json\/wp\/v2\/users\/32"}],"replies":[{"embeddable":true,"href":"https:\/\/www.autismeurope.org\/fr\/wp-json\/wp\/v2\/comments?post=5162"}],"version-history":[{"count":2,"href":"https:\/\/www.autismeurope.org\/fr\/wp-json\/wp\/v2\/posts\/5162\/revisions"}],"predecessor-version":[{"id":27387,"href":"https:\/\/www.autismeurope.org\/fr\/wp-json\/wp\/v2\/posts\/5162\/revisions\/27387"}],"wp:featuredmedia":[{"embeddable":true,"href":"https:\/\/www.autismeurope.org\/fr\/wp-json\/wp\/v2\/media\/243"}],"wp:attachment":[{"href":"https:\/\/www.autismeurope.org\/fr\/wp-json\/wp\/v2\/media?parent=5162"}],"wp:term":[{"taxonomy":"category","embeddable":true,"href":"https:\/\/www.autismeurope.org\/fr\/wp-json\/wp\/v2\/categories?post=5162"},{"taxonomy":"post_tag","embeddable":true,"href":"https:\/\/www.autismeurope.org\/fr\/wp-json\/wp\/v2\/tags?post=5162"}],"curies":[{"name":"wp","href":"https:\/\/api.w.org\/{rel}","templated":true}]}}