{"id":5175,"date":"2016-07-15T13:44:25","date_gmt":"2016-07-15T11:44:25","guid":{"rendered":"http:\/\/www.autismeurope.org\/fr\/?p=5175"},"modified":"2018-08-13T15:42:53","modified_gmt":"2018-08-13T13:42:53","slug":"lancement-du-prix-europeen-des-villes-accessibles-2017","status":"publish","type":"post","link":"https:\/\/www.autismeurope.org\/fr\/blog\/2016\/07\/15\/lancement-du-prix-europeen-des-villes-accessibles-2017\/","title":{"rendered":"Lancement du Prix europ\u00e9en des Villes accessibles 2017"},"content":{"rendered":"<blockquote><p><strong><span style=\"font-size: 12pt\">En juin, la Commission europ\u00e9enne a lanc\u00e9 l\u2019appel \u00e0 candidatures pour le concours 2017 des villes les plus accessible aux personnes handicap\u00e9es et \u00e2g\u00e9es. Les villes europ\u00e9ennes de plus de 50 000 habitants ont \u00e9t\u00e9 invit\u00e9es \u00e0 soumettre leur candidature avant le 8 septembre. Cette ann\u00e9e, les prix seront d\u00e9cern\u00e9s \u00e0 cinq villes de l\u2019UE lors d\u2019une c\u00e9r\u00e9monie qui se tiendra pendant la Conf\u00e9rence du 29 novembre 2016, organis\u00e9e dans le cadre de la Journ\u00e9e Europ\u00e9enne des Personnes Handicap\u00e9es.<\/span><\/strong><\/p><\/blockquote>\n<p><img loading=\"lazy\" decoding=\"async\" class=\"aligncenter wp-image-3494\" src=\"http:\/\/autismeurope.akimedia.eu\/wp-content\/uploads\/2017\/09\/Access_City_Award.jpg\" alt=\"\" width=\"500\" height=\"379\" srcset=\"https:\/\/www.autismeurope.org\/wp-content\/uploads\/2017\/09\/Access_City_Award.jpg 800w, https:\/\/www.autismeurope.org\/wp-content\/uploads\/2017\/09\/Access_City_Award-300x228.jpg 300w, https:\/\/www.autismeurope.org\/wp-content\/uploads\/2017\/09\/Access_City_Award-768x583.jpg 768w\" sizes=\"auto, (max-width: 500px) 100vw, 500px\" \/><\/p>\n<p><span style=\"font-size: 12pt\">Les villes laur\u00e9ates seront r\u00e9compens\u00e9es pour leurs efforts pour rendre plus facile aux personnes handicap\u00e9es et \u00e2g\u00e9es d\u2019avoir acc\u00e8s aux espaces publics et priv\u00e9s tel que le logement, les aires de jeux pour les enfants, les environnements de travail, les transports en commun et les technologies de l\u2019information.<\/span><\/p>\n<p><span style=\"font-size: 12pt\">La Commissaire pour l\u2019emploi, les affaires sociales, les comp\u00e9tences et la mobilit\u00e9 des travailleurs Marianne Thyssen a d\u00e9clar\u00e9\u00a0: \u00ab\u00a0Un europ\u00e9en sur six est en situation de handicap. L\u2019ann\u00e9e derni\u00e8re, la Commission a propos\u00e9 l\u2019Acte europ\u00e9en sur l\u2019accessibilit\u00e9 en vue de renforcer l\u2019inclusion sociale et l\u2019autonomie des personnes handicap\u00e9es. De nombreuses pratiques innovantes, d\u00e9velopp\u00e9es par des villes europ\u00e9ennes pour rendre les environnements de vie et de travail accessibles sont \u00e9galement le moteur de l\u2019accessibilit\u00e9. Pour mettre en avant ces bonnes pratiques et inspirer le d\u00e9veloppement urbain en Europe, j\u2019encourage le plus grand nombre possible de villes \u00e0 soumettre leur candidature pour le Prix europ\u00e9en 2017 des Villes les plus accessibles.\u00a0\u00bb Le Prix des Villes les plus accessibles est organis\u00e9 par la Commission europ\u00e9enne, en collaboration avec le Forum Europ\u00e9en des Personnes Handicap\u00e9es.\u00a0<\/span><\/p>\n<blockquote><p><span style=\"font-size: 12pt\"><strong><a href=\"http:\/\/ec.europa.eu\/social\/main.jsp?langId=en&amp;catId=88&amp;eventsId=1113\" target=\"_blank\" rel=\"noopener\">En savoir plus<\/a><\/strong><\/span><\/p><\/blockquote>\n","protected":false},"excerpt":{"rendered":"<p>En juin, la Commission europ\u00e9enne a lanc\u00e9 l\u2019appel \u00e0 candidatures pour le concours 2017 des villes les plus accessible aux personnes handicap\u00e9es et \u00e2g\u00e9es. Les villes europ\u00e9ennes de plus de &hellip; <\/p>\n<p class=\"link-more\"><a href=\"https:\/\/www.autismeurope.org\/fr\/blog\/2016\/07\/15\/lancement-du-prix-europeen-des-villes-accessibles-2017\/\" class=\"more-link\">Continue reading<span class=\"screen-reader-text\"> \u00ab\u00a0Lancement du Prix europ\u00e9en des Villes accessibles 2017\u00a0\u00bb<\/span><\/a><\/p>\n","protected":false},"author":32,"featured_media":3417,"comment_status":"closed","ping_status":"closed","sticky":false,"template":"","format":"standard","meta":{"_acf_changed":false,"_bbp_topic_count":0,"_bbp_reply_count":0,"_bbp_total_topic_count":0,"_bbp_total_reply_count":0,"_bbp_voice_count":0,"_bbp_anonymous_reply_count":0,"_bbp_topic_count_hidden":0,"_bbp_reply_count_hidden":0,"_bbp_forum_subforum_count":0,"footnotes":""},"categories":[95],"tags":[2770,2698,2771,2772],"class_list":["post-5175","post","type-post","status-publish","format-standard","has-post-thumbnail","hentry","category-news-fr","tag-actions-por-le-bien-etre","tag-institutions-europeennes","tag-plaidoyer","tag-sensibilisation"],"acf":[],"_links":{"self":[{"href":"https:\/\/www.autismeurope.org\/fr\/wp-json\/wp\/v2\/posts\/5175","targetHints":{"allow":["GET"]}}],"collection":[{"href":"https:\/\/www.autismeurope.org\/fr\/wp-json\/wp\/v2\/posts"}],"about":[{"href":"https:\/\/www.autismeurope.org\/fr\/wp-json\/wp\/v2\/types\/post"}],"author":[{"embeddable":true,"href":"https:\/\/www.autismeurope.org\/fr\/wp-json\/wp\/v2\/users\/32"}],"replies":[{"embeddable":true,"href":"https:\/\/www.autismeurope.org\/fr\/wp-json\/wp\/v2\/comments?post=5175"}],"version-history":[{"count":2,"href":"https:\/\/www.autismeurope.org\/fr\/wp-json\/wp\/v2\/posts\/5175\/revisions"}],"predecessor-version":[{"id":27391,"href":"https:\/\/www.autismeurope.org\/fr\/wp-json\/wp\/v2\/posts\/5175\/revisions\/27391"}],"wp:featuredmedia":[{"embeddable":true,"href":"https:\/\/www.autismeurope.org\/fr\/wp-json\/wp\/v2\/media\/3417"}],"wp:attachment":[{"href":"https:\/\/www.autismeurope.org\/fr\/wp-json\/wp\/v2\/media?parent=5175"}],"wp:term":[{"taxonomy":"category","embeddable":true,"href":"https:\/\/www.autismeurope.org\/fr\/wp-json\/wp\/v2\/categories?post=5175"},{"taxonomy":"post_tag","embeddable":true,"href":"https:\/\/www.autismeurope.org\/fr\/wp-json\/wp\/v2\/tags?post=5175"}],"curies":[{"name":"wp","href":"https:\/\/api.w.org\/{rel}","templated":true}]}}