{"id":5192,"date":"2016-05-09T10:28:33","date_gmt":"2016-05-09T08:28:33","guid":{"rendered":"http:\/\/www.autismeurope.org\/fr\/?p=5192"},"modified":"2018-08-14T10:50:58","modified_gmt":"2018-08-14T08:50:58","slug":"ae-accueillit-quatre-nouveaux-asociations-membres-de-trois-nouveaux-pays","status":"publish","type":"post","link":"https:\/\/www.autismeurope.org\/fr\/blog\/2016\/05\/09\/ae-accueillit-quatre-nouveaux-asociations-membres-de-trois-nouveaux-pays\/","title":{"rendered":"AE accueillit quatre nouveaux asociations membres de trois nouveaux pays"},"content":{"rendered":"<blockquote><p><strong><span style=\"font-size: 12pt\">Les associations <a href=\"https:\/\/www.facebook.com\/lietausvaikai\/\" target=\"_blank\" rel=\"noopener\">Lietaus Vaikai<\/a> (Lituanie), <a href=\"https:\/\/www.autismtoday-bg.eu\/\" target=\"_blank\" rel=\"noopener\">Autism Today<\/a> (Bulgarie), <a href=\"http:\/\/jim.org\/\" target=\"_blank\" rel=\"noopener\">JiM Foundation<\/a> (Pologne) et Qudurati Centre (Arabie Saoudite) sont d\u00e9sormais des membres officiels d\u2019Autisme-Europe, suite \u00e0 la derni\u00e8re Assembl\u00e9e g\u00e9n\u00e9rale d&rsquo;Autisme-Europe (AE) et la r\u00e9union du Conseil d&rsquo;administration qui ont eu lieu \u00e0 Pula (Sardaigne, Italie) entre le 6 et 7 mai 2016.<\/span><\/strong><\/p><\/blockquote>\n<p><span style=\"font-size: 12pt\">Les r\u00e9unions, auxquelles ont particip\u00e9 plus de 50 membres d&rsquo;AE, ont \u00e9t\u00e9 accueillies par l&rsquo;Association <a href=\"http:\/\/www.diversamenteonlus.org\/\" target=\"_blank\" rel=\"noopener\">Diversamente Onlus<\/a> (Italie) et accompagn\u00e9es d&rsquo;une visite d&rsquo;\u00e9tude au Centre R\u00e9gional pour le D\u00e9sordre du Spectre Autistique (H\u00f4pital G. Brotzu) \u00e0 Cagliari.<\/span><\/p>\n<p><span style=\"font-size: 12pt\">Lors de ces r\u00e9unions, les repr\u00e9sentants des organisations europ\u00e9ennes de l&rsquo;autisme se sont r\u00e9unis pour discuter et voter sur les questions li\u00e9es aux activit\u00e9s d\u2019AE, ainsi qu\u2019\u00e0 l&rsquo;adh\u00e9sion de nouveaux membres. Ils ont eu l&rsquo;opportunit\u00e9 de partager leurs exp\u00e9riences sur des sujets tels que la qualit\u00e9 des services pour personnes autistes, et les bonnes pratiques en mati\u00e8re de sensibilisation \u00e0 l&rsquo;autisme.<\/span><\/p>\n<p><span style=\"font-size: 12pt\">Les points forts de ces r\u00e9unions ont \u00e9t\u00e9 la (r\u00e9) \u00e9lection des membres du Conseil d&rsquo;administration, qui compte aujourd&rsquo;hui 37 membres issus de 24 pays, et la d\u00e9cision d\u2019organiser le Congr\u00e8s international du XIIe AE \u00e0 Paris en 2019. Le congr\u00e8s sera organis\u00e9 par l\u2019association Autisme France.<\/span><\/p>\n","protected":false},"excerpt":{"rendered":"<p>Les associations Lietaus Vaikai (Lituanie), Autism Today (Bulgarie), JiM Foundation (Pologne) et Qudurati Centre (Arabie Saoudite) sont d\u00e9sormais des membres officiels d\u2019Autisme-Europe, suite \u00e0 la derni\u00e8re Assembl\u00e9e g\u00e9n\u00e9rale d&rsquo;Autisme-Europe (AE) &hellip; <\/p>\n<p class=\"link-more\"><a href=\"https:\/\/www.autismeurope.org\/fr\/blog\/2016\/05\/09\/ae-accueillit-quatre-nouveaux-asociations-membres-de-trois-nouveaux-pays\/\" class=\"more-link\">Continue reading<span class=\"screen-reader-text\"> \u00ab\u00a0AE accueillit quatre nouveaux asociations membres de trois nouveaux pays\u00a0\u00bb<\/span><\/a><\/p>\n","protected":false},"author":32,"featured_media":1945,"comment_status":"closed","ping_status":"closed","sticky":false,"template":"","format":"standard","meta":{"_acf_changed":false,"_bbp_topic_count":0,"_bbp_reply_count":0,"_bbp_total_topic_count":0,"_bbp_total_reply_count":0,"_bbp_voice_count":0,"_bbp_anonymous_reply_count":0,"_bbp_topic_count_hidden":0,"_bbp_reply_count_hidden":0,"_bbp_forum_subforum_count":0,"footnotes":""},"categories":[95],"tags":[2686,2773],"class_list":["post-5192","post","type-post","status-publish","format-standard","has-post-thumbnail","hentry","category-news-fr","tag-activites-ae","tag-partenariats-et-reseaux-europeens"],"acf":[],"_links":{"self":[{"href":"https:\/\/www.autismeurope.org\/fr\/wp-json\/wp\/v2\/posts\/5192","targetHints":{"allow":["GET"]}}],"collection":[{"href":"https:\/\/www.autismeurope.org\/fr\/wp-json\/wp\/v2\/posts"}],"about":[{"href":"https:\/\/www.autismeurope.org\/fr\/wp-json\/wp\/v2\/types\/post"}],"author":[{"embeddable":true,"href":"https:\/\/www.autismeurope.org\/fr\/wp-json\/wp\/v2\/users\/32"}],"replies":[{"embeddable":true,"href":"https:\/\/www.autismeurope.org\/fr\/wp-json\/wp\/v2\/comments?post=5192"}],"version-history":[{"count":2,"href":"https:\/\/www.autismeurope.org\/fr\/wp-json\/wp\/v2\/posts\/5192\/revisions"}],"predecessor-version":[{"id":27421,"href":"https:\/\/www.autismeurope.org\/fr\/wp-json\/wp\/v2\/posts\/5192\/revisions\/27421"}],"wp:featuredmedia":[{"embeddable":true,"href":"https:\/\/www.autismeurope.org\/fr\/wp-json\/wp\/v2\/media\/1945"}],"wp:attachment":[{"href":"https:\/\/www.autismeurope.org\/fr\/wp-json\/wp\/v2\/media?parent=5192"}],"wp:term":[{"taxonomy":"category","embeddable":true,"href":"https:\/\/www.autismeurope.org\/fr\/wp-json\/wp\/v2\/categories?post=5192"},{"taxonomy":"post_tag","embeddable":true,"href":"https:\/\/www.autismeurope.org\/fr\/wp-json\/wp\/v2\/tags?post=5192"}],"curies":[{"name":"wp","href":"https:\/\/api.w.org\/{rel}","templated":true}]}}