{"id":5206,"date":"2016-04-05T11:32:54","date_gmt":"2016-04-05T09:32:54","guid":{"rendered":"http:\/\/www.autismeurope.org\/fr\/?p=5206"},"modified":"2018-08-13T13:06:53","modified_gmt":"2018-08-13T11:06:53","slug":"la-national-autistic-society-lance-sa-plus-grande-campagne-de-sensibilisation-a-lautisme-too-much-information","status":"publish","type":"post","link":"https:\/\/www.autismeurope.org\/fr\/blog\/2016\/04\/05\/la-national-autistic-society-lance-sa-plus-grande-campagne-de-sensibilisation-a-lautisme-too-much-information\/","title":{"rendered":"La National Autistic Society lance sa campagne \u00ab Too much Information \u00bb"},"content":{"rendered":"<p><span style=\"font-size: 12pt\">Le 2 avril, la <em>National Autistic Society (NAS)<\/em> (Royaume-Uni) a diffus\u00e9 une vid\u00e9o pour le lancement de sa campagne \u00ab\u00a0<em>Too much information<\/em>\u00a0\u00bb (trop d\u2019informations), l\u2019une des plus vastes campagnes que la NAS ait men\u00e9e jusqu\u2019ici. Cette campagne entend aider le public \u00e0 mieux comprendre comment les personnes autistes appr\u00e9hendent le monde. Elle fait suite \u00e0 une enqu\u00eate men\u00e9e aupr\u00e8s de milliers de personnes autistes et familles r\u00e9v\u00e9lant que le public ne comprend \u00a0pas bien ce qu\u2019est l\u2019autisme.<\/span><\/p>\n<p><img loading=\"lazy\" decoding=\"async\" class=\"aligncenter wp-image-3560 size-full\" src=\"http:\/\/autismeurope.akimedia.eu\/wp-content\/uploads\/2017\/09\/Too-much-information-NAS.png\" alt=\"\" width=\"526\" height=\"493\" srcset=\"https:\/\/www.autismeurope.org\/wp-content\/uploads\/2017\/09\/Too-much-information-NAS.png 526w, https:\/\/www.autismeurope.org\/wp-content\/uploads\/2017\/09\/Too-much-information-NAS-300x281.png 300w\" sizes=\"auto, (max-width: 526px) 100vw, 526px\" \/><\/p>\n<p>&nbsp;<\/p>\n<p><span style=\"font-size: 12pt\">La vid\u00e9o met en sc\u00e8ne un enfant autiste susceptible d\u2019\u00eatre consid\u00e9r\u00e9 comme difficile par le public, mais dont le comportement est pr\u00e9sent\u00e9 \u00e0 la lumi\u00e8re de l\u2019autisme. Cette vid\u00e9o incite \u00e0 prendre conscience du fait qu\u2019un comportement \u00ab\u00a0difficile\u00a0\u00bb peut parfois \u00eatre symptomatique de l\u2019autisme (en raison d\u2019une hyper sensitivit\u00e9 sensorielle par exemple), et ne pas \u00eatre n\u00e9cessairement volontaire.<\/span><\/p>\n<p><span style=\"font-size: 12pt\">Cette vid\u00e9o \u00e9chos donc le th\u00e8me de la campagne d\u2019Autisme-Europe \u00ab\u00a0<a href=\"http:\/\/www.autismeurope.org\/activities\/world-autism-awareness-day\/world-autism-awareness-day-2015-4.html\" target=\"_blank\" rel=\"noopener\">Respect, acceptation, inclusion\u00a0<\/a>\u00bb, car elle montre qu\u2019il est possible d\u2019am\u00e9liorer le bien-\u00eatre des personnes autistes et de leurs familles par le simple fait de reconna\u00eetre et de mieux comprendre l\u2019autisme. Cela \u00f4terait aux personnes autistes et \u00e0 leurs familles la peur d\u2019\u00eatre mal jug\u00e9s et inciterait les autres personnes, dans leur communaut\u00e9, \u00e0 adopter une approche diff\u00e9rente en acceptant les personnes autistes telles qu\u2019elles sont, y compris avec tous leurs traits autistiques.<\/span><\/p>\n<p>&nbsp;<\/p>\n<blockquote><p><span style=\"font-size: 12pt\"><strong><a href=\"http:\/\/www.autism.org.uk\/get-involved\/tmi\/film.aspx\" target=\"_blank\" rel=\"noopener\">Visualiser la s\u00e9quence vid\u00e9o<\/a><\/strong><\/span><\/p>\n<p><span style=\"font-size: 12pt\"><strong><a href=\"http:\/\/www.autism.org.uk\/get-involved\/tmi\/map.aspx\">En savoir plus sur la campagne<\/a><\/strong><\/span><\/p><\/blockquote>\n<p>&nbsp;<\/p>\n","protected":false},"excerpt":{"rendered":"<p>Le 2 avril, la National Autistic Society (NAS) (Royaume-Uni) a diffus\u00e9 une vid\u00e9o pour le lancement de sa campagne \u00ab\u00a0Too much information\u00a0\u00bb (trop d\u2019informations), l\u2019une des plus vastes campagnes que &hellip; <\/p>\n<p class=\"link-more\"><a href=\"https:\/\/www.autismeurope.org\/fr\/blog\/2016\/04\/05\/la-national-autistic-society-lance-sa-plus-grande-campagne-de-sensibilisation-a-lautisme-too-much-information\/\" class=\"more-link\">Continue reading<span class=\"screen-reader-text\"> \u00ab\u00a0La National Autistic Society lance sa campagne \u00ab Too much Information \u00bb\u00a0\u00bb<\/span><\/a><\/p>\n","protected":false},"author":32,"featured_media":3560,"comment_status":"closed","ping_status":"closed","sticky":false,"template":"","format":"standard","meta":{"_acf_changed":false,"_bbp_topic_count":0,"_bbp_reply_count":0,"_bbp_total_topic_count":0,"_bbp_total_reply_count":0,"_bbp_voice_count":0,"_bbp_anonymous_reply_count":0,"_bbp_topic_count_hidden":0,"_bbp_reply_count_hidden":0,"_bbp_forum_subforum_count":0,"footnotes":""},"categories":[95],"tags":[2773,2772],"class_list":["post-5206","post","type-post","status-publish","format-standard","has-post-thumbnail","hentry","category-news-fr","tag-partenariats-et-reseaux-europeens","tag-sensibilisation"],"acf":[],"_links":{"self":[{"href":"https:\/\/www.autismeurope.org\/fr\/wp-json\/wp\/v2\/posts\/5206","targetHints":{"allow":["GET"]}}],"collection":[{"href":"https:\/\/www.autismeurope.org\/fr\/wp-json\/wp\/v2\/posts"}],"about":[{"href":"https:\/\/www.autismeurope.org\/fr\/wp-json\/wp\/v2\/types\/post"}],"author":[{"embeddable":true,"href":"https:\/\/www.autismeurope.org\/fr\/wp-json\/wp\/v2\/users\/32"}],"replies":[{"embeddable":true,"href":"https:\/\/www.autismeurope.org\/fr\/wp-json\/wp\/v2\/comments?post=5206"}],"version-history":[{"count":2,"href":"https:\/\/www.autismeurope.org\/fr\/wp-json\/wp\/v2\/posts\/5206\/revisions"}],"predecessor-version":[{"id":5208,"href":"https:\/\/www.autismeurope.org\/fr\/wp-json\/wp\/v2\/posts\/5206\/revisions\/5208"}],"wp:featuredmedia":[{"embeddable":true,"href":"https:\/\/www.autismeurope.org\/fr\/wp-json\/wp\/v2\/media\/3560"}],"wp:attachment":[{"href":"https:\/\/www.autismeurope.org\/fr\/wp-json\/wp\/v2\/media?parent=5206"}],"wp:term":[{"taxonomy":"category","embeddable":true,"href":"https:\/\/www.autismeurope.org\/fr\/wp-json\/wp\/v2\/categories?post=5206"},{"taxonomy":"post_tag","embeddable":true,"href":"https:\/\/www.autismeurope.org\/fr\/wp-json\/wp\/v2\/tags?post=5206"}],"curies":[{"name":"wp","href":"https:\/\/api.w.org\/{rel}","templated":true}]}}