{"id":5226,"date":"2016-02-06T12:33:42","date_gmt":"2016-02-06T11:33:42","guid":{"rendered":"http:\/\/www.autismeurope.org\/fr\/?p=5226"},"modified":"2018-08-13T14:40:05","modified_gmt":"2018-08-13T12:40:05","slug":"autisme-europe-a-rejoint-trois-nouveaux-projets-depuis-debut-2016","status":"publish","type":"post","link":"https:\/\/www.autismeurope.org\/fr\/blog\/2016\/02\/06\/autisme-europe-a-rejoint-trois-nouveaux-projets-depuis-debut-2016\/","title":{"rendered":"Autisme-Europe a rejoint trois nouveaux projets depuis d\u00e9but 2016"},"content":{"rendered":"<p><span style=\"font-size: 12pt\">Depuis janvier 2016, Autisme-Europe est devenu partenaire \u00e0 part enti\u00e8re de trois nouveaux projets europ\u00e9ens, auxquels s\u2019ajoutent deux autres projets d\u00e9j\u00e0 en cours\u00a0(les projets <a href=\"http:\/\/asdeu.eu\/\" target=\"_blank\" rel=\"noopener\">ASDEU<\/a>, \u00a0<a href=\"http:\/\/www.autismeurope.org\/fr\/projet-esipp-projet-de-developpement-de-pratiques-parentales-positives-pour-promouvoir-legalite-et-linclusion-sociale-2015-2018\/\" target=\"_blank\" rel=\"noopener\">ESIPP<\/a>):<\/span><\/p>\n<p><span style=\"font-size: 12pt\"><strong>Le projet de formation en \u00e9ducation sexuelle pour les personnes handicap\u00e9es (TRASE)<\/strong> vise \u00e0 d\u00e9velopper et \u00e0 \u00e9valuer un cours de formation pour les \u00e9ducateurs, les aidants, les professionnels, les enseignants et les parents dans le domaine de l\u2019\u00e9ducation sexuelle pour les personnes autistes ou atteintes d\u2019un handicap intellectuel. Les cours seront bas\u00e9s sur le mat\u00e9riel d\u00e9velopp\u00e9 par le <a href=\"http:\/\/www.autismeurope.org\/fr\/projet-sead-education-sexuelle-pour-les-personnes-atteintes-dun-handicap-intellectuel-2012-2015\/\" target=\"_blank\" rel=\"noopener\">projet SEAD<\/a> mais d\u2019autres outils seront \u00e9galement d\u00e9velopp\u00e9s. Le projet se poursuivra jusqu\u2019en 2017 dans le cadre du programme Erasmus+.<br \/>\n<\/span><\/p>\n<p><strong style=\"font-size: 12pt\">Le projet sur l\u2019interaction multimodale homme-machine pour l\u2019apprentissage et le d\u00e9veloppement de l\u2019imagination sociale chez les enfants avec autisme (DE-ENIGMA) <\/strong><span style=\"font-size: 12pt\">vise \u00e0 adapter des robots et \u00e9valuer leur efficacit\u00e9 \u00e0 soutenir les enfants autistes. Cette technologie permettra de cr\u00e9er une interaction homme-machine (IMH) multimodale, r\u00e9aliste, solide et capable de s\u2019adapter \u00e0 diff\u00e9rents contextes. Le projet, inscrit dans le cadre du programme Horizon 2020, se poursuivra jusqu\u2019en 2019.<\/span><\/p>\n<p><span style=\"font-size: 12pt\"><strong>Le projet <em>Autism and New Technologies <\/em>(Autisme et nouvelles technologies<\/strong>) est un projet de trois ans qui b\u00e9n\u00e9ficie du soutien de la Fondation Orange et de la Fondation UEFA. Ce projet est g\u00e9r\u00e9 par la Fondation Internationale de la Recherche Appliqu\u00e9e sur le Handicap (FIRAH). Il entend fournir une \u00e9valuation scientifique de l\u2019utilisation des nouvelles technologies pour les enfants handicap\u00e9s, \u00e2g\u00e9s de 2 \u00e0 18 ans. Le projet vise \u00e0 faciliter l\u2019acc\u00e8s au mat\u00e9riel et aux \u00e9quipements \u00e9ducationnels s\u2019appuyant sur les nouvelles technologies et adapt\u00e9s aux besoins sp\u00e9cifiques des enfants autistes et \u00e0 ceux de leurs familles, tels que les robots et les tablettes.<\/span><\/p>\n<p>&nbsp;<\/p>\n<blockquote><p><span style=\"font-size: 12pt\"><a href=\"http:\/\/www.autismeurope.org\/fr\/que-faisons-nous\/projets-europeens\/\" target=\"_blank\" rel=\"noopener\"><strong>En savoir plus sur l\u2019implication d\u2019Autisme-Europe dans ces projets europ\u00e9ens <\/strong><\/a><\/span><\/p><\/blockquote>\n<p>&nbsp;<\/p>\n","protected":false},"excerpt":{"rendered":"<p>Depuis janvier 2016, Autisme-Europe est devenu partenaire \u00e0 part enti\u00e8re de trois nouveaux projets europ\u00e9ens, auxquels s\u2019ajoutent deux autres projets d\u00e9j\u00e0 en cours\u00a0(les projets ASDEU, \u00a0ESIPP): Le projet de formation &hellip; <\/p>\n<p class=\"link-more\"><a href=\"https:\/\/www.autismeurope.org\/fr\/blog\/2016\/02\/06\/autisme-europe-a-rejoint-trois-nouveaux-projets-depuis-debut-2016\/\" class=\"more-link\">Continue reading<span class=\"screen-reader-text\"> \u00ab\u00a0Autisme-Europe a rejoint trois nouveaux projets depuis d\u00e9but 2016\u00a0\u00bb<\/span><\/a><\/p>\n","protected":false},"author":32,"featured_media":1945,"comment_status":"closed","ping_status":"closed","sticky":false,"template":"","format":"standard","meta":{"_acf_changed":false,"_bbp_topic_count":0,"_bbp_reply_count":0,"_bbp_total_topic_count":0,"_bbp_total_reply_count":0,"_bbp_voice_count":0,"_bbp_anonymous_reply_count":0,"_bbp_topic_count_hidden":0,"_bbp_reply_count_hidden":0,"_bbp_forum_subforum_count":0,"footnotes":""},"categories":[95],"tags":[2699],"class_list":["post-5226","post","type-post","status-publish","format-standard","has-post-thumbnail","hentry","category-news-fr","tag-projets-europeens"],"acf":[],"_links":{"self":[{"href":"https:\/\/www.autismeurope.org\/fr\/wp-json\/wp\/v2\/posts\/5226","targetHints":{"allow":["GET"]}}],"collection":[{"href":"https:\/\/www.autismeurope.org\/fr\/wp-json\/wp\/v2\/posts"}],"about":[{"href":"https:\/\/www.autismeurope.org\/fr\/wp-json\/wp\/v2\/types\/post"}],"author":[{"embeddable":true,"href":"https:\/\/www.autismeurope.org\/fr\/wp-json\/wp\/v2\/users\/32"}],"replies":[{"embeddable":true,"href":"https:\/\/www.autismeurope.org\/fr\/wp-json\/wp\/v2\/comments?post=5226"}],"version-history":[{"count":3,"href":"https:\/\/www.autismeurope.org\/fr\/wp-json\/wp\/v2\/posts\/5226\/revisions"}],"predecessor-version":[{"id":5229,"href":"https:\/\/www.autismeurope.org\/fr\/wp-json\/wp\/v2\/posts\/5226\/revisions\/5229"}],"wp:featuredmedia":[{"embeddable":true,"href":"https:\/\/www.autismeurope.org\/fr\/wp-json\/wp\/v2\/media\/1945"}],"wp:attachment":[{"href":"https:\/\/www.autismeurope.org\/fr\/wp-json\/wp\/v2\/media?parent=5226"}],"wp:term":[{"taxonomy":"category","embeddable":true,"href":"https:\/\/www.autismeurope.org\/fr\/wp-json\/wp\/v2\/categories?post=5226"},{"taxonomy":"post_tag","embeddable":true,"href":"https:\/\/www.autismeurope.org\/fr\/wp-json\/wp\/v2\/tags?post=5226"}],"curies":[{"name":"wp","href":"https:\/\/api.w.org\/{rel}","templated":true}]}}