{"id":5233,"date":"2017-01-20T16:46:29","date_gmt":"2017-01-20T15:46:29","guid":{"rendered":"http:\/\/www.autismeurope.org\/fr\/?p=5233"},"modified":"2018-08-13T15:04:18","modified_gmt":"2018-08-13T13:04:18","slug":"le-parlement-neerlandais-adopte-a-lunanimite-la-cnudph","status":"publish","type":"post","link":"https:\/\/www.autismeurope.org\/fr\/blog\/2017\/01\/20\/le-parlement-neerlandais-adopte-a-lunanimite-la-cnudph\/","title":{"rendered":"Le Parlement n\u00e9erlandais adopte \u00e0 l\u2019unanimit\u00e9 la CNUDPH"},"content":{"rendered":"<blockquote><p><strong><span style=\"font-size: 12pt\">En janvier 2016, la Chambre des Etats G\u00e9n\u00e9raux des Pays-Bas a accept\u00e9 la loi de ratification et la loi de mise en \u0153uvre de la <a href=\"http:\/\/www.un.org\/french\/disabilities\/default.asp?id=1413\" target=\"_blank\" rel=\"noopener\">Convention des Nations Unies relative aux droits des Personnes avec Autisme (CNUDPH)<\/a> \u00e0 la suite d\u2019un d\u00e9bat au S\u00e9nat. La prochaine \u00e9tape sera l\u2019adoption officielle et la ratification de la Convention par la Chambre.<\/span><\/strong><\/p><\/blockquote>\n<p><span style=\"font-size: 12pt\">L\u2019Alliance pour la mise en \u0153uvre de la Convention des Nations Unies \u0153uvre pour une ratification \u00e9clair\u00e9e et rapide de la convention ainsi que pour sa mise en \u0153uvre dynamique. Le texte passera prochainement devant le S\u00e9nat. Les Pays-Bas comptent parmi les derniers pays de l\u2019Union europ\u00e9enne, avec la Finlande et l\u2019Irlande, \u00e0 ne pas encore avoir ratifi\u00e9 la convention.<\/span><\/p>\n<blockquote><p><span style=\"font-size: 12pt\"><strong><a href=\"https:\/\/www.eerstekamer.nl\/commissievergadering\/20160126_22\" target=\"_blank\" rel=\"noopener\">En savoir plus<\/a> (NLDS)<\/strong><\/span><\/p>\n<p><span style=\"font-size: 12pt\"><strong><a href=\"http:\/\/www.autismeurope.org\/fr\/campagnes\/la-convention-des-nations-unies-relative-aux-droits-des-personnes-handicapees-cnudph\/\" target=\"_blank\" rel=\"noopener\">En savoir plus sur la CNUDPH<\/a><\/strong><\/span><\/p><\/blockquote>\n","protected":false},"excerpt":{"rendered":"<p>En janvier 2016, la Chambre des Etats G\u00e9n\u00e9raux des Pays-Bas a accept\u00e9 la loi de ratification et la loi de mise en \u0153uvre de la Convention des Nations Unies relative &hellip; <\/p>\n<p class=\"link-more\"><a href=\"https:\/\/www.autismeurope.org\/fr\/blog\/2017\/01\/20\/le-parlement-neerlandais-adopte-a-lunanimite-la-cnudph\/\" class=\"more-link\">Continue reading<span class=\"screen-reader-text\"> \u00ab\u00a0Le Parlement n\u00e9erlandais adopte \u00e0 l\u2019unanimit\u00e9 la CNUDPH\u00a0\u00bb<\/span><\/a><\/p>\n","protected":false},"author":32,"featured_media":4200,"comment_status":"closed","ping_status":"closed","sticky":false,"template":"","format":"standard","meta":{"_acf_changed":false,"_bbp_topic_count":0,"_bbp_reply_count":0,"_bbp_total_topic_count":0,"_bbp_total_reply_count":0,"_bbp_voice_count":0,"_bbp_anonymous_reply_count":0,"_bbp_topic_count_hidden":0,"_bbp_reply_count_hidden":0,"_bbp_forum_subforum_count":0,"footnotes":""},"categories":[95],"tags":[2720,2711],"class_list":["post-5233","post","type-post","status-publish","format-standard","has-post-thumbnail","hentry","category-news-fr","tag-cnudph","tag-politiques-nationales"],"acf":[],"_links":{"self":[{"href":"https:\/\/www.autismeurope.org\/fr\/wp-json\/wp\/v2\/posts\/5233","targetHints":{"allow":["GET"]}}],"collection":[{"href":"https:\/\/www.autismeurope.org\/fr\/wp-json\/wp\/v2\/posts"}],"about":[{"href":"https:\/\/www.autismeurope.org\/fr\/wp-json\/wp\/v2\/types\/post"}],"author":[{"embeddable":true,"href":"https:\/\/www.autismeurope.org\/fr\/wp-json\/wp\/v2\/users\/32"}],"replies":[{"embeddable":true,"href":"https:\/\/www.autismeurope.org\/fr\/wp-json\/wp\/v2\/comments?post=5233"}],"version-history":[{"count":2,"href":"https:\/\/www.autismeurope.org\/fr\/wp-json\/wp\/v2\/posts\/5233\/revisions"}],"predecessor-version":[{"id":27351,"href":"https:\/\/www.autismeurope.org\/fr\/wp-json\/wp\/v2\/posts\/5233\/revisions\/27351"}],"wp:featuredmedia":[{"embeddable":true,"href":"https:\/\/www.autismeurope.org\/fr\/wp-json\/wp\/v2\/media\/4200"}],"wp:attachment":[{"href":"https:\/\/www.autismeurope.org\/fr\/wp-json\/wp\/v2\/media?parent=5233"}],"wp:term":[{"taxonomy":"category","embeddable":true,"href":"https:\/\/www.autismeurope.org\/fr\/wp-json\/wp\/v2\/categories?post=5233"},{"taxonomy":"post_tag","embeddable":true,"href":"https:\/\/www.autismeurope.org\/fr\/wp-json\/wp\/v2\/tags?post=5233"}],"curies":[{"name":"wp","href":"https:\/\/api.w.org\/{rel}","templated":true}]}}