{"id":5300,"date":"2015-09-19T10:04:05","date_gmt":"2015-09-19T08:04:05","guid":{"rendered":"http:\/\/www.autismeurope.org\/fr\/?p=5300"},"modified":"2018-08-13T15:27:41","modified_gmt":"2018-08-13T13:27:41","slug":"jotradi-conference-finale","status":"publish","type":"post","link":"https:\/\/www.autismeurope.org\/fr\/blog\/2015\/09\/19\/jotradi-conference-finale\/","title":{"rendered":"JoTraDi \u2013 Conf\u00e9rence finale"},"content":{"rendered":"<p><img loading=\"lazy\" decoding=\"async\" class=\"aligncenter wp-image-3613\" src=\"http:\/\/autismeurope.akimedia.eu\/wp-content\/uploads\/2017\/09\/JoTraDi-consortium.jpg\" alt=\"\" width=\"700\" height=\"354\" srcset=\"https:\/\/www.autismeurope.org\/wp-content\/uploads\/2017\/09\/JoTraDi-consortium.jpg 1000w, https:\/\/www.autismeurope.org\/wp-content\/uploads\/2017\/09\/JoTraDi-consortium-300x152.jpg 300w, https:\/\/www.autismeurope.org\/wp-content\/uploads\/2017\/09\/JoTraDi-consortium-768x388.jpg 768w\" sizes=\"auto, (max-width: 700px) 100vw, 700px\" \/><\/p>\n<p>&nbsp;<\/p>\n<p><span style=\"font-size: 12pt\">Une conf\u00e9rence a \u00e9t\u00e9 organis\u00e9e \u00e0 Linz, en Autriche, le 18 septembre, en vue de discuter des r\u00e9sultats du projet JoTraDi, auquel a particip\u00e9 Autisme-Europe.<\/span><\/p>\n<p><span style=\"font-size: 12pt\">Le projet JoTraDi est un programme de formation pour les personnes d\u00e9sireuses de devenir \u00ab\u00a0coaches professionnels\u00a0\u00bb pour des personnes atteintes d\u2019un handicap intellectuel ou de troubles du spectre autistique (TSA)\u00a0; le projet se base sur une initiative d\u00e9velopp\u00e9e dans la Reggio d\u2019Emilie (Italie).\u00a0 JoTraDi entend contribuer \u00e0 faciliter la transition et l\u2019int\u00e9gration des personnes atteintes d\u2019un handicap mental en leur fournissant le soutien n\u00e9cessaire.<\/span><\/p>\n<p><span style=\"font-size: 12pt\">Les participants \u00e0 la conf\u00e9rence et les orateurs ont donn\u00e9 leurs impressions sur le projet et sur l\u2019utilit\u00e9 de soutenir ad\u00e9quatement l\u2019int\u00e9gration professionnelle des personnes ayant des besoins sp\u00e9cifiques. JoTraDi a b\u00e9n\u00e9fici\u00e9 du soutien financier du programme Lifelong Learning de la Commission europ\u00e9enne.<\/span><\/p>\n<p>&nbsp;<\/p>\n<blockquote><p><span style=\"font-size: 12pt\"><strong><a href=\"http:\/\/www.trainingforjob.eu\/wp\/last-partner-meeting\/\">En savoir plus<\/a><\/strong><\/span><\/p><\/blockquote>\n","protected":false},"excerpt":{"rendered":"<p>&nbsp; Une conf\u00e9rence a \u00e9t\u00e9 organis\u00e9e \u00e0 Linz, en Autriche, le 18 septembre, en vue de discuter des r\u00e9sultats du projet JoTraDi, auquel a particip\u00e9 Autisme-Europe. Le projet JoTraDi est &hellip; <\/p>\n<p class=\"link-more\"><a href=\"https:\/\/www.autismeurope.org\/fr\/blog\/2015\/09\/19\/jotradi-conference-finale\/\" class=\"more-link\">Continue reading<span class=\"screen-reader-text\"> \u00ab\u00a0JoTraDi \u2013 Conf\u00e9rence finale\u00a0\u00bb<\/span><\/a><\/p>\n","protected":false},"author":32,"featured_media":4216,"comment_status":"closed","ping_status":"closed","sticky":false,"template":"","format":"standard","meta":{"_acf_changed":false,"_bbp_topic_count":0,"_bbp_reply_count":0,"_bbp_total_topic_count":0,"_bbp_total_reply_count":0,"_bbp_voice_count":0,"_bbp_anonymous_reply_count":0,"_bbp_topic_count_hidden":0,"_bbp_reply_count_hidden":0,"_bbp_forum_subforum_count":0,"footnotes":""},"categories":[95],"tags":[2774,2699],"class_list":["post-5300","post","type-post","status-publish","format-standard","has-post-thumbnail","hentry","category-news-fr","tag-evenements-et-formations","tag-projets-europeens"],"acf":[],"_links":{"self":[{"href":"https:\/\/www.autismeurope.org\/fr\/wp-json\/wp\/v2\/posts\/5300","targetHints":{"allow":["GET"]}}],"collection":[{"href":"https:\/\/www.autismeurope.org\/fr\/wp-json\/wp\/v2\/posts"}],"about":[{"href":"https:\/\/www.autismeurope.org\/fr\/wp-json\/wp\/v2\/types\/post"}],"author":[{"embeddable":true,"href":"https:\/\/www.autismeurope.org\/fr\/wp-json\/wp\/v2\/users\/32"}],"replies":[{"embeddable":true,"href":"https:\/\/www.autismeurope.org\/fr\/wp-json\/wp\/v2\/comments?post=5300"}],"version-history":[{"count":1,"href":"https:\/\/www.autismeurope.org\/fr\/wp-json\/wp\/v2\/posts\/5300\/revisions"}],"predecessor-version":[{"id":5302,"href":"https:\/\/www.autismeurope.org\/fr\/wp-json\/wp\/v2\/posts\/5300\/revisions\/5302"}],"wp:featuredmedia":[{"embeddable":true,"href":"https:\/\/www.autismeurope.org\/fr\/wp-json\/wp\/v2\/media\/4216"}],"wp:attachment":[{"href":"https:\/\/www.autismeurope.org\/fr\/wp-json\/wp\/v2\/media?parent=5300"}],"wp:term":[{"taxonomy":"category","embeddable":true,"href":"https:\/\/www.autismeurope.org\/fr\/wp-json\/wp\/v2\/categories?post=5300"},{"taxonomy":"post_tag","embeddable":true,"href":"https:\/\/www.autismeurope.org\/fr\/wp-json\/wp\/v2\/tags?post=5300"}],"curies":[{"name":"wp","href":"https:\/\/api.w.org\/{rel}","templated":true}]}}