{"id":5631,"date":"2017-09-28T16:00:49","date_gmt":"2017-09-28T14:00:49","guid":{"rendered":"http:\/\/www.autismeurope.org\/fr\/?p=5631"},"modified":"2018-08-14T12:04:08","modified_gmt":"2018-08-14T10:04:08","slug":"lutter-contre-la-segregation-en-europe-par-leducation-inclusive","status":"publish","type":"post","link":"https:\/\/www.autismeurope.org\/fr\/blog\/2017\/09\/28\/lutter-contre-la-segregation-en-europe-par-leducation-inclusive\/","title":{"rendered":"Lutter contre la s\u00e9gr\u00e9gation en Europe par l&rsquo;\u00e9ducation inclusive"},"content":{"rendered":"<blockquote><p><span style=\"font-size: 12pt\"><strong><a href=\"https:\/\/book.coe.int\/eur\/fr\/commissaire-aux-droits-de-l-homme\/7440-pdf-lutter-contre-la-segregation-scolaire-en-europe-par-leducation-inclusive.html\" target=\"_blank\" rel=\"noopener\">T\u00e9l\u00e9charger<\/a><\/strong><\/span><\/p><\/blockquote>\n","protected":false},"excerpt":{"rendered":"<p>T\u00e9l\u00e9charger<\/p>\n","protected":false},"author":32,"featured_media":4109,"comment_status":"closed","ping_status":"closed","sticky":false,"template":"single-post.php","format":"standard","meta":{"_acf_changed":false,"_bbp_topic_count":0,"_bbp_reply_count":0,"_bbp_total_topic_count":0,"_bbp_total_reply_count":0,"_bbp_voice_count":0,"_bbp_anonymous_reply_count":0,"_bbp_topic_count_hidden":0,"_bbp_reply_count_hidden":0,"_bbp_forum_subforum_count":0,"footnotes":""},"categories":[129],"tags":[2770,2761,2698,2777,2776],"class_list":["post-5631","post","type-post","status-publish","format-standard","has-post-thumbnail","hentry","category-publication-externe","tag-actions-por-le-bien-etre","tag-education-fr-2","tag-institutions-europeennes","tag-promotion-des-droits","tag-ressources-recherche-et-publications"],"acf":[],"_links":{"self":[{"href":"https:\/\/www.autismeurope.org\/fr\/wp-json\/wp\/v2\/posts\/5631","targetHints":{"allow":["GET"]}}],"collection":[{"href":"https:\/\/www.autismeurope.org\/fr\/wp-json\/wp\/v2\/posts"}],"about":[{"href":"https:\/\/www.autismeurope.org\/fr\/wp-json\/wp\/v2\/types\/post"}],"author":[{"embeddable":true,"href":"https:\/\/www.autismeurope.org\/fr\/wp-json\/wp\/v2\/users\/32"}],"replies":[{"embeddable":true,"href":"https:\/\/www.autismeurope.org\/fr\/wp-json\/wp\/v2\/comments?post=5631"}],"version-history":[{"count":2,"href":"https:\/\/www.autismeurope.org\/fr\/wp-json\/wp\/v2\/posts\/5631\/revisions"}],"predecessor-version":[{"id":5633,"href":"https:\/\/www.autismeurope.org\/fr\/wp-json\/wp\/v2\/posts\/5631\/revisions\/5633"}],"wp:featuredmedia":[{"embeddable":true,"href":"https:\/\/www.autismeurope.org\/fr\/wp-json\/wp\/v2\/media\/4109"}],"wp:attachment":[{"href":"https:\/\/www.autismeurope.org\/fr\/wp-json\/wp\/v2\/media?parent=5631"}],"wp:term":[{"taxonomy":"category","embeddable":true,"href":"https:\/\/www.autismeurope.org\/fr\/wp-json\/wp\/v2\/categories?post=5631"},{"taxonomy":"post_tag","embeddable":true,"href":"https:\/\/www.autismeurope.org\/fr\/wp-json\/wp\/v2\/tags?post=5631"}],"curies":[{"name":"wp","href":"https:\/\/api.w.org\/{rel}","templated":true}]}}