{"id":5638,"date":"2016-07-01T12:45:53","date_gmt":"2016-07-01T10:45:53","guid":{"rendered":"http:\/\/www.autismeurope.org\/fr\/?p=5638"},"modified":"2018-08-14T12:08:58","modified_gmt":"2018-08-14T10:08:58","slug":"promouvoir-la-diversite-et-linclusion-grace-a-des-ajustements-dans-le-milieu-de-travail","status":"publish","type":"post","link":"https:\/\/www.autismeurope.org\/fr\/blog\/2016\/07\/01\/promouvoir-la-diversite-et-linclusion-grace-a-des-ajustements-dans-le-milieu-de-travail\/","title":{"rendered":"Promouvoir la diversit\u00e9 et l&rsquo;inclusion gr\u00e2ce \u00e0 des ajustements dans le milieu de travail"},"content":{"rendered":"","protected":false},"excerpt":{"rendered":"","protected":false},"author":32,"featured_media":1860,"comment_status":"closed","ping_status":"closed","sticky":false,"template":"single-post.php","format":"standard","meta":{"_acf_changed":false,"_bbp_topic_count":0,"_bbp_reply_count":0,"_bbp_total_topic_count":0,"_bbp_total_reply_count":0,"_bbp_voice_count":0,"_bbp_anonymous_reply_count":0,"_bbp_topic_count_hidden":0,"_bbp_reply_count_hidden":0,"_bbp_forum_subforum_count":0,"footnotes":""},"categories":[129],"tags":[2696,2775,2777,2776],"class_list":["post-5638","post","type-post","status-publish","format-standard","has-post-thumbnail","hentry","category-publication-externe","tag-emploi","tag-organes-internationaux","tag-promotion-des-droits","tag-ressources-recherche-et-publications"],"acf":[],"_links":{"self":[{"href":"https:\/\/www.autismeurope.org\/fr\/wp-json\/wp\/v2\/posts\/5638","targetHints":{"allow":["GET"]}}],"collection":[{"href":"https:\/\/www.autismeurope.org\/fr\/wp-json\/wp\/v2\/posts"}],"about":[{"href":"https:\/\/www.autismeurope.org\/fr\/wp-json\/wp\/v2\/types\/post"}],"author":[{"embeddable":true,"href":"https:\/\/www.autismeurope.org\/fr\/wp-json\/wp\/v2\/users\/32"}],"replies":[{"embeddable":true,"href":"https:\/\/www.autismeurope.org\/fr\/wp-json\/wp\/v2\/comments?post=5638"}],"version-history":[{"count":1,"href":"https:\/\/www.autismeurope.org\/fr\/wp-json\/wp\/v2\/posts\/5638\/revisions"}],"predecessor-version":[{"id":5639,"href":"https:\/\/www.autismeurope.org\/fr\/wp-json\/wp\/v2\/posts\/5638\/revisions\/5639"}],"wp:featuredmedia":[{"embeddable":true,"href":"https:\/\/www.autismeurope.org\/fr\/wp-json\/wp\/v2\/media\/1860"}],"wp:attachment":[{"href":"https:\/\/www.autismeurope.org\/fr\/wp-json\/wp\/v2\/media?parent=5638"}],"wp:term":[{"taxonomy":"category","embeddable":true,"href":"https:\/\/www.autismeurope.org\/fr\/wp-json\/wp\/v2\/categories?post=5638"},{"taxonomy":"post_tag","embeddable":true,"href":"https:\/\/www.autismeurope.org\/fr\/wp-json\/wp\/v2\/tags?post=5638"}],"curies":[{"name":"wp","href":"https:\/\/api.w.org\/{rel}","templated":true}]}}